{"id":629178,"date":"2024-08-09T00:02:38","date_gmt":"2024-08-09T06:02:38","guid":{"rendered":"https:\/\/www.diarioimagen.net\/?p=629178"},"modified":"2024-08-09T02:06:34","modified_gmt":"2024-08-09T08:06:34","slug":"hugo-piz-hernandez-nuevo-presidente-de-la-comision-de-transporte-de-la-asecem","status":"publish","type":"post","link":"https:\/\/www.diarioimagen.net\/?p=629178","title":{"rendered":"Hugo Piz Hern\u00e1ndez, nuevo presidente de la Comisi\u00f3n de Transporte de la ASECEM"},"content":{"rendered":"<p>&nbsp;<\/p>\n<p><a href=\"https:\/\/www.diarioimagen.net\/?attachment_id=629282\" rel=\"attachment wp-att-629282\"><img loading=\"lazy\" decoding=\"async\" class=\"aligncenter size-full wp-image-629282\" src=\"https:\/\/www.diarioimagen.net\/wp-content\/uploads\/2024\/08\/hugo-piz-hernadez.jpg\" alt=\"\" width=\"460\" height=\"270\" srcset=\"https:\/\/www.diarioimagen.net\/wp-content\/uploads\/2024\/08\/hugo-piz-hernadez.jpg 460w, https:\/\/www.diarioimagen.net\/wp-content\/uploads\/2024\/08\/hugo-piz-hernadez-240x141.jpg 240w\" sizes=\"auto, (max-width: 460px) 100vw, 460px\" \/><\/a><\/p>\n<p>&nbsp;<\/p>\n<p><strong>Tlalnepantla, Estado de M\u00e9xico.\u2014 <\/strong>Al rendir protesta como presidente de la Comisi\u00f3n de Transporte de la Asociaci\u00f3n de Empresarios y Ciudadanos (ASECEM), el empresario y especialista en temas de transporte y gr\u00faas, Hugo Piz Hern\u00e1ndez, se comprometi\u00f3 a trabajar intensamente para apoyar a este gremio en la lucha contra flagelos que afectan su actividad, como la extorsi\u00f3n y la corrupci\u00f3n.<\/p>\n<p>Durante el acto en el que la titular de la Secretar\u00eda de Salud del gobierno del Estado de M\u00e9xico, Macarena Montoya Olvera, le tom\u00f3 la protesta a dicho cargo, Piz Hern\u00e1ndez, indic\u00f3 que ante la problem\u00e1tica que enfrentan los empresarios del Estado de M\u00e9xico en esos temas, pondr\u00e1 todo de su parte, coordin\u00e1ndose con los tres niveles de gobierno, para contrarrestar ese fen\u00f3meno.<\/p>\n","protected":false},"excerpt":{"rendered":"<p>Al rendir protesta como presidente de la Comisi\u00f3n de Transporte de la Asociaci\u00f3n de Empresarios y Ciudadanos (ASECEM), el empresario y especialista en temas de transporte y gr\u00faas, Hugo Piz Hern\u00e1ndez, se comprometi\u00f3 a trabajar intensamente para apoyar a este gremio en la lucha contra flagelos que afectan su actividad, como la extorsi\u00f3n y la corrupci\u00f3n.<\/p>\n","protected":false},"author":3,"featured_media":629282,"comment_status":"open","ping_status":"open","sticky":false,"template":"","format":"standard","meta":{"_monsterinsights_skip_tracking":false,"_monsterinsights_sitenote_active":false,"_monsterinsights_sitenote_note":"","_monsterinsights_sitenote_category":0,"footnotes":""},"categories":[5],"tags":[90846,43675,169],"class_list":["post-629178","post","type-post","status-publish","format-standard","has-post-thumbnail","hentry","category-estado-de-mexico","tag-asecem","tag-estado-de-mexico","tag-tlalnepantla"],"_links":{"self":[{"href":"https:\/\/www.diarioimagen.net\/index.php?rest_route=\/wp\/v2\/posts\/629178","targetHints":{"allow":["GET"]}}],"collection":[{"href":"https:\/\/www.diarioimagen.net\/index.php?rest_route=\/wp\/v2\/posts"}],"about":[{"href":"https:\/\/www.diarioimagen.net\/index.php?rest_route=\/wp\/v2\/types\/post"}],"author":[{"embeddable":true,"href":"https:\/\/www.diarioimagen.net\/index.php?rest_route=\/wp\/v2\/users\/3"}],"replies":[{"embeddable":true,"href":"https:\/\/www.diarioimagen.net\/index.php?rest_route=%2Fwp%2Fv2%2Fcomments&post=629178"}],"version-history":[{"count":0,"href":"https:\/\/www.diarioimagen.net\/index.php?rest_route=\/wp\/v2\/posts\/629178\/revisions"}],"wp:featuredmedia":[{"embeddable":true,"href":"https:\/\/www.diarioimagen.net\/index.php?rest_route=\/wp\/v2\/media\/629282"}],"wp:attachment":[{"href":"https:\/\/www.diarioimagen.net\/index.php?rest_route=%2Fwp%2Fv2%2Fmedia&parent=629178"}],"wp:term":[{"taxonomy":"category","embeddable":true,"href":"https:\/\/www.diarioimagen.net\/index.php?rest_route=%2Fwp%2Fv2%2Fcategories&post=629178"},{"taxonomy":"post_tag","embeddable":true,"href":"https:\/\/www.diarioimagen.net\/index.php?rest_route=%2Fwp%2Fv2%2Ftags&post=629178"}],"curies":[{"name":"wp","href":"https:\/\/api.w.org\/{rel}","templated":true}]}}