{"id":629180,"date":"2024-08-09T00:01:12","date_gmt":"2024-08-09T06:01:12","guid":{"rendered":"https:\/\/www.diarioimagen.net\/?p=629180"},"modified":"2024-08-11T21:45:41","modified_gmt":"2024-08-12T03:45:41","slug":"el-miedo-a-volar-es-preocupacion-comun-aqui-te-damos-algunos-consejos-utiles-para-relajarte","status":"publish","type":"post","link":"https:\/\/www.diarioimagen.net\/?p=629180","title":{"rendered":"El miedo a volar es preocupaci\u00f3n com\u00fan; aqu\u00ed te damos algunos consejos \u00fatiles para relajarte"},"content":{"rendered":"<h2>De cinco estrellas<\/h2>\n<h5>Victoria Gonz\u00e1lez Prado<\/h5>\n<p>&nbsp;<\/p>\n<ul>\n<li><strong><em>Galer\u00eda Plaza Le\u00f3n abre sus puertas para posicionarse como un nuevo referente de lujo y comodidad <\/em><\/strong><\/li>\n<li><strong><em>La edici\u00f3n oto\u00f1o de <\/em>Mundo Joven Fest <em>ser\u00e1 el 7 y 8 de septiembre en el Centro Citibanamex<\/em><\/strong><\/li>\n<\/ul>\n<p>&nbsp;<\/p>\n<div id=\"attachment_629267\" style=\"width: 470px\" class=\"wp-caption aligncenter\"><a href=\"https:\/\/www.diarioimagen.net\/?attachment_id=629267\" rel=\"attachment wp-att-629267\"><img loading=\"lazy\" decoding=\"async\" aria-describedby=\"caption-attachment-629267\" class=\"size-full wp-image-629267\" src=\"https:\/\/www.diarioimagen.net\/wp-content\/uploads\/2024\/08\/turismo-estrellas-2.jpg\" alt=\"\" width=\"460\" height=\"270\" srcset=\"https:\/\/www.diarioimagen.net\/wp-content\/uploads\/2024\/08\/turismo-estrellas-2.jpg 460w, https:\/\/www.diarioimagen.net\/wp-content\/uploads\/2024\/08\/turismo-estrellas-2-240x141.jpg 240w\" sizes=\"auto, (max-width: 460px) 100vw, 460px\" \/><\/a><p id=\"caption-attachment-629267\" class=\"wp-caption-text\">Consejos para evitar el miedo a volar.<\/p><\/div>\n<p>&nbsp;<\/p>\n<p>El miedo a volar es una preocupaci\u00f3n com\u00fan que afecta a muchas personas en todo el mundo. Aunque volar es uno de los medios de transporte m\u00e1s seguros, esta experiencia puede generar ansiedad, especialmente entre los viajeros menos experimentados y aquellos que nunca han volado.<\/p>\n<p>Si t\u00fa tambi\u00e9n sientes ansiedad al volar y tienes un vuelo pr\u00f3ximo, no te preocupes. A continuaci\u00f3n, exploramos algunas estrategias efectivas antes y durante el vuelo para ayudarte a manejar tu miedo y lograr que tu viaje sea m\u00e1s placentero y menos estresante.<\/p>\n<p>Planificar el viaje con antelaci\u00f3n puede minimizar el estr\u00e9s. Elige la ruta m\u00e1s r\u00e1pida para reducir el tiempo en el aire y selecciona horarios que te permitan estar lo m\u00e1s relajado posible. Tambi\u00e9n se recomienda elegir asientos cerca de las alas del avi\u00f3n, ya que estas zonas suelen ser m\u00e1s estables y con menor sensaci\u00f3n de turbulencia.<\/p>\n<p>Empacar con cuidado es otra forma de prepararse para el vuelo. Lleva art\u00edculos de confort como una manta suave, almohada de viaje o un peluche, si eso te relaja. Tambi\u00e9n es \u00fatil empacar entretenimiento para mantener tu mente ocupada durante el vuelo, como libros, revistas, m\u00fasica o pel\u00edculas descargadas.<\/p>\n<p>Si el miedo a volar es particularmente intenso, puede ser \u00fatil hablar con un profesional de la salud antes del viaje. El m\u00e9dico puede recomendar medicamentos para la ansiedad que se pueden usar de manera segura durante el vuelo. Tambi\u00e9n pueden ofrecer consejos sobre t\u00e9cnicas de relajaci\u00f3n y manejo del estr\u00e9s.<\/p>\n<p>El d\u00eda del vuelo, es importante llegar al aeropuerto con tiempo suficiente para evitar el estr\u00e9s de \u00faltima hora. Esto permite pasar por los controles de seguridad sin prisas y tener tiempo para relajarse antes de abordar.<\/p>\n<p>En ocasiones la ansiedad antes de volar comienza desde la llegada al aeropuerto. La espera en las salas de abordar comunes suele ser ruidosa lo que puede aumentar la tensi\u00f3n, para mitigar esto es recomendable optar por esperar la hora de abordaje en una sala VIP, como las de <em>The Grand Lounge Elite. <\/em>Dentro de sus instalaciones, podr\u00e1s disfrutar de diversas experiencias de alta calidad de cortes\u00eda, como servicios de est\u00e9tica, masajes, spa, alimentos y bebidas, que te ayudar\u00e1n a despejar la mente y mantenerte relajado antes e incluso durante el vuelo.<\/p>\n<p>Una vez a bordo, mantener la mente ocupada es clave para manejar el miedo. Llevar libros, pel\u00edculas, m\u00fasica o incluso <em>puzzles<\/em> puede ser gran distracci\u00f3n. La comunicaci\u00f3n con la tripulaci\u00f3n de vuelo tambi\u00e9n es importante. Informar a los asistentes de vuelo sobre el miedo a volar puede asegurar que recibas apoyo adicional y atenci\u00f3n especial durante el viaje.<\/p>\n<p>Adem\u00e1s, aseg\u00farate de utilizar t\u00e9cnicas de relajaci\u00f3n durante el vuelo, como la respiraci\u00f3n profunda y los estiramientos, para ayudarte a mantener la calma. Recuerda que levantarse y moverse por la cabina cuando sea posible, puede aliviar la tensi\u00f3n y reducir el estr\u00e9s.<\/p>\n<p>Manejar el miedo a volar es un proceso que requiere tiempo y pr\u00e1ctica, pero con las estrategias adecuadas, es posible reducir significativamente la ansiedad y disfrutar de los viajes. Al adoptar estas pr\u00e1cticas que te compartimos, se puede transformar la experiencia de volar en algo manejable y, eventualmente, placentero.<\/p>\n<p>\u2730\u2730\u2730\u2730\u2730 Galer\u00eda Plaza Le\u00f3n en Guanajuato abre sus puertas para posicionarse como un nuevo referente de lujo y comodidad para los visitantes y residentes que buscan vivir la mejor experiencia del Baj\u00edo al ofrecer los m\u00e1s altos est\u00e1ndares de hospitalidad, impresionante arquitectura, innovaci\u00f3n tecnol\u00f3gica y servicios personalizados de clase mundial.<\/p>\n<p>Con una ubicaci\u00f3n privilegiada, situado en el boulevard <strong>Manuel J. Clouthier<\/strong>, cerca del coraz\u00f3n financiero de Le\u00f3n y de otros lugares de inter\u00e9s como el Club Campestre, el Parque Metropolitano de Le\u00f3n, el Parque Los C\u00e1rcamos y del centro de la ciudad, el m\u00e1s nuevo y moderno hotel <em>business class<\/em> de Grupo Brisas, con sus 176 habitaciones, proporciona m\u00e1ximo confort y entretenimiento a los hu\u00e9spedes con espacios acogedores y de vanguardia, as\u00ed como un ambiente equilibrado y de gran exclusividad, ideales para viajes de negocios o placer.<\/p>\n<p>Dise\u00f1ado para que los viajeros vivan lo mejor de la reconocida hospitalidad de la familia Brisas mientras conocen los atractivos de la ciudad o atienden sus reuniones empresariales. M\u00e1s all\u00e1 del tradicional hotel de ciudad, el inmueble incita a sus hu\u00e9spedes a quedarse a disfrutar la estancia en la propiedad con su oferta gastron\u00f3mica en su restaurante y <em>roof garden,<\/em> que cuenta con <em>sky bar,<\/em> albercas,<em> jacuzzis<\/em>, gimnasio y espacios de relajaci\u00f3n con vistas espectaculares en medio de la atm\u00f3sfera urbana.<\/p>\n<p>Para los viajeros de negocios, Galer\u00eda Plaza Le\u00f3n cuenta con un moderno business center y \u00e1reas de <em>co-working<\/em> ideales para reuniones y trabajo remoto. Adem\u00e1s, ofrece dos salas de negocio y m\u00faltiples salones para eventos con capacidad hasta para 500 personas y tecnolog\u00eda de punta, incluyendo un sal\u00f3n de eventos de 870 metros cuadrados divisible en tres partes, para garantizar el \u00e9xito y la comodidad de reuniones corporativas o celebraciones sociales.<\/p>\n<p>Adem\u00e1s de ofrecer internet gratuito en todas sus \u00e1reas, el hotel se destaca por su innovaci\u00f3n y desarrollo tecnol\u00f3gico al servicio de sus clientes a trav\u00e9s de Conectividad Brisas, herramienta digital que permite al hu\u00e9sped programar desde su dispositivo m\u00f3vil la apertura de su habitaci\u00f3n, controla el aire acondicionado, las luces y canales de televisi\u00f3n, adem\u00e1s de tener la opci\u00f3n de pedir <em>room service<\/em>. Con esta nueva aplicaci\u00f3n tecnol\u00f3gica, el hotel se posiciona como un destino perfecto de bienestar y servicios personalizados para una estad\u00eda balanceada que hace sentir a los hu\u00e9spedes como en casa.<\/p>\n<p>Galer\u00eda Plaza cuenta actualmente con propiedades en Ciudad de M\u00e9xico (Reforma y San Jer\u00f3nimo), Veracruz, Irapuato, Monterrey y ahora Le\u00f3n, todas ellas con el distintivo de <em>Preferred Hotels &amp; Resorts<\/em>, que garantiza la m\u00e1s alta calidad en servicios, instalaciones y experiencia para sus clientes.<\/p>\n<p>\u2730\u2730\u2730\u2730\u2730 <em>Mundo Joven Fest <\/em>en su edici\u00f3n Oto\u00f1o se llevar\u00e1 a cabo el 7 y 8 de septiembre en el Centro Citibanamex. Este espacio se consolida como un encuentro entre destinos tur\u00edsticos cl\u00e1sicos y en promoci\u00f3n, las mejores escuelas en el extranjero, aerol\u00edneas, oportunidades para crear experiencia laboral y, por supuesto, para explorar el mundo, ya sea por primera vez o como viajeros experimentados.<\/p>\n<p>Ser\u00e1 un punto de encuentro familiar, en pareja o en solitario que buscan conocer y aprender de nuevas culturas y darle sentido diferente a la vida. Participar\u00e1n expertos que ofrecer\u00e1n asesor\u00eda en estudios en el extranjero, seguros de viajero, tr\u00e1mites necesarios para visitar otros pa\u00edses. Adem\u00e1s, especial atenci\u00f3n a nichos de mercado, incluyendo viajes para mujeres que desean viajar solas, comunidad LGBT+ y adultos mayores.<\/p>\n<p><strong>Iv\u00e1n L\u00f3pez, <\/strong>director de Mundo Joven, dijo que este encuentro se da en un contexto hist\u00f3rico, pues cada vez m\u00e1s familias mexicanas buscan experiencias de viajes educativos y las instituciones educativas han impulsado un creciente inter\u00e9s por los viajes internacionales. \u201cEuropa sigue siendo un destino popular, pero hemos visto un aumento en el inter\u00e9s por regiones como Medio Oriente, el sudeste asi\u00e1tico y Latinoam\u00e9rica\u201d, destac\u00f3.<\/p>\n<p>Adem\u00e1s, mencion\u00f3 que las tendencias actuales, como el <em>K-Pop<\/em> y la devaluaci\u00f3n del yen, han hecho que destinos como Jap\u00f3n y Corea del Sur sean m\u00e1s accesibles para los mexicanos.<\/p>\n<p>El acceso a <em>Mundo Joven Fest<\/em> es gratuito, los interesados s\u00f3lo deben realizar su registro previo en <em>https:\/\/mundojovenfest.com\/estudios<\/em> en un horario de 10:00 a 20.00 horas.<\/p>\n<p>&nbsp;<\/p>\n<blockquote>\n<p style=\"text-align: right;\">\u201c<strong>El<\/strong> <strong>\u00e1ngel de la fama tiene sus alas hechas de papel&#8230; peri\u00f3dico\u201d.<br \/>\n<\/strong><\/p>\n<\/blockquote>\n<p>&nbsp;<\/p>\n<p><em><span class=\"Apple-converted-space\"><a href=\"mailto:victoriagprado@gmail.com\" target=\"_blank\" rel=\"noopener noreferrer\">victoriagprado@gmail.com<\/a><br \/>\n<\/span><\/em><span class=\"Apple-converted-space\">X<\/span><em><span class=\"Apple-converted-space\">: <a href=\"https:\/\/x.com\/victoriagprado\" target=\"_blank\" rel=\"noopener\">@victoriagprado<\/a><\/span><\/em><\/p>\n","protected":false},"excerpt":{"rendered":"<p>El miedo a volar es una preocupaci\u00f3n com\u00fan que afecta a muchas personas en todo el mundo. Aunque volar es uno de los medios de transporte m\u00e1s seguros, esta experiencia puede generar ansiedad, especialmente entre los viajeros menos experimentados y aquellos que nunca han volado.<\/p>\n","protected":false},"author":3,"featured_media":629267,"comment_status":"open","ping_status":"open","sticky":false,"template":"","format":"standard","meta":{"_monsterinsights_skip_tracking":false,"_monsterinsights_sitenote_active":false,"_monsterinsights_sitenote_note":"","_monsterinsights_sitenote_category":0,"footnotes":""},"categories":[11],"tags":[107,99257,106],"class_list":["post-629180","post","type-post","status-publish","format-standard","has-post-thumbnail","hentry","category-turismo","tag-de-cinco-estrellas","tag-opinion-turismo","tag-victoria-gonzalez-prado"],"_links":{"self":[{"href":"https:\/\/www.diarioimagen.net\/index.php?rest_route=\/wp\/v2\/posts\/629180","targetHints":{"allow":["GET"]}}],"collection":[{"href":"https:\/\/www.diarioimagen.net\/index.php?rest_route=\/wp\/v2\/posts"}],"about":[{"href":"https:\/\/www.diarioimagen.net\/index.php?rest_route=\/wp\/v2\/types\/post"}],"author":[{"embeddable":true,"href":"https:\/\/www.diarioimagen.net\/index.php?rest_route=\/wp\/v2\/users\/3"}],"replies":[{"embeddable":true,"href":"https:\/\/www.diarioimagen.net\/index.php?rest_route=%2Fwp%2Fv2%2Fcomments&post=629180"}],"version-history":[{"count":0,"href":"https:\/\/www.diarioimagen.net\/index.php?rest_route=\/wp\/v2\/posts\/629180\/revisions"}],"wp:featuredmedia":[{"embeddable":true,"href":"https:\/\/www.diarioimagen.net\/index.php?rest_route=\/wp\/v2\/media\/629267"}],"wp:attachment":[{"href":"https:\/\/www.diarioimagen.net\/index.php?rest_route=%2Fwp%2Fv2%2Fmedia&parent=629180"}],"wp:term":[{"taxonomy":"category","embeddable":true,"href":"https:\/\/www.diarioimagen.net\/index.php?rest_route=%2Fwp%2Fv2%2Fcategories&post=629180"},{"taxonomy":"post_tag","embeddable":true,"href":"https:\/\/www.diarioimagen.net\/index.php?rest_route=%2Fwp%2Fv2%2Ftags&post=629180"}],"curies":[{"name":"wp","href":"https:\/\/api.w.org\/{rel}","templated":true}]}}