{"id":629327,"date":"2024-08-12T00:06:40","date_gmt":"2024-08-12T06:06:40","guid":{"rendered":"https:\/\/www.diarioimagen.net\/?p=629327"},"modified":"2024-08-12T22:39:20","modified_gmt":"2024-08-13T04:39:20","slug":"ciudades-ancestrales-paisajes-sin-tiempo-portal-a-una-experiencia-artistica-de-realidad-aumentada","status":"publish","type":"post","link":"https:\/\/www.diarioimagen.net\/?p=629327","title":{"rendered":"\u201cCiudades ancestrales. Paisajes sin tiempo\u201d, portal a una experiencia art\u00edstica de realidad aumentada"},"content":{"rendered":"<p>&nbsp;<\/p>\n<div id=\"attachment_629409\" style=\"width: 470px\" class=\"wp-caption aligncenter\"><a href=\"https:\/\/www.diarioimagen.net\/?attachment_id=629409\" rel=\"attachment wp-att-629409\"><img loading=\"lazy\" decoding=\"async\" aria-describedby=\"caption-attachment-629409\" class=\"size-full wp-image-629409\" src=\"https:\/\/www.diarioimagen.net\/wp-content\/uploads\/2024\/08\/uaem-ciudades.jpg\" alt=\"\" width=\"460\" height=\"270\" srcset=\"https:\/\/www.diarioimagen.net\/wp-content\/uploads\/2024\/08\/uaem-ciudades.jpg 460w, https:\/\/www.diarioimagen.net\/wp-content\/uploads\/2024\/08\/uaem-ciudades-240x141.jpg 240w\" sizes=\"auto, (max-width: 460px) 100vw, 460px\" \/><\/a><p id=\"caption-attachment-629409\" class=\"wp-caption-text\">En la Galer\u00eda Universitaria \u201cFernando Cano\u201d del Edificio de Rector\u00eda, la UAEM\u00e9x exhibe \u201cCiudades ancestrales. Paisajes sin tiempo\u201d, exposici\u00f3n de Juan Manuel Pav\u00f3n, artista pl\u00e1stico, fot\u00f3grafo, ilustrador y animador digital.<\/p><\/div>\n<p>&nbsp;<\/p>\n<p><strong>Toluca, Estado de M\u00e9xico.<\/strong>\u2014 En una \u00e9poca en la que las redes sociales hacen que cualquier imagen impresionante dure apenas un instante, un parpadeo, para no volverla a ver nunca, el acto de ser artista y, en particular, artista pl\u00e1stico, es como siempre lo ha sido, un acto de rebeld\u00eda, pero hoy m\u00e1s que nunca, un acto valiente, mediante el que, con base en el arte, se procura generar un cambio social genuino, afirm\u00f3 Juan Manuel Pav\u00f3n.<\/p>\n<p>En la Galer\u00eda Universitaria \u201cFernando Cano\u201d del Edificio de Rector\u00eda, donde la Universidad Aut\u00f3noma del Estado de M\u00e9xico (UAEM\u00e9x) exhibe \u201cCiudades ancestrales. Paisajes sin tiempo\u201d, exposici\u00f3n de su autor\u00eda, el artista pl\u00e1stico, fot\u00f3grafo, ilustrador y animador digital asever\u00f3 que cualquier exposici\u00f3n de pl\u00e1stica tiene un enorme potencial para motivar un cambio en el espectador.<\/p>\n<p>Indic\u00f3 que \u201cCiudades ancestrales. Paisajes sin tiempo\u201d apuesta a cambiar la forma en que los espectadores ven la ciudad y se perciben a s\u00ed mismos como sujetos que forman parte de un colectivo humano y con el potencial para cambiar el statu quo. Pretende despertar en el espectador la consideraci\u00f3n de la posibilidad de un cambio.<\/p>\n<p>Por otra parte, consider\u00f3 necesario que p\u00fablico de todas las edades se tome el tiempo y espacio para, en silencio, enfrentarse a una pintura, para contemplarla y dejar que a partir de la interiorizaci\u00f3n del arte opere el cambio.<\/p>\n<p>\u201cCiudades ancestrales. Paisajes sin tiempo\u201d, abierta al p\u00fablico en general hasta el pr\u00f3ximo mes de septiembre, es una muestra itinerante conformada por un total de 55 obras: 30 pinturas, 15 fotograf\u00edas y 10 dibujos, adem\u00e1s de una selecci\u00f3n de animaciones que han destacado en festivales internacionales como Annecy, en Francia, y Animasivo, en M\u00e9xico, que es enriquecida, a trav\u00e9s de la realidad aumentada, recurriendo a la aplicaci\u00f3n Artivive.\u00a0 En cada lienzo vac\u00edo, sostuvo, he encontrado un posible planeta habitable y estas obras son el resultado de la fusi\u00f3n entre la pl\u00e1stica art\u00edstica, la ciencia ficci\u00f3n y la animaci\u00f3n. Ofrecen atm\u00f3sferas desoladas, pero vibrantes, en las que la arquitectura y la tempestad conviven en un equilibrio est\u00e9tico din\u00e1mico. Asimismo, exploran el arquet\u00edpico viaje del h\u00e9roe, el mito ancestral en el cual la protagonista es la humanidad misma y el antagonista es el paisaje y viceversa.<\/p>\n<p>Cada lienzo de \u201cCiudades ancestrales. Paisajes sin tiempo\u201d es un portal a una experiencia de realidad aumentada, donde la narrativa se extiende y cobra vida.<\/p>\n<p>La Galer\u00eda Universitaria \u201cFernando Cano\u201d, ubicada en el Edificio de Rector\u00eda de la UAEM\u00e9x, est\u00e1 abierta al p\u00fablico en general de lunes a viernes de 10 a 18 horas y s\u00e1bados y domingos de 10 a 17 horas.<\/p>\n","protected":false},"excerpt":{"rendered":"<p>En una \u00e9poca en la que las redes sociales hacen que cualquier imagen impresionante dure apenas un instante, un parpadeo, para no volverla a ver nunca, el acto de ser artista y, en particular, artista pl\u00e1stico, es como siempre lo ha sido, un acto de rebeld\u00eda, pero hoy m\u00e1s que nunca, un acto valiente, mediante el que, con base en el arte, se procura generar un cambio social genuino, afirm\u00f3 Juan Manuel Pav\u00f3n.<\/p>\n","protected":false},"author":3,"featured_media":629409,"comment_status":"open","ping_status":"open","sticky":false,"template":"","format":"standard","meta":{"_monsterinsights_skip_tracking":false,"_monsterinsights_sitenote_active":false,"_monsterinsights_sitenote_note":"","_monsterinsights_sitenote_category":0,"footnotes":""},"categories":[5],"tags":[100568,95113,53471,67878],"class_list":["post-629327","post","type-post","status-publish","format-standard","has-post-thumbnail","hentry","category-estado-de-mexico","tag-ancestrales","tag-ciudades","tag-realidad","tag-uaemex"],"_links":{"self":[{"href":"https:\/\/www.diarioimagen.net\/index.php?rest_route=\/wp\/v2\/posts\/629327","targetHints":{"allow":["GET"]}}],"collection":[{"href":"https:\/\/www.diarioimagen.net\/index.php?rest_route=\/wp\/v2\/posts"}],"about":[{"href":"https:\/\/www.diarioimagen.net\/index.php?rest_route=\/wp\/v2\/types\/post"}],"author":[{"embeddable":true,"href":"https:\/\/www.diarioimagen.net\/index.php?rest_route=\/wp\/v2\/users\/3"}],"replies":[{"embeddable":true,"href":"https:\/\/www.diarioimagen.net\/index.php?rest_route=%2Fwp%2Fv2%2Fcomments&post=629327"}],"version-history":[{"count":0,"href":"https:\/\/www.diarioimagen.net\/index.php?rest_route=\/wp\/v2\/posts\/629327\/revisions"}],"wp:featuredmedia":[{"embeddable":true,"href":"https:\/\/www.diarioimagen.net\/index.php?rest_route=\/wp\/v2\/media\/629409"}],"wp:attachment":[{"href":"https:\/\/www.diarioimagen.net\/index.php?rest_route=%2Fwp%2Fv2%2Fmedia&parent=629327"}],"wp:term":[{"taxonomy":"category","embeddable":true,"href":"https:\/\/www.diarioimagen.net\/index.php?rest_route=%2Fwp%2Fv2%2Fcategories&post=629327"},{"taxonomy":"post_tag","embeddable":true,"href":"https:\/\/www.diarioimagen.net\/index.php?rest_route=%2Fwp%2Fv2%2Ftags&post=629327"}],"curies":[{"name":"wp","href":"https:\/\/api.w.org\/{rel}","templated":true}]}}