{"id":629329,"date":"2024-08-12T00:07:00","date_gmt":"2024-08-12T06:07:00","guid":{"rendered":"https:\/\/www.diarioimagen.net\/?p=629329"},"modified":"2024-08-13T01:08:32","modified_gmt":"2024-08-13T07:08:32","slug":"uaemex-cuenta-con-13-salas-de-lactancia-acreditadas-por-la-secretaria-de-salud","status":"publish","type":"post","link":"https:\/\/www.diarioimagen.net\/?p=629329","title":{"rendered":"UAEM\u00e9x cuenta con 13 salas de lactancia acreditadas por la Secretar\u00eda de Salud"},"content":{"rendered":"<p>&nbsp;<\/p>\n<div id=\"attachment_629411\" style=\"width: 470px\" class=\"wp-caption aligncenter\"><a href=\"https:\/\/www.diarioimagen.net\/?attachment_id=629411\" rel=\"attachment wp-att-629411\"><img loading=\"lazy\" decoding=\"async\" aria-describedby=\"caption-attachment-629411\" class=\"size-full wp-image-629411\" src=\"https:\/\/www.diarioimagen.net\/wp-content\/uploads\/2024\/08\/uaem-salas-lactancia.jpg\" alt=\"\" width=\"460\" height=\"270\" srcset=\"https:\/\/www.diarioimagen.net\/wp-content\/uploads\/2024\/08\/uaem-salas-lactancia.jpg 460w, https:\/\/www.diarioimagen.net\/wp-content\/uploads\/2024\/08\/uaem-salas-lactancia-240x141.jpg 240w\" sizes=\"auto, (max-width: 460px) 100vw, 460px\" \/><\/a><p id=\"caption-attachment-629411\" class=\"wp-caption-text\">Este a\u00f1o, cinco fueron acreditadas y tres m\u00e1s recertificadas con el distintivo \u201cSala Amiga de la de Lactancia Materna\u201d.<\/p><\/div>\n<p>&nbsp;<\/p>\n<p><strong>Toluca, Estado de M\u00e9xico.<\/strong>\u2014 Las 13 salas de lactancia materna de la\u00a0 Universidad Aut\u00f3noma del Estado de M\u00e9xico (UAEM\u00e9x) cuentan con el Distintivo Dorado \u201cSala Amiga de la de Lactancia Materna\u201d que otorga la Secretar\u00eda de Salud y la Coordinaci\u00f3n Estatal de Salas de Lactancia y Bancos de Leche.<\/p>\n<p>En el marco de la semana mundial y el mes estatal de la lactancia materna, este a\u00f1o fueron acreditadas cinco salas de lactancia y tres fueron recertificadas, las cuales se suman a cinco m\u00e1s que cuentan con la certificaci\u00f3n vigente al 2025.<\/p>\n<p>Este distintivo tiene una vigencia de dos a\u00f1os y es otorgado a las salas de lactancia de las instituciones p\u00fablicas y privadas que cuentan con los requisitos establecidos por la Secretar\u00eda de Salud y la Coordinaci\u00f3n Estatal de Salas de Lactancia y Bancos de Leche como infraestructura, procesos y recursos que permitan a las madres en periodo de lactancia tener un espacio digno, privado, higi\u00e9nico y c\u00f3modo para la extracci\u00f3n de leche materna o amamantar a sus beb\u00e9s.<\/p>\n<p>La Aut\u00f3noma mexiquense cumple con el marco normativo estatal y federal en la materia, en beneficio de su comunidad, evita ausentismo laboral de madres y padres por esta causa, ofrece la posibilidad de conciliar la vida familiar y laboral y atiende lo establecido en los contratos colectivos de trabajo.<\/p>\n<p>Las salas de lactancia de la UAEM\u00e9x se encuentran ubicadas en el Centro Universitario Valle de Chalco, Centro Universitario Valle de M\u00e9xico, Plantel \u201cIgnacio Ram\u00edrez Calzada\u201d de la Escuela Preparatoria, Direcci\u00f3n de Tecnolog\u00edas de la Informaci\u00f3n y Comunicaciones,\u00a0 Edificio UAEMITAS, la Coordinaci\u00f3n Institucional de Equidad de G\u00e9nero, Facultad de Enfermer\u00eda y Obstetricia, Edificio Administrativo de la UAEM\u00e9x, Edificio de Servicios al Estudiante, Plantel \u201cDr. Pablo Gonz\u00e1lez Casanova\u201d de la Escuela Preparatoria, Centro Universitario Atlacomulco, Unidad Acad\u00e9mica Profesional Acolman y la Facultad de Ciencias.<\/p>\n<p>Para acceder a este espacio es necesario acercarse con la persona encargada de la sala de lactancia y solicitar el acceso, hacer un registro y atender los protocolos de higiene.<\/p>\n","protected":false},"excerpt":{"rendered":"<p>Las 13 salas de lactancia materna de la\u00a0 Universidad Aut\u00f3noma del Estado de M\u00e9xico (UAEM\u00e9x) cuentan con el Distintivo Dorado \u201cSala Amiga de la de Lactancia Materna\u201d que otorga la Secretar\u00eda de Salud y la Coordinaci\u00f3n Estatal de Salas de Lactancia y Bancos de Leche.<\/p>\n","protected":false},"author":3,"featured_media":629411,"comment_status":"open","ping_status":"open","sticky":false,"template":"","format":"standard","meta":{"_monsterinsights_skip_tracking":false,"_monsterinsights_sitenote_active":false,"_monsterinsights_sitenote_note":"","_monsterinsights_sitenote_category":0,"footnotes":""},"categories":[5],"tags":[432,67878],"class_list":["post-629329","post","type-post","status-publish","format-standard","has-post-thumbnail","hentry","category-estado-de-mexico","tag-secretaria-de-salud","tag-uaemex"],"_links":{"self":[{"href":"https:\/\/www.diarioimagen.net\/index.php?rest_route=\/wp\/v2\/posts\/629329","targetHints":{"allow":["GET"]}}],"collection":[{"href":"https:\/\/www.diarioimagen.net\/index.php?rest_route=\/wp\/v2\/posts"}],"about":[{"href":"https:\/\/www.diarioimagen.net\/index.php?rest_route=\/wp\/v2\/types\/post"}],"author":[{"embeddable":true,"href":"https:\/\/www.diarioimagen.net\/index.php?rest_route=\/wp\/v2\/users\/3"}],"replies":[{"embeddable":true,"href":"https:\/\/www.diarioimagen.net\/index.php?rest_route=%2Fwp%2Fv2%2Fcomments&post=629329"}],"version-history":[{"count":0,"href":"https:\/\/www.diarioimagen.net\/index.php?rest_route=\/wp\/v2\/posts\/629329\/revisions"}],"wp:featuredmedia":[{"embeddable":true,"href":"https:\/\/www.diarioimagen.net\/index.php?rest_route=\/wp\/v2\/media\/629411"}],"wp:attachment":[{"href":"https:\/\/www.diarioimagen.net\/index.php?rest_route=%2Fwp%2Fv2%2Fmedia&parent=629329"}],"wp:term":[{"taxonomy":"category","embeddable":true,"href":"https:\/\/www.diarioimagen.net\/index.php?rest_route=%2Fwp%2Fv2%2Fcategories&post=629329"},{"taxonomy":"post_tag","embeddable":true,"href":"https:\/\/www.diarioimagen.net\/index.php?rest_route=%2Fwp%2Fv2%2Ftags&post=629329"}],"curies":[{"name":"wp","href":"https:\/\/api.w.org\/{rel}","templated":true}]}}