{"id":629331,"date":"2024-08-12T00:01:09","date_gmt":"2024-08-12T06:01:09","guid":{"rendered":"https:\/\/www.diarioimagen.net\/?p=629331"},"modified":"2024-08-13T22:16:48","modified_gmt":"2024-08-14T04:16:48","slug":"sin-cobrar-millones-de-pesos-por-agua-para-uso-agroindustrial","status":"publish","type":"post","link":"https:\/\/www.diarioimagen.net\/?p=629331","title":{"rendered":"Sin cobrar, millones de pesos por agua para uso agroindustrial"},"content":{"rendered":"<p>&nbsp;<\/p>\n<h2 style=\"text-align: center;\">Denuncian impunidad fiscal<\/h2>\n<p>&nbsp;<\/p>\n<ul>\n<li><strong><em>Existe sub-recaudaci\u00f3n ante el otorgamiento de concesiones a particulares<\/em><\/strong><\/li>\n<\/ul>\n<p>&nbsp;<\/p>\n<div id=\"attachment_629422\" style=\"width: 470px\" class=\"wp-caption aligncenter\"><a href=\"https:\/\/www.diarioimagen.net\/?attachment_id=629422\" rel=\"attachment wp-att-629422\"><img loading=\"lazy\" decoding=\"async\" aria-describedby=\"caption-attachment-629422\" class=\"size-full wp-image-629422\" src=\"https:\/\/www.diarioimagen.net\/wp-content\/uploads\/2024\/08\/sin-cobrar-millones.jpg\" alt=\"\" width=\"460\" height=\"270\" srcset=\"https:\/\/www.diarioimagen.net\/wp-content\/uploads\/2024\/08\/sin-cobrar-millones.jpg 460w, https:\/\/www.diarioimagen.net\/wp-content\/uploads\/2024\/08\/sin-cobrar-millones-240x141.jpg 240w\" sizes=\"auto, (max-width: 460px) 100vw, 460px\" \/><\/a><p id=\"caption-attachment-629422\" class=\"wp-caption-text\">El gobierno federal dej\u00f3 de recaudar al menos 43 mil millones de pesos al a\u00f1o por no cobrar el consumo de agua de uso industrial, comercial y agroindustrial.<\/p><\/div>\n<p>&nbsp;<\/p>\n<p>De acuerdo a un estudio realizado por especialistas, La Comisi\u00f3n Nacional del Agua (Conagua) dej\u00f3 de recaudar al menos 43 mil millones de pesos al a\u00f1o por no cobrar el consumo de agua de uso industrial, comercial y agroindustrial.<\/p>\n<p>La especialista y activista Elena Burns, ex funcionaria en esta dependencia federal, explic\u00f3 que se lleg\u00f3 a esta conclusi\u00f3n al comparar cu\u00e1nta agua est\u00e1 concesionada a estos sectores con el n\u00famero de usuarios en el padr\u00f3n \u00fanico, as\u00ed como el volumen que est\u00e1n declarando y pagando, por lo que existe sub recaudaci\u00f3n.<\/p>\n<p>Los usuarios que est\u00e1n en esta situaci\u00f3n van desde papeleras, mineras, ingenios e incluso instalaciones federales, como las pertenecientes a Petr\u00f3leos Mexicanos (Pemex), dice la especialista, quien actualmente trabaja, junto con otros investigadores, en la conformaci\u00f3n de una Contralor\u00eda Nacional Aut\u00f3noma del Agua.<\/p>\n<p>\u201cLos ingenios que son parte de los 40 usuarios m\u00e1s importantes, son como ocho y est\u00e1n, muchos, asociados con las refresqueras (\u2026); de la administraci\u00f3n federal est\u00e1 CFE y Pemex, que estar\u00edan en esa misma situaci\u00f3n que las refresqueras, que los ingenios, que las mineras.<\/p>\n<p>Enfatiz\u00f3 en que los 43 mil millones que calcularon no se est\u00e1n cobrando por el uso de aguas nacionales es s\u00f3lo para los rubros de industria, agroindustria, servicios y comercio, pero esta cifra podr\u00eda aumentar \u201cen una estimaci\u00f3n conservadora\u201d a 60 mil millones si se suman los usos de zonas federales, hidroel\u00e9ctricas, extracci\u00f3n de materiales p\u00e9treos, as\u00ed como el cobro por los trasvases y por las descargas.<\/p>\n<p>\u201cCon varios investigadores dedicamos mucho tiempo porque no d\u00e1bamos cr\u00e9dito y fuimos, con la Auditor\u00eda Superior de la Federaci\u00f3n, documentando estos 43 mil millones que no se est\u00e1n recaudando.<\/p>\n<p>\u201cPero estimamos que no s\u00f3lo son 43 mil, sino que llegar\u00eda a 60 mil millones por otros usos en donde tambi\u00e9n estamos viendo las evidencias de la sub recaudaci\u00f3n, pero ah\u00ed no tuvimos ni los datos ni el tiempo para ir a ese nivel de certeza y detalle\u201d, expres\u00f3 Burns.<\/p>\n<p style=\"text-align: center;\"><strong>Desenso en volumen de ingresos<\/strong><\/p>\n<p>Indic\u00f3 que recabaron datos de la Conagua desde 2011 e identificaron un patr\u00f3n muy similar desde ese a\u00f1o hasta 2024, en que hay un descenso anual en el volumen de ingresos declarado, lo cual atribuye a que los usuarios se dan cuenta de que no importa si pagan o no por sus consumos, pues en cualquier caso no hay consecuencias.<\/p>\n<p>Elena Burns agreg\u00f3 que esta dependencia podr\u00eda afrontar y resolver la sub recaudaci\u00f3n si tuviera voluntad para hacerlo, pues tiene la facultad de quitar cualquier volumen de agua que no se paga, no se declara y no se usa, pero no lo hace<\/p>\n<p>La impunidad, abund\u00f3, ha generado esa autorregulaci\u00f3n por parte de los grandes consumidores en la que no hay medidores de agua, cada quien reporta sus usos y es consecuencia del ambiente que se ha creado con la Ley de Aguas Nacionales vigente.<\/p>\n<p style=\"text-align: center;\"><strong>Qu\u00e9 dice la Conagua<\/strong><\/p>\n<p>\u00a0Por su parte, Conagua rechaz\u00f3 que exista una sub recaudaci\u00f3n por el uso de agua en consumidores, y asegur\u00f3 que afirmar lo contrario exhibe un total desconocimiento del marco fiscal que rige las aguas nacionales.<\/p>\n<p>Afirm\u00f3 que no existe \u201cimpunidad fiscal\u201d para nadie, \u201cpor el contrario, la actual administraci\u00f3n federal aplica la ley sin distingo de persona alguna.<\/p>\n<p>Dentro del marco legal aplicable, se propicia que los contribuyentes cumplan con sus obligaciones fiscales de manera espont\u00e1nea para evitar que incurran en omisi\u00f3n o morosidad de pago\u201d.<\/p>\n<p>La dependencia sostuvo que no hay pruebas de una sub recaudaci\u00f3n y la conclusi\u00f3n se hace utilizando una metodolog\u00eda \u201ccompletamente err\u00f3nea\u201d, al comparar el n\u00famero total de titulares de concesiones y asignaciones registrados en el Registro P\u00fablico de los Derechos del Agua (REPDA) contra el supuesto n\u00famero total de titulares que pagaron derechos en 2023.<\/p>\n<p>Esto, \u201csin considerar las particularidades propias de cada t\u00edtulo de concesi\u00f3n o asignaci\u00f3n ni las propias exenciones de pago de derechos establecidas en la Ley Federal de Derechos, como los usos agr\u00edcola y pecuario (que ocupan gran parte de los usos concesionados), ni el uso de las poblaciones rurales de hasta 2 mil 500 habitantes, entre otras\u201d.<\/p>\n","protected":false},"excerpt":{"rendered":"<p>De acuerdo a un estudio realizado por especialistas, La Comisi\u00f3n Nacional del Agua (Conagua) dej\u00f3 de recaudar al menos 43 mil millones de pesos al a\u00f1o por no cobrar el consumo de agua de uso industrial, comercial y agroindustrial.<\/p>\n","protected":false},"author":3,"featured_media":629422,"comment_status":"open","ping_status":"open","sticky":false,"template":"","format":"standard","meta":{"_monsterinsights_skip_tracking":false,"_monsterinsights_sitenote_active":false,"_monsterinsights_sitenote_note":"","_monsterinsights_sitenote_category":0,"footnotes":""},"categories":[17,8],"tags":[100569,162,7429],"class_list":["post-629331","post","type-post","status-publish","format-standard","has-post-thumbnail","hentry","category-especiales","category-finanzas","tag-agroindustria","tag-agua","tag-cobro"],"_links":{"self":[{"href":"https:\/\/www.diarioimagen.net\/index.php?rest_route=\/wp\/v2\/posts\/629331","targetHints":{"allow":["GET"]}}],"collection":[{"href":"https:\/\/www.diarioimagen.net\/index.php?rest_route=\/wp\/v2\/posts"}],"about":[{"href":"https:\/\/www.diarioimagen.net\/index.php?rest_route=\/wp\/v2\/types\/post"}],"author":[{"embeddable":true,"href":"https:\/\/www.diarioimagen.net\/index.php?rest_route=\/wp\/v2\/users\/3"}],"replies":[{"embeddable":true,"href":"https:\/\/www.diarioimagen.net\/index.php?rest_route=%2Fwp%2Fv2%2Fcomments&post=629331"}],"version-history":[{"count":0,"href":"https:\/\/www.diarioimagen.net\/index.php?rest_route=\/wp\/v2\/posts\/629331\/revisions"}],"wp:featuredmedia":[{"embeddable":true,"href":"https:\/\/www.diarioimagen.net\/index.php?rest_route=\/wp\/v2\/media\/629422"}],"wp:attachment":[{"href":"https:\/\/www.diarioimagen.net\/index.php?rest_route=%2Fwp%2Fv2%2Fmedia&parent=629331"}],"wp:term":[{"taxonomy":"category","embeddable":true,"href":"https:\/\/www.diarioimagen.net\/index.php?rest_route=%2Fwp%2Fv2%2Fcategories&post=629331"},{"taxonomy":"post_tag","embeddable":true,"href":"https:\/\/www.diarioimagen.net\/index.php?rest_route=%2Fwp%2Fv2%2Ftags&post=629331"}],"curies":[{"name":"wp","href":"https:\/\/api.w.org\/{rel}","templated":true}]}}