{"id":629337,"date":"2024-08-12T00:01:47","date_gmt":"2024-08-12T06:01:47","guid":{"rendered":"https:\/\/www.diarioimagen.net\/?p=629337"},"modified":"2024-08-14T22:46:55","modified_gmt":"2024-08-15T04:46:55","slug":"llama-el-gobierno-de-edomex-a-denunciar-todo-tipo-de-corrupcion","status":"publish","type":"post","link":"https:\/\/www.diarioimagen.net\/?p=629337","title":{"rendered":"Llama el gobierno de Edomex a denunciar todo\u00a0tipo\u00a0de\u00a0corrupci\u00f3n"},"content":{"rendered":"<p>&nbsp;<\/p>\n<ul>\n<li><em><strong>\u201cMal que da\u00f1a a la sociedad\u201d<\/strong><\/em><\/li>\n<\/ul>\n<p>&nbsp;<\/p>\n<div id=\"attachment_629438\" style=\"width: 470px\" class=\"wp-caption aligncenter\"><a href=\"https:\/\/www.diarioimagen.net\/?attachment_id=629438\" rel=\"attachment wp-att-629438\"><img loading=\"lazy\" decoding=\"async\" aria-describedby=\"caption-attachment-629438\" class=\"size-full wp-image-629438\" src=\"https:\/\/www.diarioimagen.net\/wp-content\/uploads\/2024\/08\/llama-gobierno-edomex.jpg\" alt=\"\" width=\"460\" height=\"270\" srcset=\"https:\/\/www.diarioimagen.net\/wp-content\/uploads\/2024\/08\/llama-gobierno-edomex.jpg 460w, https:\/\/www.diarioimagen.net\/wp-content\/uploads\/2024\/08\/llama-gobierno-edomex-240x141.jpg 240w\" sizes=\"auto, (max-width: 460px) 100vw, 460px\" \/><\/a><p id=\"caption-attachment-629438\" class=\"wp-caption-text\">Horacio Duarte Olivares, seccretario de Gobierno, hizo un llamado al sector privado del Edomex a denunciar cualquier acto de corrupci\u00f3n.<\/p><\/div>\n<p>&nbsp;<\/p>\n<p><strong>Toluca, Estado de M\u00e9xico.\u2014<\/strong> El secretario general de Gobierno del Estado de M\u00e9xico, Horacio Duarte Olivares, hizo un llamado al sector privado para denunciar cualquier acto de corrupci\u00f3n; fortalecer la cultura de la denuncia; y trabajar en colaboraci\u00f3n con el Gobierno del Estado de M\u00e9xico, bajo la premisa del Eje 1 del Plan de Desarrollo 2023-2029 \u201cCero Corrupci\u00f3n, Gobierno del Pueblo y para el Pueblo.<\/p>\n<p>Durante la Firma de Convenio General de Colaboraci\u00f3n entre el Comit\u00e9 Coordinador del Sistema Anticorrupci\u00f3n del Estado de M\u00e9xico y Municipios y el Consejo Coordinador Empresarial estatal Horacio Duarte Olivares se\u00f1al\u00f3 que la corrupci\u00f3n es un mal que da\u00f1a la sociedad, los valores \u00e9ticos pol\u00edticos, pero tambi\u00e9n la competitividad de las empresas mexiquenses.<\/p>\n<p>El encargado de la pol\u00edtica interna mexiquense reiter\u00f3 que para el gobierno del Estado de M\u00e9xico, encabezado por la Maestra Delfina G\u00f3mez \u00c1lvarez, es una prioridad el combate y la eliminaci\u00f3n de la corrupci\u00f3n en la administraci\u00f3n estatal para garantizar justicia y \u00e9tica en todos los \u00e1mbitos, por lo que tambi\u00e9n reafirm\u00f3 el compromiso de trabajar en colaboraci\u00f3n con el sector empresarial.<\/p>\n<p>Por su parte, Guadalupe Olivo Torres, Presidenta del Comit\u00e9 Coordinador y del Consejo de Participaci\u00f3n Ciudadana del Sistema Anticorrupci\u00f3n del Estado de M\u00e9xico y Municipios resalt\u00f3 la importancia del convenio de coordinaci\u00f3n, por ser el primero en su tipo para que la entidad sea un referente en el \u00e1mbito de la anticorrupci\u00f3n.\u00a0 En su participaci\u00f3n, Germ\u00e1n Miguel Jalil Hern\u00e1ndez, Presidente del Consejo Coordinador Empresarial del Estado de M\u00e9xico (CCE) calific\u00f3 la firma de convenio como un acto hist\u00f3rico para la coordinaci\u00f3n de esfuerzos por el bienestar de la poblaci\u00f3n.<\/p>\n<p>Adem\u00e1s, refrend\u00f3 el compromiso y la voluntad del CCE y el sector privado para tomar acciones y estrategias para el combate a la corrupci\u00f3n y el trabajo en conjunto para hacer realidad el Eje 1 del Plan de Desarrollo del Estado de M\u00e9xico: Cero Corrupci\u00f3n, Gobierno del Pueblo y para el Pueblo, presentado por la Gobernadora Delfina G\u00f3mez \u00c1lvarez.<\/p>\n","protected":false},"excerpt":{"rendered":"<p>El secretario general de Gobierno del Estado de M\u00e9xico, Horacio Duarte Olivares, hizo un llamado al sector privado para denunciar cualquier acto de corrupci\u00f3n; fortalecer la cultura de la denuncia; y trabajar en colaboraci\u00f3n con el Gobierno del Estado de M\u00e9xico, bajo la premisa del Eje 1 del Plan de Desarrollo 2023-2029 \u201cCero Corrupci\u00f3n, Gobierno del Pueblo y para el Pueblo.<\/p>\n","protected":false},"author":3,"featured_media":629438,"comment_status":"open","ping_status":"open","sticky":false,"template":"","format":"standard","meta":{"_monsterinsights_skip_tracking":false,"_monsterinsights_sitenote_active":false,"_monsterinsights_sitenote_note":"","_monsterinsights_sitenote_category":0,"footnotes":""},"categories":[5],"tags":[6665,80562,43675,452],"class_list":["post-629337","post","type-post","status-publish","format-standard","has-post-thumbnail","hentry","category-estado-de-mexico","tag-corrupcion","tag-denunciar","tag-estado-de-mexico","tag-toluca"],"_links":{"self":[{"href":"https:\/\/www.diarioimagen.net\/index.php?rest_route=\/wp\/v2\/posts\/629337","targetHints":{"allow":["GET"]}}],"collection":[{"href":"https:\/\/www.diarioimagen.net\/index.php?rest_route=\/wp\/v2\/posts"}],"about":[{"href":"https:\/\/www.diarioimagen.net\/index.php?rest_route=\/wp\/v2\/types\/post"}],"author":[{"embeddable":true,"href":"https:\/\/www.diarioimagen.net\/index.php?rest_route=\/wp\/v2\/users\/3"}],"replies":[{"embeddable":true,"href":"https:\/\/www.diarioimagen.net\/index.php?rest_route=%2Fwp%2Fv2%2Fcomments&post=629337"}],"version-history":[{"count":0,"href":"https:\/\/www.diarioimagen.net\/index.php?rest_route=\/wp\/v2\/posts\/629337\/revisions"}],"wp:featuredmedia":[{"embeddable":true,"href":"https:\/\/www.diarioimagen.net\/index.php?rest_route=\/wp\/v2\/media\/629438"}],"wp:attachment":[{"href":"https:\/\/www.diarioimagen.net\/index.php?rest_route=%2Fwp%2Fv2%2Fmedia&parent=629337"}],"wp:term":[{"taxonomy":"category","embeddable":true,"href":"https:\/\/www.diarioimagen.net\/index.php?rest_route=%2Fwp%2Fv2%2Fcategories&post=629337"},{"taxonomy":"post_tag","embeddable":true,"href":"https:\/\/www.diarioimagen.net\/index.php?rest_route=%2Fwp%2Fv2%2Ftags&post=629337"}],"curies":[{"name":"wp","href":"https:\/\/api.w.org\/{rel}","templated":true}]}}