{"id":629339,"date":"2024-08-12T00:03:16","date_gmt":"2024-08-12T06:03:16","guid":{"rendered":"https:\/\/www.diarioimagen.net\/?p=629339"},"modified":"2024-08-12T00:59:22","modified_gmt":"2024-08-12T06:59:22","slug":"entrego-huixquilucan-mas-de-35-mil-apoyos-alimenticios-en-el-primer-semestre","status":"publish","type":"post","link":"https:\/\/www.diarioimagen.net\/?p=629339","title":{"rendered":"Entreg\u00f3 Huixquilucan m\u00e1s\u00a0de 35 mil apoyos alimenticios en el primer semestre"},"content":{"rendered":"<p>&nbsp;<\/p>\n<p><a href=\"https:\/\/www.diarioimagen.net\/?attachment_id=629434\" rel=\"attachment wp-att-629434\"><img loading=\"lazy\" decoding=\"async\" class=\"aligncenter size-full wp-image-629434\" src=\"https:\/\/www.diarioimagen.net\/wp-content\/uploads\/2024\/08\/entrego-huixquilucan.jpg\" alt=\"\" width=\"460\" height=\"270\" srcset=\"https:\/\/www.diarioimagen.net\/wp-content\/uploads\/2024\/08\/entrego-huixquilucan.jpg 460w, https:\/\/www.diarioimagen.net\/wp-content\/uploads\/2024\/08\/entrego-huixquilucan-240x141.jpg 240w\" sizes=\"auto, (max-width: 460px) 100vw, 460px\" \/><\/a><\/p>\n<p>&nbsp;<\/p>\n<p>&nbsp;<\/p>\n<p><strong>Huixquilucan, Estado de M\u00e9xico.\u2014 <\/strong>Durante el primer semestre de 2024, el gobierno de Huixquilucan entreg\u00f3 m\u00e1s de 35 mil apoyos alimenticios a trav\u00e9s de las jornadas m\u00e9dico-asistenciales que se realizan en las 49 comunidades que conforman esta demarcaci\u00f3n, con el objetivo de apoyar la econom\u00eda familiar, combatir la carencia alimentaria y\/o auxiliar a los sectores m\u00e1s vulnerables.<\/p>\n<p>Al encabezar la jornada m\u00e9dico-asistencial en la comunidad de El Palacio, la presidenta municipal Romina Contreras Carrasco se\u00f1al\u00f3 que el objetivo de estas campa\u00f1as es acercar las unidades m\u00f3viles -m\u00e9dica, odontol\u00f3gica y Rosa- a la poblaci\u00f3n para que se puedan atender ante cualquier padecimiento y, al mismo tiempo, se les otorga un apoyo alimentario, para contribuir a la salud y el bienestar de las familias.<\/p>\n","protected":false},"excerpt":{"rendered":"<p>Durante el primer semestre de 2024, el gobierno de Huixquilucan entreg\u00f3 m\u00e1s de 35 mil apoyos alimenticios a trav\u00e9s de las jornadas m\u00e9dico-asistenciales que se realizan en las 49 comunidades que conforman esta demarcaci\u00f3n, con el objetivo de apoyar la econom\u00eda familiar, combatir la carencia alimentaria y\/o auxiliar a los sectores m\u00e1s vulnerables.<\/p>\n","protected":false},"author":3,"featured_media":629434,"comment_status":"open","ping_status":"open","sticky":false,"template":"","format":"standard","meta":{"_monsterinsights_skip_tracking":false,"_monsterinsights_sitenote_active":false,"_monsterinsights_sitenote_note":"","_monsterinsights_sitenote_category":0,"footnotes":""},"categories":[5],"tags":[100571,2701,43675,1097],"class_list":["post-629339","post","type-post","status-publish","format-standard","has-post-thumbnail","hentry","category-estado-de-mexico","tag-alimenticios","tag-apoyo","tag-estado-de-mexico","tag-huixquilucan"],"_links":{"self":[{"href":"https:\/\/www.diarioimagen.net\/index.php?rest_route=\/wp\/v2\/posts\/629339","targetHints":{"allow":["GET"]}}],"collection":[{"href":"https:\/\/www.diarioimagen.net\/index.php?rest_route=\/wp\/v2\/posts"}],"about":[{"href":"https:\/\/www.diarioimagen.net\/index.php?rest_route=\/wp\/v2\/types\/post"}],"author":[{"embeddable":true,"href":"https:\/\/www.diarioimagen.net\/index.php?rest_route=\/wp\/v2\/users\/3"}],"replies":[{"embeddable":true,"href":"https:\/\/www.diarioimagen.net\/index.php?rest_route=%2Fwp%2Fv2%2Fcomments&post=629339"}],"version-history":[{"count":0,"href":"https:\/\/www.diarioimagen.net\/index.php?rest_route=\/wp\/v2\/posts\/629339\/revisions"}],"wp:featuredmedia":[{"embeddable":true,"href":"https:\/\/www.diarioimagen.net\/index.php?rest_route=\/wp\/v2\/media\/629434"}],"wp:attachment":[{"href":"https:\/\/www.diarioimagen.net\/index.php?rest_route=%2Fwp%2Fv2%2Fmedia&parent=629339"}],"wp:term":[{"taxonomy":"category","embeddable":true,"href":"https:\/\/www.diarioimagen.net\/index.php?rest_route=%2Fwp%2Fv2%2Fcategories&post=629339"},{"taxonomy":"post_tag","embeddable":true,"href":"https:\/\/www.diarioimagen.net\/index.php?rest_route=%2Fwp%2Fv2%2Ftags&post=629339"}],"curies":[{"name":"wp","href":"https:\/\/api.w.org\/{rel}","templated":true}]}}