{"id":629489,"date":"2024-08-13T00:01:42","date_gmt":"2024-08-13T06:01:42","guid":{"rendered":"https:\/\/www.diarioimagen.net\/?p=629489"},"modified":"2024-08-13T01:51:30","modified_gmt":"2024-08-13T07:51:30","slug":"pri-edomex-no-tendra-ningun-diputado-federal-y-tampoco-tendria-escano-en-el-senado-david-parra-sanchez","status":"publish","type":"post","link":"https:\/\/www.diarioimagen.net\/?p=629489","title":{"rendered":"PRI Edomex no tendr\u00e1 ning\u00fan diputado federal y tampoco tendr\u00eda esca\u00f1o en el Senado: David Parra S\u00e1nchez"},"content":{"rendered":"<p>&nbsp;<\/p>\n<ul>\n<li><em><strong>Critica decisiones de la dirigencia nacional<\/strong><\/em><\/li>\n<\/ul>\n<p><strong>\u00a0<\/strong><\/p>\n<h6>Arturo Baena<\/h6>\n<p>&nbsp;<\/p>\n<div id=\"attachment_629619\" style=\"width: 470px\" class=\"wp-caption aligncenter\"><a href=\"https:\/\/www.diarioimagen.net\/?attachment_id=629619\" rel=\"attachment wp-att-629619\"><img loading=\"lazy\" decoding=\"async\" aria-describedby=\"caption-attachment-629619\" class=\"size-full wp-image-629619\" src=\"https:\/\/www.diarioimagen.net\/wp-content\/uploads\/2024\/08\/pri-edomex.jpg\" alt=\"\" width=\"460\" height=\"270\" srcset=\"https:\/\/www.diarioimagen.net\/wp-content\/uploads\/2024\/08\/pri-edomex.jpg 460w, https:\/\/www.diarioimagen.net\/wp-content\/uploads\/2024\/08\/pri-edomex-240x141.jpg 240w\" sizes=\"auto, (max-width: 460px) 100vw, 460px\" \/><\/a><p id=\"caption-attachment-629619\" class=\"wp-caption-text\">El diputado mexiquense David Parra S\u00e1nchez refrend\u00f3 su compromiso de seguir siendo una voz cr\u00edtica, pero objetiva para rescatar al PRI.<\/p><\/div>\n<p>&nbsp;<\/p>\n<p><strong>Valle de M\u00e9xico.\u2014<\/strong> El PRI del Estado de M\u00e9xico no tendr\u00e1 ning\u00fan diputado federal y est\u00e1 en riesgo de no tener un esca\u00f1o en el Senado de la Rep\u00fablica y ello gracias a malas decisiones de la dirigencia nacional, en la que Alejandro \u201cAlito\u201d Moreno se aferra a seguir dirigiendo a como d\u00e9 lugar.<\/p>\n<p>As\u00ed lo expres\u00f3 el diputado David Parra S\u00e1nchez, durante una entrevista en el programa \u201cPunto de Encuentro\u201d, con el periodista Marco Antonio Rodr\u00edguez, al tiempo de dar a conocer la creaci\u00f3n (en pr\u00f3ximos d\u00edas) de una asociaci\u00f3n civil en Naucalpan.<\/p>\n<p>El legislador mexiquense record\u00f3 que, pese a que el Estado de M\u00e9xico aport\u00f3 el 25 por ciento de la votaci\u00f3n a nivel nacional en los pasados procesos, ese instituto pol\u00edtico no contar\u00e1 con ninguna representaci\u00f3n del Estado de M\u00e9xico en el Congreso federal cosa que nunca hab\u00eda sucedido en la historia del tricolor y \u201ca\u00fan estar\u00e1 en veremos\u201d si se logra obtener la senaduria.<\/p>\n<p>Ah\u00ed, el legislador mexiquense refrend\u00f3 su compromiso de seguir siendo una voz cr\u00edtica, pero objetiva, para rescatar al PRI, que hoy est\u00e1 como reh\u00e9n de un grupo que intenta aniquilarlo y cuyos responsables son Alejandro Moreno y Cristina Ruiz, cosa que de ninguna manera permitir\u00e1n, dijo.<\/p>\n<p>Por otra parte, Parra S\u00e1nchez tambi\u00e9n destac\u00f3 que el tricolor en la entidad mexiquense, s\u00f3lo contar\u00e1 con 2 diputaciones de mayor\u00eda y 6 de representaci\u00f3n proporcional, de 24 qu\u00e9 se obtuvieron el pasado proceso electoral y eso, reiter\u00f3, se debe a que \u201cel PRI se ha convertido en un club de toby\u201d qu\u00e9 ha perjudicado gravemente a ese instituto pol\u00edtico.<\/p>\n<p>\u201cAhora, el a\u00fan dirigente, tiene listas las reformas encaminadas a perpetuarse en el poder hasta 2032 instaurando la figura de la reelecci\u00f3n. Cuando los priistas lo eligieron en un proceso abierto a la militancia pocos se imaginaban el destino que bajo su direcci\u00f3n le deparaba a nuestro partido que d\u00eda a d\u00eda est\u00e1 llevando al fracaso\u201d, afirm\u00f3.<\/p>\n<p>Finalmente, el diputado Parra S\u00e1nchez insisti\u00f3 en que\u201d las autoridades electorales deben de tomar cartas en el tema de las reformas que se hicieron al PRI al que Alejandro Moreno intenta sepultar\u201d.<\/p>\n","protected":false},"excerpt":{"rendered":"<p>El PRI del Estado de M\u00e9xico no tendr\u00e1 ning\u00fan diputado federal y est\u00e1 en riesgo de no tener un esca\u00f1o en el Senado de la Rep\u00fablica y ello gracias a malas decisiones de la dirigencia nacional, en la que Alejandro \u201cAlito\u201d Moreno se aferra a seguir dirigiendo a como d\u00e9 lugar.<\/p>\n","protected":false},"author":3,"featured_media":629619,"comment_status":"open","ping_status":"open","sticky":false,"template":"","format":"standard","meta":{"_monsterinsights_skip_tracking":false,"_monsterinsights_sitenote_active":false,"_monsterinsights_sitenote_note":"","_monsterinsights_sitenote_category":0,"footnotes":""},"categories":[5],"tags":[29035,68,362],"class_list":["post-629489","post","type-post","status-publish","format-standard","has-post-thumbnail","hentry","category-estado-de-mexico","tag-david-parra-sanchez","tag-edomex","tag-pri"],"_links":{"self":[{"href":"https:\/\/www.diarioimagen.net\/index.php?rest_route=\/wp\/v2\/posts\/629489","targetHints":{"allow":["GET"]}}],"collection":[{"href":"https:\/\/www.diarioimagen.net\/index.php?rest_route=\/wp\/v2\/posts"}],"about":[{"href":"https:\/\/www.diarioimagen.net\/index.php?rest_route=\/wp\/v2\/types\/post"}],"author":[{"embeddable":true,"href":"https:\/\/www.diarioimagen.net\/index.php?rest_route=\/wp\/v2\/users\/3"}],"replies":[{"embeddable":true,"href":"https:\/\/www.diarioimagen.net\/index.php?rest_route=%2Fwp%2Fv2%2Fcomments&post=629489"}],"version-history":[{"count":0,"href":"https:\/\/www.diarioimagen.net\/index.php?rest_route=\/wp\/v2\/posts\/629489\/revisions"}],"wp:featuredmedia":[{"embeddable":true,"href":"https:\/\/www.diarioimagen.net\/index.php?rest_route=\/wp\/v2\/media\/629619"}],"wp:attachment":[{"href":"https:\/\/www.diarioimagen.net\/index.php?rest_route=%2Fwp%2Fv2%2Fmedia&parent=629489"}],"wp:term":[{"taxonomy":"category","embeddable":true,"href":"https:\/\/www.diarioimagen.net\/index.php?rest_route=%2Fwp%2Fv2%2Fcategories&post=629489"},{"taxonomy":"post_tag","embeddable":true,"href":"https:\/\/www.diarioimagen.net\/index.php?rest_route=%2Fwp%2Fv2%2Ftags&post=629489"}],"curies":[{"name":"wp","href":"https:\/\/api.w.org\/{rel}","templated":true}]}}