{"id":629491,"date":"2024-08-13T00:02:02","date_gmt":"2024-08-13T06:02:02","guid":{"rendered":"https:\/\/www.diarioimagen.net\/?p=629491"},"modified":"2024-08-13T01:52:03","modified_gmt":"2024-08-13T07:52:03","slug":"extienden-campana-de-concientizacion-sobre-reactivacion-de-multas-de-transito","status":"publish","type":"post","link":"https:\/\/www.diarioimagen.net\/?p=629491","title":{"rendered":"Extienden campa\u00f1a de concientizaci\u00f3n sobre reactivaci\u00f3n de multas de tr\u00e1nsito"},"content":{"rendered":"<p>&nbsp;<\/p>\n<ul>\n<li><em><strong>Petici\u00f3n ciudadana en Naucalpan<\/strong><\/em><\/li>\n<\/ul>\n<p>&nbsp;<\/p>\n<div id=\"attachment_629621\" style=\"width: 470px\" class=\"wp-caption aligncenter\"><a href=\"https:\/\/www.diarioimagen.net\/?attachment_id=629621\" rel=\"attachment wp-att-629621\"><img loading=\"lazy\" decoding=\"async\" aria-describedby=\"caption-attachment-629621\" class=\"size-full wp-image-629621\" src=\"https:\/\/www.diarioimagen.net\/wp-content\/uploads\/2024\/08\/extienden-campana.jpg\" alt=\"\" width=\"460\" height=\"270\" srcset=\"https:\/\/www.diarioimagen.net\/wp-content\/uploads\/2024\/08\/extienden-campana.jpg 460w, https:\/\/www.diarioimagen.net\/wp-content\/uploads\/2024\/08\/extienden-campana-240x141.jpg 240w\" sizes=\"auto, (max-width: 460px) 100vw, 460px\" \/><\/a><p id=\"caption-attachment-629621\" class=\"wp-caption-text\">Se extiende la campa\u00f1a de concientizaci\u00f3n ante la reactivaci\u00f3n de multas por infracciones al Reglamento de Tr\u00e1nsito Metropolitano en Naucalpan.<\/p><\/div>\n<p>&nbsp;<\/p>\n<p><strong>Naucalpan, Estado de M\u00e9xico.\u2014<\/strong> Por petici\u00f3n ciudadana y para abarcar m\u00e1s zonas del municipio, se extiende la campa\u00f1a de concientizaci\u00f3n ante la reactivaci\u00f3n de multas por infracciones al Reglamento de Tr\u00e1nsito Metropolitano en esta localidad.<\/p>\n<p>\u201cNo es tanto llegar a infraccionar, sino generar orden vial con participaci\u00f3n de la ciudadan\u00eda\u201d, inform\u00f3 Edgar Lara Ram\u00edrez, coordinador de instrucci\u00f3n del Agrupamiento Femenil que se encargar\u00e1 de sancionar a los infractores.<\/p>\n<p>Indic\u00f3 que la campa\u00f1a inici\u00f3 esta semana y se extender\u00e1 por lo menos una semana m\u00e1s para informar a una mayor cantidad de personas sobre la reactivaci\u00f3n de las infracciones, para evitar actos de corrupci\u00f3n por parte de los encargados de aplicarlas.<\/p>\n<p>Personal de la subdirecci\u00f3n referida, adscrita a la Direcci\u00f3n General de Seguridad Ciudadana y Movilidad Segura de Naucalpan, recorre las principales zonas comerciales de la demarcaci\u00f3n, como Ciudad Sat\u00e9lite, Lomas Verdes, Tecamachalco y San Bartolo, para entregar folletos a la poblaci\u00f3n e informar sobre la reactivaci\u00f3n de las multas, qui\u00e9nes son las agentes autorizadas para aplicarlas e invitarlos a respetar el reglamento vial.<\/p>\n<p>Lara Ram\u00edrez expres\u00f3 que las \u00fanicas facultadas para infraccionar son mujeres polic\u00edas de Movilidad Segura, quienes estar\u00e1n debidamente identificadas con un brazalete con la leyenda \u2018INFRACCIONES\u2019 y portar\u00e1n dispositivo electr\u00f3nico para aplicar la sanci\u00f3n y, en su caso, realizar el cobro con tarjeta de cr\u00e9dito o d\u00e9bito.<\/p>\n<p>Record\u00f3 que habr\u00e1 70 por ciento de descuento si los infractores pagan la multa el mismo d\u00eda, adem\u00e1s de que cualquier abuso podr\u00e1 ser reportado a la Unidad de Asuntos Internos del gobierno municipal.<\/p>\n<p>Dijo que entre las faltas m\u00e1s comunes cometidas por automovilistas est\u00e1n estacionarse en lugares prohibidos y en doble fila, como camellones, glorietas, t\u00faneles, puentes y pasos peatonales; circular con exceso de velocidad, no respetar se\u00f1alamientos como sem\u00e1foros y el sentido de las vialidades, adem\u00e1s de incumplir el programa Hoy no Circula.<\/p>\n","protected":false},"excerpt":{"rendered":"<p>Por petici\u00f3n ciudadana y para abarcar m\u00e1s zonas del municipio, se extiende la campa\u00f1a de concientizaci\u00f3n ante la reactivaci\u00f3n de multas por infracciones al Reglamento de Tr\u00e1nsito Metropolitano en esta localidad.<\/p>\n","protected":false},"author":3,"featured_media":629621,"comment_status":"open","ping_status":"open","sticky":false,"template":"","format":"standard","meta":{"_monsterinsights_skip_tracking":false,"_monsterinsights_sitenote_active":false,"_monsterinsights_sitenote_note":"","_monsterinsights_sitenote_category":0,"footnotes":""},"categories":[5],"tags":[87663,43675,100580,970],"class_list":["post-629491","post","type-post","status-publish","format-standard","has-post-thumbnail","hentry","category-estado-de-mexico","tag-concientizacion","tag-estado-de-mexico","tag-multas-de-transito","tag-naucalpan"],"_links":{"self":[{"href":"https:\/\/www.diarioimagen.net\/index.php?rest_route=\/wp\/v2\/posts\/629491","targetHints":{"allow":["GET"]}}],"collection":[{"href":"https:\/\/www.diarioimagen.net\/index.php?rest_route=\/wp\/v2\/posts"}],"about":[{"href":"https:\/\/www.diarioimagen.net\/index.php?rest_route=\/wp\/v2\/types\/post"}],"author":[{"embeddable":true,"href":"https:\/\/www.diarioimagen.net\/index.php?rest_route=\/wp\/v2\/users\/3"}],"replies":[{"embeddable":true,"href":"https:\/\/www.diarioimagen.net\/index.php?rest_route=%2Fwp%2Fv2%2Fcomments&post=629491"}],"version-history":[{"count":0,"href":"https:\/\/www.diarioimagen.net\/index.php?rest_route=\/wp\/v2\/posts\/629491\/revisions"}],"wp:featuredmedia":[{"embeddable":true,"href":"https:\/\/www.diarioimagen.net\/index.php?rest_route=\/wp\/v2\/media\/629621"}],"wp:attachment":[{"href":"https:\/\/www.diarioimagen.net\/index.php?rest_route=%2Fwp%2Fv2%2Fmedia&parent=629491"}],"wp:term":[{"taxonomy":"category","embeddable":true,"href":"https:\/\/www.diarioimagen.net\/index.php?rest_route=%2Fwp%2Fv2%2Fcategories&post=629491"},{"taxonomy":"post_tag","embeddable":true,"href":"https:\/\/www.diarioimagen.net\/index.php?rest_route=%2Fwp%2Fv2%2Ftags&post=629491"}],"curies":[{"name":"wp","href":"https:\/\/api.w.org\/{rel}","templated":true}]}}