{"id":629493,"date":"2024-08-13T00:03:58","date_gmt":"2024-08-13T06:03:58","guid":{"rendered":"https:\/\/www.diarioimagen.net\/?p=629493"},"modified":"2024-08-13T01:52:31","modified_gmt":"2024-08-13T07:52:31","slug":"priistas-mexiquenses-acusan-proceso-amanado-en-la-reeleccion-de-alito","status":"publish","type":"post","link":"https:\/\/www.diarioimagen.net\/?p=629493","title":{"rendered":"Priistas mexiquenses acusan proceso ama\u00f1ado en la reelecci\u00f3n de \u201cAlito\u201d\u00a0"},"content":{"rendered":"<p>&nbsp;<\/p>\n<ul>\n<li><em><strong>Amenazan con desbandada<\/strong><\/em><\/li>\n<\/ul>\n<p>&nbsp;<\/p>\n<div id=\"attachment_629623\" style=\"width: 470px\" class=\"wp-caption aligncenter\"><a href=\"https:\/\/www.diarioimagen.net\/?attachment_id=629623\" rel=\"attachment wp-att-629623\"><img loading=\"lazy\" decoding=\"async\" aria-describedby=\"caption-attachment-629623\" class=\"size-full wp-image-629623\" src=\"https:\/\/www.diarioimagen.net\/wp-content\/uploads\/2024\/08\/priistas-mexiquenses.jpg\" alt=\"\" width=\"460\" height=\"270\" srcset=\"https:\/\/www.diarioimagen.net\/wp-content\/uploads\/2024\/08\/priistas-mexiquenses.jpg 460w, https:\/\/www.diarioimagen.net\/wp-content\/uploads\/2024\/08\/priistas-mexiquenses-240x141.jpg 240w\" sizes=\"auto, (max-width: 460px) 100vw, 460px\" \/><\/a><p id=\"caption-attachment-629623\" class=\"wp-caption-text\">Alejandro Moreno logr\u00f3 permanencia hasta el 2028 al frente de la dirigencia nacional del PRI, mediante un proceso ama\u00f1ado, acusan priistas del Edomex.<\/p><\/div>\n<p>&nbsp;<\/p>\n<p><strong>Naucalpan, Estado de M\u00e9xico.\u2014<\/strong> A pesar de las protestas internas y las denuncias en contra de Alejandro Moreno C\u00e1rdenas, \u00e9ste se sali\u00f3 con la suya y en un proceso al que llamaron ama\u00f1ado, el pol\u00e9mico dirigente logr\u00f3 lo que quer\u00eda:\u00a0 su permanencia hasta el 2028 al frente de la dirigencia nacional del PRI.<\/p>\n<p>As\u00ed lo expresaron militantes, simpatizantes y dirigentes municipales priistas del Estado de M\u00e9xico, que coincidieron en expresar que \u201cfue un proceso expr\u00e9s y simulado y, por ende, fraudulento. Exigiremos a las autoridades electorales, dar marcha atr\u00e1s a su reelecci\u00f3n\u201d, dijeron.<\/p>\n<p>Los mexiquenses afirmaron que en medio de la crisis por los desastrosos resultados electorales del 2 de junio, Moreno C\u00e1rdenas, ha abierto la puerta a apoyar reformas del gobierno de Andr\u00e9s Manuel L\u00f3pez Obrador y de su sucesora, Claudia Sheinbaum. Asimismo, aseguraron que \u201cla reelecci\u00f3n de\u201d Alito\u201d Moreno se llev\u00f3 a cabo a puerta cerrada y a modo y el Tribunal Electoral del Poder Judicial de la Federaci\u00f3n (TEPJF), no debe de ser c\u00f3mplice del\u00a0 atraco\u201d.<\/p>\n<p>Por otra parte, priistas de Naucalpan, Atizap\u00e1n de Zaragoza, Tultitl\u00e1n y Huixquilucan, entre otros, amenazaron que \u201csi la autoridad electoral avala ese fraude, sin duda que habr\u00e1 una desbandada y priistas no s\u00f3lo del Estado de M\u00e9xico sino de todo el pa\u00eds\u201d, puntualizaron.<\/p>\n<p>Finalmente, los inconformes concluyeron afirmando que \u201cAlejandro Moreno ser\u00e1 qui\u00e9n sepulte al PRI. S\u00f3lo busca el inter\u00e9s pol\u00edtico y econ\u00f3mico el cual es apoyando por puro incondicional\u201d.<\/p>\n","protected":false},"excerpt":{"rendered":"<p>A pesar de las protestas internas y las denuncias en contra de Alejandro Moreno C\u00e1rdenas, \u00e9ste se sali\u00f3 con la suya y en un proceso al que llamaron ama\u00f1ado, el pol\u00e9mico dirigente logr\u00f3 lo que quer\u00eda:\u00a0 su permanencia hasta el 2028 al frente de la dirigencia nacional del PRI.<\/p>\n","protected":false},"author":3,"featured_media":629623,"comment_status":"open","ping_status":"open","sticky":false,"template":"","format":"standard","meta":{"_monsterinsights_skip_tracking":false,"_monsterinsights_sitenote_active":false,"_monsterinsights_sitenote_note":"","_monsterinsights_sitenote_category":0,"footnotes":""},"categories":[5],"tags":[100581,94883,43675,970,362],"class_list":["post-629493","post","type-post","status-publish","format-standard","has-post-thumbnail","hentry","category-estado-de-mexico","tag-alito","tag-desbandada","tag-estado-de-mexico","tag-naucalpan","tag-pri"],"_links":{"self":[{"href":"https:\/\/www.diarioimagen.net\/index.php?rest_route=\/wp\/v2\/posts\/629493","targetHints":{"allow":["GET"]}}],"collection":[{"href":"https:\/\/www.diarioimagen.net\/index.php?rest_route=\/wp\/v2\/posts"}],"about":[{"href":"https:\/\/www.diarioimagen.net\/index.php?rest_route=\/wp\/v2\/types\/post"}],"author":[{"embeddable":true,"href":"https:\/\/www.diarioimagen.net\/index.php?rest_route=\/wp\/v2\/users\/3"}],"replies":[{"embeddable":true,"href":"https:\/\/www.diarioimagen.net\/index.php?rest_route=%2Fwp%2Fv2%2Fcomments&post=629493"}],"version-history":[{"count":0,"href":"https:\/\/www.diarioimagen.net\/index.php?rest_route=\/wp\/v2\/posts\/629493\/revisions"}],"wp:featuredmedia":[{"embeddable":true,"href":"https:\/\/www.diarioimagen.net\/index.php?rest_route=\/wp\/v2\/media\/629623"}],"wp:attachment":[{"href":"https:\/\/www.diarioimagen.net\/index.php?rest_route=%2Fwp%2Fv2%2Fmedia&parent=629493"}],"wp:term":[{"taxonomy":"category","embeddable":true,"href":"https:\/\/www.diarioimagen.net\/index.php?rest_route=%2Fwp%2Fv2%2Fcategories&post=629493"},{"taxonomy":"post_tag","embeddable":true,"href":"https:\/\/www.diarioimagen.net\/index.php?rest_route=%2Fwp%2Fv2%2Ftags&post=629493"}],"curies":[{"name":"wp","href":"https:\/\/api.w.org\/{rel}","templated":true}]}}