{"id":629506,"date":"2024-08-16T00:01:38","date_gmt":"2024-08-16T06:01:38","guid":{"rendered":"https:\/\/www.diarioimagen.net\/?p=629506"},"modified":"2024-08-15T23:00:31","modified_gmt":"2024-08-16T05:00:31","slug":"cuidado-con-lo-que-compra-en-cumbres","status":"publish","type":"post","link":"https:\/\/www.diarioimagen.net\/?p=629506","title":{"rendered":"V\u00eda Cumbres y Altai, las nuevas estafas en Canc\u00fan en residenciales"},"content":{"rendered":"<p>&nbsp;<\/p>\n<ul>\n<li><strong><em>Cuidado con lo que compra en Residencial Cumbres, Canc\u00fan<\/em><\/strong><\/li>\n<\/ul>\n<p>&nbsp;<\/p>\n<h4><strong>Jos\u00e9 Luis Monta\u00f1ez<\/strong><\/h4>\n<p>&nbsp;<\/p>\n<div id=\"attachment_629738\" style=\"width: 470px\" class=\"wp-caption aligncenter\"><a href=\"https:\/\/www.diarioimagen.net\/?attachment_id=629738\" rel=\"attachment wp-att-629738\"><img loading=\"lazy\" decoding=\"async\" aria-describedby=\"caption-attachment-629738\" class=\"size-full wp-image-629738\" src=\"https:\/\/www.diarioimagen.net\/wp-content\/uploads\/2024\/08\/via-cumbres.jpg\" alt=\"\" width=\"460\" height=\"270\" srcset=\"https:\/\/www.diarioimagen.net\/wp-content\/uploads\/2024\/08\/via-cumbres.jpg 460w, https:\/\/www.diarioimagen.net\/wp-content\/uploads\/2024\/08\/via-cumbres-240x141.jpg 240w\" sizes=\"auto, (max-width: 460px) 100vw, 460px\" \/><\/a><p id=\"caption-attachment-629738\" class=\"wp-caption-text\">A casi diez a\u00f1os de su creaci\u00f3n, Residencial Cumbres, en Canc\u00fan, es un conjunto habitacional en plena decadencia.<\/p><\/div>\n<p>&nbsp;<\/p>\n<p><strong><em>\u00a0<\/em><\/strong>Atr\u00e1s quedaron esos tiempos en los que el sue\u00f1o de toda familia era tener una propiedad en Residencial Cumbres, con excelentes servicios y la envidia de todo visitante.<\/p>\n<p>Hoy, a casi diez a\u00f1os de su creaci\u00f3n, Residencial Cumbres es un conjunto habitacional en plena decadencia, en donde sus administradores cobran puntualmente las cuotas de mantenimiento, que superan cada mes los dos millones de pesos, sin dar siquiera los m\u00ednimos servicios.<\/p>\n<p>Las rentas por cuotas de administraci\u00f3n, que se cubren de manera extraordinaria, llegan hasta los cinco mil pesos.<\/p>\n<p>Cientos de propietarios son cautivos a estos cobros, mientras el lugar se ve cada vez m\u00e1s descuidado.<\/p>\n<p>Ese monto parece que no es suficientes para dar un buen servicio a la comunidad y armonizar el sitio.<\/p>\n<p>Desde hace quince d\u00edas no hay luz en las calles y avenidas y las plumas de acceso vehicular ahora se mueven manualmente.<\/p>\n<p>Algunos vecinos han convertido parte de sus propiedades en lotes bald\u00edos, donde las cucarachas, moscas y ratas se reproducen de manera alarmante e inundan las casas vecinas.<\/p>\n<p>Aqu\u00ed nadie responde ni amonesta a los inquilinos problema, que violan sistem\u00e1ticamente el reglamento, da\u00f1ando la propiedad de terceros.<\/p>\n<p>El administrador general, Rodrigo D\u00edaz, se pone catat\u00f3nico y manda al diablo a los residentes cuando alguien pide su intervenci\u00f3n para que meta en orden a los propietarios problema que han convertido Cumbres en la peor unidad del Infonavit o por ese estilo.<\/p>\n<p>Este sujeto piensa que con estar bien conectado con las autoridades estatales (?), por supuestos negocios inmobiliarios es m\u00e1s que suficiente.<\/p>\n<p>Estando bien con la virgen, lo dem\u00e1s le vale, aunque en la publicidad los fraccionamientos que maneja digan: \u201cQuiere usted vivir en el para\u00edso\u201d, \u00bfPues cu\u00e1l?<\/p>\n<p>Este sujeto prepotente y grosero rega\u00f1a a los residentes que le piden ayuda.<\/p>\n<p>Lo peor es que todo el personal a su cargo lo imita en su conducta irresponsable y grosera, haciendo caso omiso de las quejas del vecindario.<\/p>\n<p>\u201cVaya usted y qu\u00e9jese en el municipio o donde quiera, pues aqu\u00ed no es barandilla\u201d, se\u00f1ala.<\/p>\n<p>Rengl\u00f3n aparte merece el criminal desperdicio de agua que realizan algunos vecinos.<\/p>\n<p>Extraen de pozos clandestinos miles de litros del vital l\u00edquido y lo tiran al drenaje, mientras en la ciudad de Monterrey y CDMX la gente no tiene agua, en muchas zonas, ni para beber.<\/p>\n","protected":false},"excerpt":{"rendered":"<p>Atr\u00e1s quedaron esos tiempos en los que el sue\u00f1o de toda familia era tener una propiedad en Residencial Cumbres, con excelentes servicios y la envidia de todo visitante.<\/p>\n","protected":false},"author":3,"featured_media":629738,"comment_status":"open","ping_status":"open","sticky":false,"template":"","format":"standard","meta":{"_monsterinsights_skip_tracking":false,"_monsterinsights_sitenote_active":false,"_monsterinsights_sitenote_note":"","_monsterinsights_sitenote_category":0,"footnotes":""},"categories":[17,8],"tags":[100585,100584,13955],"class_list":["post-629506","post","type-post","status-publish","format-standard","has-post-thumbnail","hentry","category-especiales","category-finanzas","tag-decadencia","tag-residencial-cumbres","tag-robo"],"_links":{"self":[{"href":"https:\/\/www.diarioimagen.net\/index.php?rest_route=\/wp\/v2\/posts\/629506","targetHints":{"allow":["GET"]}}],"collection":[{"href":"https:\/\/www.diarioimagen.net\/index.php?rest_route=\/wp\/v2\/posts"}],"about":[{"href":"https:\/\/www.diarioimagen.net\/index.php?rest_route=\/wp\/v2\/types\/post"}],"author":[{"embeddable":true,"href":"https:\/\/www.diarioimagen.net\/index.php?rest_route=\/wp\/v2\/users\/3"}],"replies":[{"embeddable":true,"href":"https:\/\/www.diarioimagen.net\/index.php?rest_route=%2Fwp%2Fv2%2Fcomments&post=629506"}],"version-history":[{"count":0,"href":"https:\/\/www.diarioimagen.net\/index.php?rest_route=\/wp\/v2\/posts\/629506\/revisions"}],"wp:featuredmedia":[{"embeddable":true,"href":"https:\/\/www.diarioimagen.net\/index.php?rest_route=\/wp\/v2\/media\/629738"}],"wp:attachment":[{"href":"https:\/\/www.diarioimagen.net\/index.php?rest_route=%2Fwp%2Fv2%2Fmedia&parent=629506"}],"wp:term":[{"taxonomy":"category","embeddable":true,"href":"https:\/\/www.diarioimagen.net\/index.php?rest_route=%2Fwp%2Fv2%2Fcategories&post=629506"},{"taxonomy":"post_tag","embeddable":true,"href":"https:\/\/www.diarioimagen.net\/index.php?rest_route=%2Fwp%2Fv2%2Ftags&post=629506"}],"curies":[{"name":"wp","href":"https:\/\/api.w.org\/{rel}","templated":true}]}}