{"id":629650,"date":"2024-08-14T00:08:22","date_gmt":"2024-08-14T06:08:22","guid":{"rendered":"https:\/\/www.diarioimagen.net\/?p=629650"},"modified":"2024-08-14T20:30:50","modified_gmt":"2024-08-15T02:30:50","slug":"conmemora-uaemex-60-aniversario-luctuoso-de-isidro-fabela-alfaro","status":"publish","type":"post","link":"https:\/\/www.diarioimagen.net\/?p=629650","title":{"rendered":"Conmemora UAEM\u00e9x 60 aniversario luctuoso de Isidro Fabela Alfaro"},"content":{"rendered":"<p>&nbsp;<\/p>\n<div id=\"attachment_629744\" style=\"width: 470px\" class=\"wp-caption aligncenter\"><a href=\"https:\/\/www.diarioimagen.net\/?attachment_id=629744\" rel=\"attachment wp-att-629744\"><img loading=\"lazy\" decoding=\"async\" aria-describedby=\"caption-attachment-629744\" class=\"size-full wp-image-629744\" src=\"https:\/\/www.diarioimagen.net\/wp-content\/uploads\/2024\/08\/uaem-conmemora.jpg\" alt=\"\" width=\"460\" height=\"270\" srcset=\"https:\/\/www.diarioimagen.net\/wp-content\/uploads\/2024\/08\/uaem-conmemora.jpg 460w, https:\/\/www.diarioimagen.net\/wp-content\/uploads\/2024\/08\/uaem-conmemora-240x141.jpg 240w\" sizes=\"auto, (max-width: 460px) 100vw, 460px\" \/><\/a><p id=\"caption-attachment-629744\" class=\"wp-caption-text\">En la Casa Museo y Centro Regional de Cultura \u201cLic. Isidro Fabela Alfaro\u201d, en el municipio de Atlacomulco, se reconoci\u00f3 a Fabela Alfaro como uno de los grandes mexicanos del siglo XX.<\/p><\/div>\n<p>&nbsp;<\/p>\n<p><strong>Atlacomulco, Estado de M\u00e9xico.<\/strong>\u2014 Isidro Fabela Alfaro, uno de los grandes mexicanos del siglo XX, apoy\u00f3 firmemente la idea de otorgar autonom\u00eda al Instituto Cient\u00edfico y Literario del Estado de M\u00e9xico, que en 1956 se convirti\u00f3 en la Universidad Aut\u00f3noma del Estado de M\u00e9xico (UAEM\u00e9x), resalt\u00f3 la encargada del despacho de la direcci\u00f3n del Plantel \u201cIsidro Fabela Alfaro\u201d de la Escuela Preparatoria de la Universidad Aut\u00f3noma del Estado de M\u00e9xico (UAEM\u00e9x), Mar\u00eda del Rosario Sotelo Hurtado.<\/p>\n<p>Durante la ceremonia solemne conmemorativa al 60 aniversario luctuoso de Fabela Alfaro, la universitaria abund\u00f3 que, preocupado por la academia y comprometido con la educaci\u00f3n, el m\u00e1s ilustre atlacomulquense de todos los tiempos promovi\u00f3 la idea de que las instituciones acad\u00e9micas deben tener la libertad de gobernarse a s\u00ed mismas y su apoyo a la autonom\u00eda del Instituto fue parte de un enfoque m\u00e1s amplio para impulsar el desarrollo educativo y cultural en el Estado de M\u00e9xico.<\/p>\n<p>En la Casa Museo y Centro Regional de Cultura \u201cLic. Isidro Fabela Alfaro\u201d, en el municipio de Atlacomulco, agreg\u00f3 que bajo el liderazgo de quien fuera gobernador del Estado de M\u00e9xico de 1942 a 1945 se implementaron pol\u00edticas que buscaban no solo la independencia acad\u00e9mica, sino tambi\u00e9n la expansi\u00f3n y modernizaci\u00f3n de la educaci\u00f3n superior en la regi\u00f3n.<\/p>\n<p>En este evento, en el que se dieron cita, en representaci\u00f3n de la presidenta municipal de Atlacomulco, Marisol del Socorro Arias Flores, el cuarto regidor de esta demarcaci\u00f3n, H\u00e9ctor C\u00e1rdenas Mart\u00ednez, y en representaci\u00f3n del rector Carlos Eduardo Barrera D\u00edaz, la secretaria de Difusi\u00f3n Cultural, Mercedes Portilla Luja, Sotelo Hurtado agreg\u00f3 que Isidro Fabela entend\u00eda que la autonom\u00eda permitir\u00eda a la hoy UAEM\u00e9x dise\u00f1ar sus programas de estudio, elegir a sus autoridades y gestionar sus recursos de manera independiente, lo que fomentar\u00eda un ambiente acad\u00e9mico m\u00e1s propicio para la investigaci\u00f3n y la innovaci\u00f3n, garantizando una ense\u00f1anza de calidad, libre de injerencias pol\u00edticas.<\/p>\n<p>Abund\u00f3 que Fabela Alfaro, un internacionalista brillante que uso su saber y experiencia para impartir una lecci\u00f3n de patriotismo en sus alegatos y discursos, fue embajador de M\u00e9xico en pa\u00edses como Argentina y Brasil, y representante de M\u00e9xico ante la Sociedad de las Naciones, donde se destac\u00f3 por su defensa de los derechos de los pa\u00edses latinoamericanos y su oposici\u00f3n al fascismo y al nazismo.<\/p>\n<p>Consagr\u00f3 su existencia a tareas altas y generosas, luchando siempre por la libertad y la justicia social, pugnando en todo momento por el dominio del derecho como norma indispensable para hacer posible la convivencia universal y por eso es recordado como un hombre de principios y como uno de los m\u00e1s grandes diplom\u00e1ticos que ha tenido M\u00e9xico.<\/p>\n<p>Cabe destacar que en el marco de esta ceremonia se inaugur\u00f3 la exposici\u00f3n \u201cJos\u00e9 Isidro Fabela Alfaro, el Benem\u00e9rito de Atlacomulco\u201d, colecci\u00f3n privada que contiene cartas, libros, recortes de diarios y objetos personales del atlacomulquense.<\/p>\n","protected":false},"excerpt":{"rendered":"<p>Isidro Fabela Alfaro, uno de los grandes mexicanos del siglo XX, apoy\u00f3 firmemente la idea de otorgar autonom\u00eda al Instituto Cient\u00edfico y Literario del Estado de M\u00e9xico, que en 1956 se convirti\u00f3 en la Universidad Aut\u00f3noma del Estado de M\u00e9xico (UAEM\u00e9x), resalt\u00f3 la encargada del despacho de la direcci\u00f3n del Plantel \u201cIsidro Fabela Alfaro\u201d de la Escuela Preparatoria de la Universidad Aut\u00f3noma del Estado de M\u00e9xico (UAEM\u00e9x), Mar\u00eda del Rosario Sotelo Hurtado.<\/p>\n","protected":false},"author":3,"featured_media":629744,"comment_status":"open","ping_status":"open","sticky":false,"template":"","format":"standard","meta":{"_monsterinsights_skip_tracking":false,"_monsterinsights_sitenote_active":false,"_monsterinsights_sitenote_note":"","_monsterinsights_sitenote_category":0,"footnotes":""},"categories":[5],"tags":[14943,67878],"class_list":["post-629650","post","type-post","status-publish","format-standard","has-post-thumbnail","hentry","category-estado-de-mexico","tag-isidro-fabela-alfaro","tag-uaemex"],"_links":{"self":[{"href":"https:\/\/www.diarioimagen.net\/index.php?rest_route=\/wp\/v2\/posts\/629650","targetHints":{"allow":["GET"]}}],"collection":[{"href":"https:\/\/www.diarioimagen.net\/index.php?rest_route=\/wp\/v2\/posts"}],"about":[{"href":"https:\/\/www.diarioimagen.net\/index.php?rest_route=\/wp\/v2\/types\/post"}],"author":[{"embeddable":true,"href":"https:\/\/www.diarioimagen.net\/index.php?rest_route=\/wp\/v2\/users\/3"}],"replies":[{"embeddable":true,"href":"https:\/\/www.diarioimagen.net\/index.php?rest_route=%2Fwp%2Fv2%2Fcomments&post=629650"}],"version-history":[{"count":0,"href":"https:\/\/www.diarioimagen.net\/index.php?rest_route=\/wp\/v2\/posts\/629650\/revisions"}],"wp:featuredmedia":[{"embeddable":true,"href":"https:\/\/www.diarioimagen.net\/index.php?rest_route=\/wp\/v2\/media\/629744"}],"wp:attachment":[{"href":"https:\/\/www.diarioimagen.net\/index.php?rest_route=%2Fwp%2Fv2%2Fmedia&parent=629650"}],"wp:term":[{"taxonomy":"category","embeddable":true,"href":"https:\/\/www.diarioimagen.net\/index.php?rest_route=%2Fwp%2Fv2%2Fcategories&post=629650"},{"taxonomy":"post_tag","embeddable":true,"href":"https:\/\/www.diarioimagen.net\/index.php?rest_route=%2Fwp%2Fv2%2Ftags&post=629650"}],"curies":[{"name":"wp","href":"https:\/\/api.w.org\/{rel}","templated":true}]}}