{"id":629652,"date":"2024-08-14T00:09:44","date_gmt":"2024-08-14T06:09:44","guid":{"rendered":"https:\/\/www.diarioimagen.net\/?p=629652"},"modified":"2024-08-14T23:54:41","modified_gmt":"2024-08-15T05:54:41","slug":"uaemex-fortalece-la-multiculturalidad-al-recibir-estudiantes-de-movilidad-nacional-e-internacional","status":"publish","type":"post","link":"https:\/\/www.diarioimagen.net\/?p=629652","title":{"rendered":"UAEM\u00e9x fortalece la multiculturalidad al recibir estudiantes de movilidad nacional e internacional"},"content":{"rendered":"<p>&nbsp;<\/p>\n<div id=\"attachment_629742\" style=\"width: 470px\" class=\"wp-caption aligncenter\"><a href=\"https:\/\/www.diarioimagen.net\/?attachment_id=629742\" rel=\"attachment wp-att-629742\"><img loading=\"lazy\" decoding=\"async\" aria-describedby=\"caption-attachment-629742\" class=\"size-full wp-image-629742\" src=\"https:\/\/www.diarioimagen.net\/wp-content\/uploads\/2024\/08\/uaem-fortalece.jpg\" alt=\"\" width=\"460\" height=\"270\" srcset=\"https:\/\/www.diarioimagen.net\/wp-content\/uploads\/2024\/08\/uaem-fortalece.jpg 460w, https:\/\/www.diarioimagen.net\/wp-content\/uploads\/2024\/08\/uaem-fortalece-240x141.jpg 240w\" sizes=\"auto, (max-width: 460px) 100vw, 460px\" \/><\/a><p id=\"caption-attachment-629742\" class=\"wp-caption-text\">En representaci\u00f3n del rector de la UAEM\u00e9x, Carlos Eduardo Barrera D\u00edaz, el secretario de Docencia, Jos\u00e9 Raymundo Marcial Romero dio la bienvenida a 91 estudiantes de 26 universidades extranjeras, as\u00ed como a 12 estudiantes provenientes de cinco universidades mexicanas.<\/p><\/div>\n<p>&nbsp;<\/p>\n<p><strong>Toluca, Estado de M\u00e9xico.\u2014<\/strong> Para la Universidad Aut\u00f3noma del Estado de M\u00e9xico (UAEM\u00e9x), la internacionalizaci\u00f3n es circunstancial a su naturaleza y visi\u00f3n, por lo que estrechar v\u00ednculos con otras instituciones de educaci\u00f3n superior en nuestro pa\u00eds y en todo el mundo contribuye al mejoramiento de la educaci\u00f3n, afirm\u00f3 en representaci\u00f3n del rector, Carlos Eduardo Barrera D\u00edaz, el secretario de Docencia, Jos\u00e9 Raymundo Marcial Romero, al encabezar la Ceremonia de Bienvenida para alumnos de movilidad entrante nacional e internacional, periodo 2024B.<\/p>\n<p>En la Sala \u201cGustavo Baz Prada\u201d del Edificio de Rector\u00eda y acompa\u00f1ado de la directora de Apoyo Acad\u00e9mico a Estudiantes, Sandra Morales Hern\u00e1ndez, Marcial Romero dio la bienvenida a 91 estudiantes provenientes de 26 universidades de pa\u00edses como Alemania, Argentina, Brasil, Chile, China, Colombia, Espa\u00f1a, Honduras, Italia, Per\u00fa y Uruguay; as\u00ed como a 12 estudiantes mexicanos provenientes de cinco universidades en estados como Guerrero, Coahuila, Guadalajara y Durango.<\/p>\n<p>En este sentido, el secretario de Docencia resalt\u00f3 que la llegada de estudiantes de movilidad es un gran compromiso para la M\u00e1xima casa de estudios mexiquense, pues tiene la responsabilidad de contribuir al conocimiento y formaci\u00f3n acad\u00e9mica con responsabilidad social e impacto positivo, pero a su vez, representa una valiosa oportunidad para demostrar al pa\u00eds y al mundo la elevada calidad acad\u00e9mica y de vanguardia que la distingue.<\/p>\n<p>\u201cLa UAEM\u00e9x ha demostrado que la colaboraci\u00f3n entre universidades es un instrumento valioso para fortalecer la educaci\u00f3n de nuestro estado y pa\u00eds, al otorgarle un car\u00e1cter global al aprendizaje e investigaci\u00f3n en concordancia con las tendencias actuales del conocimiento\u201d, dijo.<\/p>\n<p>Asimismo, Morales Hern\u00e1ndez coment\u00f3 que la movilidad estudiantil se constituye como un pilar fundamental en la construcci\u00f3n de la calidad educativa que contribuye al desarrollo personal y profesional de las y los alumnos, por ello, la Aut\u00f3noma mexiquense se constituye como una instituci\u00f3n comprometida con la internacionalizaci\u00f3n, la inclusi\u00f3n y la responsabilidad social, formando personas capaces para enfrentarse a los nuevos y grandes desaf\u00edos globales.<\/p>\n<p>\u201cArriban a una instituci\u00f3n de larga tradici\u00f3n, de excelencia acad\u00e9mica y con firme compromiso con la formaci\u00f3n integral de las y los estudiantes, nuestros valores son la base de nuestra profunda identidad, y como nuevos integrantes de la UAEM\u00e9x s\u00e9 que los adaptar\u00e1n en su d\u00eda a d\u00eda\u201d, asever\u00f3.<\/p>\n<p>En representaci\u00f3n de las y los estudiantes, el alumno de la Universidad Distrital Francisco Jos\u00e9 de Caldas, Colombia, Luis Alejandro Acosta Rodr\u00edguez afirm\u00f3 que esta oportunidad representa un intercambio sociocultural donde cada estudiante descubrir\u00e1 nuevos mundos y conocimientos a partir de la interacci\u00f3n con su entorno, invit\u00e1ndoles a disfrutar su estancia en la UAEM\u00e9x y disfrutar la gran experiencia que brindan sus espacios universitarios.<\/p>\n<p>Al acto acudieron el jefe del Departamento de Apoyo, Promoci\u00f3n y Difusi\u00f3n, Marco Ulises Nogales Aguilar, y la alumna del Centro Universitario UAEM Nezahualc\u00f3yotl y representante del Programa Estudiante Anfitri\u00f3n oto\u00f1o 2024, Kenia Guadalupe Garc\u00eda Olvera.<\/p>\n","protected":false},"excerpt":{"rendered":"<p>Para la Universidad Aut\u00f3noma del Estado de M\u00e9xico (UAEM\u00e9x), la internacionalizaci\u00f3n es circunstancial a su naturaleza y visi\u00f3n, por lo que estrechar v\u00ednculos con otras instituciones de educaci\u00f3n superior en nuestro pa\u00eds y en todo el mundo contribuye al mejoramiento de la educaci\u00f3n, afirm\u00f3 en representaci\u00f3n del rector, Carlos Eduardo Barrera D\u00edaz, el secretario de Docencia, Jos\u00e9 Raymundo Marcial Romero, al encabezar la Ceremonia de Bienvenida para alumnos de movilidad entrante nacional e internacional, periodo 2024B.<\/p>\n","protected":false},"author":3,"featured_media":629742,"comment_status":"open","ping_status":"open","sticky":false,"template":"","format":"standard","meta":{"_monsterinsights_skip_tracking":false,"_monsterinsights_sitenote_active":false,"_monsterinsights_sitenote_note":"","_monsterinsights_sitenote_category":0,"footnotes":""},"categories":[5],"tags":[43675,26421,100591,452,67878],"class_list":["post-629652","post","type-post","status-publish","format-standard","has-post-thumbnail","hentry","category-estado-de-mexico","tag-estado-de-mexico","tag-movilidad","tag-multiculturalidad","tag-toluca","tag-uaemex"],"_links":{"self":[{"href":"https:\/\/www.diarioimagen.net\/index.php?rest_route=\/wp\/v2\/posts\/629652","targetHints":{"allow":["GET"]}}],"collection":[{"href":"https:\/\/www.diarioimagen.net\/index.php?rest_route=\/wp\/v2\/posts"}],"about":[{"href":"https:\/\/www.diarioimagen.net\/index.php?rest_route=\/wp\/v2\/types\/post"}],"author":[{"embeddable":true,"href":"https:\/\/www.diarioimagen.net\/index.php?rest_route=\/wp\/v2\/users\/3"}],"replies":[{"embeddable":true,"href":"https:\/\/www.diarioimagen.net\/index.php?rest_route=%2Fwp%2Fv2%2Fcomments&post=629652"}],"version-history":[{"count":0,"href":"https:\/\/www.diarioimagen.net\/index.php?rest_route=\/wp\/v2\/posts\/629652\/revisions"}],"wp:featuredmedia":[{"embeddable":true,"href":"https:\/\/www.diarioimagen.net\/index.php?rest_route=\/wp\/v2\/media\/629742"}],"wp:attachment":[{"href":"https:\/\/www.diarioimagen.net\/index.php?rest_route=%2Fwp%2Fv2%2Fmedia&parent=629652"}],"wp:term":[{"taxonomy":"category","embeddable":true,"href":"https:\/\/www.diarioimagen.net\/index.php?rest_route=%2Fwp%2Fv2%2Fcategories&post=629652"},{"taxonomy":"post_tag","embeddable":true,"href":"https:\/\/www.diarioimagen.net\/index.php?rest_route=%2Fwp%2Fv2%2Ftags&post=629652"}],"curies":[{"name":"wp","href":"https:\/\/api.w.org\/{rel}","templated":true}]}}