{"id":629656,"date":"2024-08-14T00:01:34","date_gmt":"2024-08-14T06:01:34","guid":{"rendered":"https:\/\/www.diarioimagen.net\/?p=629656"},"modified":"2024-08-14T22:46:24","modified_gmt":"2024-08-15T04:46:24","slug":"emite-pan-convocatoria-para-el-proceso-de-renovacion-de-su-dirigencia-en-edomex","status":"publish","type":"post","link":"https:\/\/www.diarioimagen.net\/?p=629656","title":{"rendered":"Emite PAN convocatoria para el proceso de renovaci\u00f3n de su dirigencia en Edomex"},"content":{"rendered":"<p>&nbsp;<\/p>\n<ul>\n<li><strong><em>Militantes refrendan apoyo a Anuar Azar Figueroa<\/em> <\/strong><\/li>\n<\/ul>\n<p><strong>\u00a0<\/strong><\/p>\n<h6>Arturo Baena<\/h6>\n<p>&nbsp;<\/p>\n<div id=\"attachment_629773\" style=\"width: 470px\" class=\"wp-caption aligncenter\"><a href=\"https:\/\/www.diarioimagen.net\/?attachment_id=629773\" rel=\"attachment wp-att-629773\"><img loading=\"lazy\" decoding=\"async\" aria-describedby=\"caption-attachment-629773\" class=\"size-full wp-image-629773\" src=\"https:\/\/www.diarioimagen.net\/wp-content\/uploads\/2024\/08\/emite-pan-convoctoria.jpg\" alt=\"\" width=\"460\" height=\"270\" srcset=\"https:\/\/www.diarioimagen.net\/wp-content\/uploads\/2024\/08\/emite-pan-convoctoria.jpg 460w, https:\/\/www.diarioimagen.net\/wp-content\/uploads\/2024\/08\/emite-pan-convoctoria-240x141.jpg 240w\" sizes=\"auto, (max-width: 460px) 100vw, 460px\" \/><\/a><p id=\"caption-attachment-629773\" class=\"wp-caption-text\">Militantes panistas refrendaron su apoyo para la continuidad de Anuar Azar Figueroa al frente del PAN en Edomex.<\/p><\/div>\n<p>&nbsp;<\/p>\n<p><strong>Naucalpan, Estado de M\u00e9xico.\u2014<\/strong> Luego de que el Partido Acci\u00f3n Nacional (PAN) en el Estado de M\u00e9xico emiti\u00f3 la convocatoria para el proceso de renovaci\u00f3n de la presidencia y secretar\u00eda general, sus militantes refrendaron su apoyo para la continuidad de Anuar Azar Figueroa, al frente de ese instituto pol\u00edtico.<\/p>\n<p>Por acuerdo a los 68 comit\u00e9s municipales, que representan m\u00e1s del 50 por ciento de la militancia en la entidad, la elecci\u00f3n del CDE se realizar\u00e1 mediante el m\u00e9todo extraordinario a trav\u00e9s de la votaci\u00f3n del Consejo Estatal en pr\u00f3ximas semanas.<\/p>\n<p>Se inform\u00f3 que cada persona interesada en participar en el proceso interno, deber\u00e1 presentar su solicitud de registro, el nombre de quien propone como titular de la Secretar\u00eda\u00a0 General y las siete personas militantes que integran su planilla. Las personas que busquen contender por la presidencia, secretaria general o integrantes del CDE, deber\u00e1n cumplir con los requisitos previstos en el art\u00edculo 73 de los estatutos del partido.<\/p>\n<p>La solicitud de los aspirantes deber\u00e1 contar con el 20% de las firmas de apoyo de las personas integrantes del Consejo Estatal del PAN mexiquense.<\/p>\n<p>La jornada para elegir a la nueva dirigencia de ese instituto pol\u00edtico, se celebrar\u00e1 el 8 de septiembre en la sede del partido ubicada en el municipio de Naucalpan.<\/p>\n","protected":false},"excerpt":{"rendered":"<p>Luego de que el Partido Acci\u00f3n Nacional (PAN) en el Estado de M\u00e9xico emiti\u00f3 la convocatoria para el proceso de renovaci\u00f3n de la presidencia y secretar\u00eda general, sus militantes refrendaron su apoyo para la continuidad de Anuar Azar Figueroa, al frente de ese instituto pol\u00edtico.<\/p>\n","protected":false},"author":3,"featured_media":629773,"comment_status":"open","ping_status":"open","sticky":false,"template":"","format":"standard","meta":{"_monsterinsights_skip_tracking":false,"_monsterinsights_sitenote_active":false,"_monsterinsights_sitenote_note":"","_monsterinsights_sitenote_category":0,"footnotes":""},"categories":[5],"tags":[93709,43675,970],"class_list":["post-629656","post","type-post","status-publish","format-standard","has-post-thumbnail","hentry","category-estado-de-mexico","tag-anuar-azar-figueroa","tag-estado-de-mexico","tag-naucalpan"],"_links":{"self":[{"href":"https:\/\/www.diarioimagen.net\/index.php?rest_route=\/wp\/v2\/posts\/629656","targetHints":{"allow":["GET"]}}],"collection":[{"href":"https:\/\/www.diarioimagen.net\/index.php?rest_route=\/wp\/v2\/posts"}],"about":[{"href":"https:\/\/www.diarioimagen.net\/index.php?rest_route=\/wp\/v2\/types\/post"}],"author":[{"embeddable":true,"href":"https:\/\/www.diarioimagen.net\/index.php?rest_route=\/wp\/v2\/users\/3"}],"replies":[{"embeddable":true,"href":"https:\/\/www.diarioimagen.net\/index.php?rest_route=%2Fwp%2Fv2%2Fcomments&post=629656"}],"version-history":[{"count":0,"href":"https:\/\/www.diarioimagen.net\/index.php?rest_route=\/wp\/v2\/posts\/629656\/revisions"}],"wp:featuredmedia":[{"embeddable":true,"href":"https:\/\/www.diarioimagen.net\/index.php?rest_route=\/wp\/v2\/media\/629773"}],"wp:attachment":[{"href":"https:\/\/www.diarioimagen.net\/index.php?rest_route=%2Fwp%2Fv2%2Fmedia&parent=629656"}],"wp:term":[{"taxonomy":"category","embeddable":true,"href":"https:\/\/www.diarioimagen.net\/index.php?rest_route=%2Fwp%2Fv2%2Fcategories&post=629656"},{"taxonomy":"post_tag","embeddable":true,"href":"https:\/\/www.diarioimagen.net\/index.php?rest_route=%2Fwp%2Fv2%2Ftags&post=629656"}],"curies":[{"name":"wp","href":"https:\/\/api.w.org\/{rel}","templated":true}]}}