{"id":629658,"date":"2024-08-14T00:04:07","date_gmt":"2024-08-14T06:04:07","guid":{"rendered":"https:\/\/www.diarioimagen.net\/?p=629658"},"modified":"2024-08-14T00:25:55","modified_gmt":"2024-08-14T06:25:55","slug":"avalan-realizar-sesion-de-cabildo-juvenil-y-abierto-en-naucalpan","status":"publish","type":"post","link":"https:\/\/www.diarioimagen.net\/?p=629658","title":{"rendered":"Avalan realizar Sesi\u00f3n de Cabildo\u00a0Juvenil y Abierto en Naucalpan"},"content":{"rendered":"<p>&nbsp;<\/p>\n<ul>\n<li><em><strong>Con el tema arte, cultura y deporte<\/strong><\/em><\/li>\n<\/ul>\n<p>&nbsp;<\/p>\n<div id=\"attachment_629779\" style=\"width: 470px\" class=\"wp-caption aligncenter\"><a href=\"https:\/\/www.diarioimagen.net\/?attachment_id=629779\" rel=\"attachment wp-att-629779\"><img loading=\"lazy\" decoding=\"async\" aria-describedby=\"caption-attachment-629779\" class=\"size-full wp-image-629779\" src=\"https:\/\/www.diarioimagen.net\/wp-content\/uploads\/2024\/08\/avalan-realizar-sesion.jpg\" alt=\"\" width=\"460\" height=\"270\" srcset=\"https:\/\/www.diarioimagen.net\/wp-content\/uploads\/2024\/08\/avalan-realizar-sesion.jpg 460w, https:\/\/www.diarioimagen.net\/wp-content\/uploads\/2024\/08\/avalan-realizar-sesion-240x141.jpg 240w\" sizes=\"auto, (max-width: 460px) 100vw, 460px\" \/><\/a><p id=\"caption-attachment-629779\" class=\"wp-caption-text\">El cuerpo edilicio de Naucalpan aprob\u00f3 la convocatoria para llevar a cabo Sesi\u00f3n de Cabildo Juvenil y Abierto.<\/p><\/div>\n<p>&nbsp;<\/p>\n<p><strong>Naucalpan, Estado de M\u00e9xico.\u2014<\/strong> Para dar voz a las nuevas generaciones, escuchar sus ideas y promover su inter\u00e9s de participar en la pol\u00edtica del municipio y del pa\u00eds, el cuerpo edilicio de Naucalpan aprob\u00f3 por unanimidad la convocatoria para llevar a cabo Sesi\u00f3n de Cabildo Juvenil y Abierto con el tema \u201cArte, cultura y deporte en el marco del 150 Aniversario de la Fundaci\u00f3n de Villa de Ju\u00e1rez\u201d.<\/p>\n<p>Durante la Cent\u00e9sima D\u00e9cima S\u00e9ptima Sesi\u00f3n Ordinaria de Cabildo Resolutiva Cent\u00e9sima Trig\u00e9sima, los ediles se pronunciaron en favor de abrir dicho espacio a j\u00f3venes en un rango preferentemente de 16 a 28 a\u00f1os de edad, habitantes del Municipio de Naucalpan el pr\u00f3ximo 29 de agosto del presente a\u00f1o.<\/p>\n<p>Los interesados deber\u00e1n presentarse en las oficinas de la Secretaria del Ayuntamiento ubicadas en el primer piso del Palacio Municipal para tramitar de manera gratuita su registro en un horario de 09:00 a 15:00 horas de lunes a viernes, hasta el 27 de agosto a las 13:00 horas.<\/p>\n<p>Algunos requisitos que deber\u00e1n presentar los interesados son: credencial del INE en caso de ser mayores de edad (original y copia para su cotejo) con domicilio en Naucalpan; para el caso de menores de edad, credencial para votar de padre, madre o tutor, as\u00ed como una carta responsiva que les ser\u00e1 entregada por la Secretar\u00eda del Ayuntamiento, el d\u00eda de su inscripci\u00f3n.<\/p>\n<p>En caso de ser estudiante especificar el nombre de la instituci\u00f3n educativa a la que pertenece y presentar comprobante de grado m\u00e1ximo de estudios.<\/p>\n<p>Tambi\u00e9n deber\u00e1n entregar por escrito su participaci\u00f3n, con las especificaciones siguientes: nombre del participante y su comunidad, domicilio para escuchar y recibir todo tipo de notificaciones, n\u00famero telef\u00f3nico y correo electr\u00f3nico, t\u00edtulo, exposici\u00f3n de motivos (m\u00e1ximo tres cuartillas).<\/p>\n<p>El documento deber\u00e1 elaborarse en letra Arial 12, texto justificado e interlineado de 1.5 l\u00edneas.<\/p>\n","protected":false},"excerpt":{"rendered":"<p>Para dar voz a las nuevas generaciones, escuchar sus ideas y promover su inter\u00e9s de participar en la pol\u00edtica del municipio y del pa\u00eds, el cuerpo edilicio de Naucalpan aprob\u00f3 por unanimidad la convocatoria para llevar a cabo Sesi\u00f3n de Cabildo Juvenil y Abierto con el tema \u201cArte, cultura y deporte en el marco del 150 Aniversario de la Fundaci\u00f3n de Villa de Ju\u00e1rez\u201d.<\/p>\n","protected":false},"author":3,"featured_media":629779,"comment_status":"open","ping_status":"open","sticky":false,"template":"","format":"standard","meta":{"_monsterinsights_skip_tracking":false,"_monsterinsights_sitenote_active":false,"_monsterinsights_sitenote_note":"","_monsterinsights_sitenote_category":0,"footnotes":""},"categories":[5],"tags":[43675,970,100593],"class_list":["post-629658","post","type-post","status-publish","format-standard","has-post-thumbnail","hentry","category-estado-de-mexico","tag-estado-de-mexico","tag-naucalpan","tag-sesion-de-cabildo-juvenil-y-abierto"],"_links":{"self":[{"href":"https:\/\/www.diarioimagen.net\/index.php?rest_route=\/wp\/v2\/posts\/629658","targetHints":{"allow":["GET"]}}],"collection":[{"href":"https:\/\/www.diarioimagen.net\/index.php?rest_route=\/wp\/v2\/posts"}],"about":[{"href":"https:\/\/www.diarioimagen.net\/index.php?rest_route=\/wp\/v2\/types\/post"}],"author":[{"embeddable":true,"href":"https:\/\/www.diarioimagen.net\/index.php?rest_route=\/wp\/v2\/users\/3"}],"replies":[{"embeddable":true,"href":"https:\/\/www.diarioimagen.net\/index.php?rest_route=%2Fwp%2Fv2%2Fcomments&post=629658"}],"version-history":[{"count":0,"href":"https:\/\/www.diarioimagen.net\/index.php?rest_route=\/wp\/v2\/posts\/629658\/revisions"}],"wp:featuredmedia":[{"embeddable":true,"href":"https:\/\/www.diarioimagen.net\/index.php?rest_route=\/wp\/v2\/media\/629779"}],"wp:attachment":[{"href":"https:\/\/www.diarioimagen.net\/index.php?rest_route=%2Fwp%2Fv2%2Fmedia&parent=629658"}],"wp:term":[{"taxonomy":"category","embeddable":true,"href":"https:\/\/www.diarioimagen.net\/index.php?rest_route=%2Fwp%2Fv2%2Fcategories&post=629658"},{"taxonomy":"post_tag","embeddable":true,"href":"https:\/\/www.diarioimagen.net\/index.php?rest_route=%2Fwp%2Fv2%2Ftags&post=629658"}],"curies":[{"name":"wp","href":"https:\/\/api.w.org\/{rel}","templated":true}]}}