{"id":629660,"date":"2024-08-14T00:02:46","date_gmt":"2024-08-14T06:02:46","guid":{"rendered":"https:\/\/www.diarioimagen.net\/?p=629660"},"modified":"2024-08-14T00:24:52","modified_gmt":"2024-08-14T06:24:52","slug":"fortaleza-del-pri-esta-en-su-militancia-sin-ella-nada-dice-christian-quintana","status":"publish","type":"post","link":"https:\/\/www.diarioimagen.net\/?p=629660","title":{"rendered":"Fortaleza del PRI est\u00e1 en su militancia; sin ella, nada, dice Christian Quintana"},"content":{"rendered":"<p>&nbsp;<\/p>\n<ul>\n<li><em><strong>Informe en Tlalnepantla<\/strong><\/em><\/li>\n<\/ul>\n<p><strong>\u00a0<\/strong><\/p>\n<h6>Arturo Baena<\/h6>\n<p>&nbsp;<\/p>\n<div id=\"attachment_629775\" style=\"width: 470px\" class=\"wp-caption aligncenter\"><a href=\"https:\/\/www.diarioimagen.net\/?attachment_id=629775\" rel=\"attachment wp-att-629775\"><img loading=\"lazy\" decoding=\"async\" aria-describedby=\"caption-attachment-629775\" class=\"size-full wp-image-629775\" src=\"https:\/\/www.diarioimagen.net\/wp-content\/uploads\/2024\/08\/fortaleza-del-pri.jpg\" alt=\"\" width=\"460\" height=\"270\" srcset=\"https:\/\/www.diarioimagen.net\/wp-content\/uploads\/2024\/08\/fortaleza-del-pri.jpg 460w, https:\/\/www.diarioimagen.net\/wp-content\/uploads\/2024\/08\/fortaleza-del-pri-240x141.jpg 240w\" sizes=\"auto, (max-width: 460px) 100vw, 460px\" \/><\/a><p id=\"caption-attachment-629775\" class=\"wp-caption-text\">Christian Quintana rindi\u00f3 un informe de los primeros cien d\u00edas de trabajo al frente del PRI-Tlalnepantla, donde reiter\u00f3 que seguir\u00e1 trabajando por la unidad y fortalecimiento del partido.<\/p><\/div>\n<p>&nbsp;<\/p>\n<p><strong>Tlalnepantla, Estado de M\u00e9xico.\u2014<\/strong> Sin su militancia y sus sectores, el PRI no es nada. Nuestra unidad es y ser\u00e1 nuestra fortaleza, vamos a demostrarles a nuestros detractores de qu\u00e9 estamos hechos los priistas y tengan por seguro que volveremos a ganar Tlalnepantla.<\/p>\n<p>As\u00ed lo expres\u00f3 Christian Quintana ante cientos de priistas., diputados y ex alcaldes durante el informe de los primeros cien d\u00edas de trabajo al frente de ese instituto pol\u00edtico en esa localidad, quienes le refrendaron su apoyo para seguir como titular del tricolor.<\/p>\n<p>Luego de dar pormenores de las actividades de los primeros cien d\u00edas, Christian Quintana reiter\u00f3 que seguir\u00e1 trabajando por la unidad y fortalecimiento de ese instituto pol\u00edtico.<\/p>\n<p>Insisti\u00f3 en que \u201cla fuerza del PRI est\u00e1 en su militancia, en sus mujeres y hombres, en sus j\u00f3venes que dejan la vida, y muchas veces a sus familias para hacer el trabajo partidista en busca de resolver las demandas justas de la ciudadan\u00eda\u201d.<\/p>\n<p>El dirigente municipal advirti\u00f3 que se presenta un camino con grandes retos y desaf\u00edos, pero confi\u00f3 que en el PRI cuenta con el talento, la preparaci\u00f3n y el compromiso necesario para llevar al partido a su mejor versi\u00f3n.<\/p>\n<p>\u201cYa basta que se quiera seguir arrastrando el nombre y el prestigio del PRI y de su honesta militancia, trabajadora y convencida de que el partido es la plataforma por excelencia para luchar por un M\u00e9xico mejor\u201d, concluy\u00f3.<\/p>\n","protected":false},"excerpt":{"rendered":"<p>Sin su militancia y sus sectores, el PRI no es nada. Nuestra unidad es y ser\u00e1 nuestra fortaleza, vamos a demostrarles a nuestros detractores de qu\u00e9 estamos hechos los priistas y tengan por seguro que volveremos a ganar Tlalnepantla.<\/p>\n","protected":false},"author":3,"featured_media":629775,"comment_status":"open","ping_status":"open","sticky":false,"template":"","format":"standard","meta":{"_monsterinsights_skip_tracking":false,"_monsterinsights_sitenote_active":false,"_monsterinsights_sitenote_note":"","_monsterinsights_sitenote_category":0,"footnotes":""},"categories":[5],"tags":[100594,43675,362,169],"class_list":["post-629660","post","type-post","status-publish","format-standard","has-post-thumbnail","hentry","category-estado-de-mexico","tag-christian-quintana","tag-estado-de-mexico","tag-pri","tag-tlalnepantla"],"_links":{"self":[{"href":"https:\/\/www.diarioimagen.net\/index.php?rest_route=\/wp\/v2\/posts\/629660","targetHints":{"allow":["GET"]}}],"collection":[{"href":"https:\/\/www.diarioimagen.net\/index.php?rest_route=\/wp\/v2\/posts"}],"about":[{"href":"https:\/\/www.diarioimagen.net\/index.php?rest_route=\/wp\/v2\/types\/post"}],"author":[{"embeddable":true,"href":"https:\/\/www.diarioimagen.net\/index.php?rest_route=\/wp\/v2\/users\/3"}],"replies":[{"embeddable":true,"href":"https:\/\/www.diarioimagen.net\/index.php?rest_route=%2Fwp%2Fv2%2Fcomments&post=629660"}],"version-history":[{"count":0,"href":"https:\/\/www.diarioimagen.net\/index.php?rest_route=\/wp\/v2\/posts\/629660\/revisions"}],"wp:featuredmedia":[{"embeddable":true,"href":"https:\/\/www.diarioimagen.net\/index.php?rest_route=\/wp\/v2\/media\/629775"}],"wp:attachment":[{"href":"https:\/\/www.diarioimagen.net\/index.php?rest_route=%2Fwp%2Fv2%2Fmedia&parent=629660"}],"wp:term":[{"taxonomy":"category","embeddable":true,"href":"https:\/\/www.diarioimagen.net\/index.php?rest_route=%2Fwp%2Fv2%2Fcategories&post=629660"},{"taxonomy":"post_tag","embeddable":true,"href":"https:\/\/www.diarioimagen.net\/index.php?rest_route=%2Fwp%2Fv2%2Ftags&post=629660"}],"curies":[{"name":"wp","href":"https:\/\/api.w.org\/{rel}","templated":true}]}}