{"id":629662,"date":"2024-08-14T00:03:25","date_gmt":"2024-08-14T06:03:25","guid":{"rendered":"https:\/\/www.diarioimagen.net\/?p=629662"},"modified":"2024-08-14T00:25:15","modified_gmt":"2024-08-14T06:25:15","slug":"hoy-tendremos-primera-mujer-presidenta-electa-de-mexico-juan-olivas","status":"publish","type":"post","link":"https:\/\/www.diarioimagen.net\/?p=629662","title":{"rendered":"Hoy tendremos primera mujer Presidenta Electa de M\u00e9xico: Juan Olivas"},"content":{"rendered":"<p>&nbsp;<\/p>\n<p><a href=\"https:\/\/www.diarioimagen.net\/?attachment_id=629777\" rel=\"attachment wp-att-629777\"><img loading=\"lazy\" decoding=\"async\" class=\"aligncenter size-full wp-image-629777\" src=\"https:\/\/www.diarioimagen.net\/wp-content\/uploads\/2024\/08\/hoy-tendremos-primera.jpg\" alt=\"\" width=\"460\" height=\"270\" srcset=\"https:\/\/www.diarioimagen.net\/wp-content\/uploads\/2024\/08\/hoy-tendremos-primera.jpg 460w, https:\/\/www.diarioimagen.net\/wp-content\/uploads\/2024\/08\/hoy-tendremos-primera-240x141.jpg 240w\" sizes=\"auto, (max-width: 460px) 100vw, 460px\" \/><\/a><\/p>\n<p>&nbsp;<\/p>\n<p><strong>Valle de M\u00e9xico.\u2014<\/strong> Con Claudia Sheinbaum en la Presidencia, sin duda, le ir\u00e1 bien a M\u00e9xico y al entregar hoy la constancia de mayor\u00eda de las pasadas elecciones, se valida su triunfo inobjetable y se ratifica la democracia que existe en nuestro pa\u00eds.<\/p>\n<p>As\u00ed lo expres\u00f3 Juan Olivas, consejero pol\u00edtico de Morena en la entidad mexiquense, luego de asegurar que una vez despachadas las impugnaciones de la oposici\u00f3n, \u201choy mi\u00e9rcoles la autoridad electoral confirma el triunfo de la que ser\u00e1 la mejor presidenta que tendr\u00e1 el pueblo de M\u00e9xico\u201d.<\/p>\n","protected":false},"excerpt":{"rendered":"<p>Con Claudia Sheinbaum en la Presidencia, sin duda, le ir\u00e1 bien a M\u00e9xico y al entregar hoy la constancia de mayor\u00eda de las pasadas elecciones, se valida su triunfo inobjetable y se ratifica la democracia que existe en nuestro pa\u00eds.<\/p>\n","protected":false},"author":3,"featured_media":629777,"comment_status":"open","ping_status":"open","sticky":false,"template":"","format":"standard","meta":{"_monsterinsights_skip_tracking":false,"_monsterinsights_sitenote_active":false,"_monsterinsights_sitenote_note":"","_monsterinsights_sitenote_category":0,"footnotes":""},"categories":[5],"tags":[98468,100595],"class_list":["post-629662","post","type-post","status-publish","format-standard","has-post-thumbnail","hentry","category-estado-de-mexico","tag-juan-olivas","tag-presidenta-electa-de-mexico"],"_links":{"self":[{"href":"https:\/\/www.diarioimagen.net\/index.php?rest_route=\/wp\/v2\/posts\/629662","targetHints":{"allow":["GET"]}}],"collection":[{"href":"https:\/\/www.diarioimagen.net\/index.php?rest_route=\/wp\/v2\/posts"}],"about":[{"href":"https:\/\/www.diarioimagen.net\/index.php?rest_route=\/wp\/v2\/types\/post"}],"author":[{"embeddable":true,"href":"https:\/\/www.diarioimagen.net\/index.php?rest_route=\/wp\/v2\/users\/3"}],"replies":[{"embeddable":true,"href":"https:\/\/www.diarioimagen.net\/index.php?rest_route=%2Fwp%2Fv2%2Fcomments&post=629662"}],"version-history":[{"count":0,"href":"https:\/\/www.diarioimagen.net\/index.php?rest_route=\/wp\/v2\/posts\/629662\/revisions"}],"wp:featuredmedia":[{"embeddable":true,"href":"https:\/\/www.diarioimagen.net\/index.php?rest_route=\/wp\/v2\/media\/629777"}],"wp:attachment":[{"href":"https:\/\/www.diarioimagen.net\/index.php?rest_route=%2Fwp%2Fv2%2Fmedia&parent=629662"}],"wp:term":[{"taxonomy":"category","embeddable":true,"href":"https:\/\/www.diarioimagen.net\/index.php?rest_route=%2Fwp%2Fv2%2Fcategories&post=629662"},{"taxonomy":"post_tag","embeddable":true,"href":"https:\/\/www.diarioimagen.net\/index.php?rest_route=%2Fwp%2Fv2%2Ftags&post=629662"}],"curies":[{"name":"wp","href":"https:\/\/api.w.org\/{rel}","templated":true}]}}