{"id":629817,"date":"2024-08-15T00:01:58","date_gmt":"2024-08-15T06:01:58","guid":{"rendered":"https:\/\/www.diarioimagen.net\/?p=629817"},"modified":"2024-08-18T22:04:37","modified_gmt":"2024-08-19T04:04:37","slug":"se-burla-de-la-ley-gober-precioso","status":"publish","type":"post","link":"https:\/\/www.diarioimagen.net\/?p=629817","title":{"rendered":"Se burla de la ley <em>g\u00f3ber\u00a0precioso<\/em>"},"content":{"rendered":"<p>&nbsp;<\/p>\n<h2 style=\"text-align: center;\">Acusado de tortura contra la periodista Lydia Cacho,<br \/>\ndeja la c\u00e1rcel y se va a su casa tan campante<\/h2>\n<p>&nbsp;<\/p>\n<h4>Jos\u00e9 Luis Monta\u00f1ez<\/h4>\n<p>&nbsp;<\/p>\n<p><a href=\"https:\/\/www.diarioimagen.net\/?attachment_id=629918\" rel=\"attachment wp-att-629918\"><img loading=\"lazy\" decoding=\"async\" class=\"aligncenter wp-image-629918\" src=\"https:\/\/www.diarioimagen.net\/wp-content\/uploads\/2024\/08\/mario-portada.jpg\" alt=\"\" width=\"440\" height=\"314\" srcset=\"https:\/\/www.diarioimagen.net\/wp-content\/uploads\/2024\/08\/mario-portada.jpg 460w, https:\/\/www.diarioimagen.net\/wp-content\/uploads\/2024\/08\/mario-portada-240x171.jpg 240w, https:\/\/www.diarioimagen.net\/wp-content\/uploads\/2024\/08\/mario-portada-379x270.jpg 379w, https:\/\/www.diarioimagen.net\/wp-content\/uploads\/2024\/08\/mario-portada-90x65.jpg 90w\" sizes=\"auto, (max-width: 440px) 100vw, 440px\" \/><\/a><\/p>\n<p>&nbsp;<\/p>\n<p>En una burla m\u00e1s a la ley, la madrugada de este mi\u00e9rcoles, el ex gobernador de Puebla, Mario Mar\u00edn Torres, acusado del delito de tortura en agravio de la periodista y activista Lydia Cacho Ribeiro, sali\u00f3 del penal de m\u00e1xima seguridad del Altiplano, custodiado por elementos de la Guardia Nacional, para llevar su proceso en prisi\u00f3n domiciliaria, luego de que la titular del Juzgado Segundo de Distrito en Quintana Roo, Ang\u00e9lica del Carmen Ortu\u00f1o Su\u00e1rez, determin\u00f3 revocar la prisi\u00f3n preventiva justificada contra el pol\u00edtico poblano.<\/p>\n<p>La FGR no pudo acreditar ante la juzgadora la necesidad de mantener en prisi\u00f3n al ex gobernador de Puebla, por lo que, en cumplimiento a una sentencia de amparo, revoc\u00f3 la medida cautelar de prisi\u00f3n preventiva justificada contra el denominado <em>g\u00f3ber precioso<\/em>.<\/p>\n<p>El ex priista ya est\u00e1 en su domicilio particular, ubicado en el Residencial San \u00c1ngel, en la colonia Xilotzingo, de la capital poblana. El ex mandatario de Puebla llevar\u00e1 su proceso en prisi\u00f3n domiciliaria y para evitar que se evada de la justicia se le impusieron las medidas cautelares consistentes en el uso de brazalete electr\u00f3nico y vigilancia permanente en su domicilio.<\/p>\n<p>Tambi\u00e9n, la prohibici\u00f3n de salir de esa entidad federativa y del pa\u00eds, la exhibici\u00f3n de garant\u00eda econ\u00f3mica por cien mil pesos y la prohibici\u00f3n de acercarse a la v\u00edctima.<\/p>\n<p>El ex gobernador Mario Mar\u00edn, Jean Succar Kuri y Kamel Nacif, fueron se\u00f1alados en 2005 por la escritora Lydia Cacho de estar involucrados en casos de pedofilia, lo que deriv\u00f3 en secuestro y tortura hacia ella. Los dos \u00faltimos individuos ya fallecieron.<\/p>\n<p>Finalmente, el 3 de febrero de 2021, Mar\u00edn Torres fue capturado por elementos de la FGR en Acapulco, Guerrero y encarcelado en Canc\u00fan, para su posterior traslado a la prisi\u00f3n de alta seguridad de Almoloya de Ju\u00e1rez.<\/p>\n<p>Lydia Cacho teme por su vida tras la liberaci\u00f3n de Mar\u00edn.<\/p>\n","protected":false},"excerpt":{"rendered":"<p>En una burla m\u00e1s a la ley, la madrugada de este mi\u00e9rcoles, el ex gobernador de Puebla, Mario Mar\u00edn Torres, acusado del delito de tortura en agravio de la periodista y activista Lydia Cacho Ribeiro, sali\u00f3 del penal de m\u00e1xima seguridad del Altiplano, custodiado por elementos de la Guardia Nacional, para llevar su proceso en prisi\u00f3n domiciliaria, luego de que la titular del Juzgado Segundo de Distrito en Quintana Roo, Ang\u00e9lica del Carmen Ortu\u00f1o Su\u00e1rez, determin\u00f3 revocar la prisi\u00f3n preventiva justificada contra el pol\u00edtico poblano.<\/p>\n","protected":false},"author":3,"featured_media":629920,"comment_status":"open","ping_status":"open","sticky":false,"template":"","format":"standard","meta":{"_monsterinsights_skip_tracking":false,"_monsterinsights_sitenote_active":false,"_monsterinsights_sitenote_note":"","_monsterinsights_sitenote_category":0,"footnotes":""},"categories":[17,7],"tags":[19036,6756,46,43677],"class_list":["post-629817","post","type-post","status-publish","format-standard","has-post-thumbnail","hentry","category-especiales","category-seguridad","tag-libre","tag-mario-marin-torres","tag-puebla","tag-seguridad"],"_links":{"self":[{"href":"https:\/\/www.diarioimagen.net\/index.php?rest_route=\/wp\/v2\/posts\/629817","targetHints":{"allow":["GET"]}}],"collection":[{"href":"https:\/\/www.diarioimagen.net\/index.php?rest_route=\/wp\/v2\/posts"}],"about":[{"href":"https:\/\/www.diarioimagen.net\/index.php?rest_route=\/wp\/v2\/types\/post"}],"author":[{"embeddable":true,"href":"https:\/\/www.diarioimagen.net\/index.php?rest_route=\/wp\/v2\/users\/3"}],"replies":[{"embeddable":true,"href":"https:\/\/www.diarioimagen.net\/index.php?rest_route=%2Fwp%2Fv2%2Fcomments&post=629817"}],"version-history":[{"count":0,"href":"https:\/\/www.diarioimagen.net\/index.php?rest_route=\/wp\/v2\/posts\/629817\/revisions"}],"wp:featuredmedia":[{"embeddable":true,"href":"https:\/\/www.diarioimagen.net\/index.php?rest_route=\/wp\/v2\/media\/629920"}],"wp:attachment":[{"href":"https:\/\/www.diarioimagen.net\/index.php?rest_route=%2Fwp%2Fv2%2Fmedia&parent=629817"}],"wp:term":[{"taxonomy":"category","embeddable":true,"href":"https:\/\/www.diarioimagen.net\/index.php?rest_route=%2Fwp%2Fv2%2Fcategories&post=629817"},{"taxonomy":"post_tag","embeddable":true,"href":"https:\/\/www.diarioimagen.net\/index.php?rest_route=%2Fwp%2Fv2%2Ftags&post=629817"}],"curies":[{"name":"wp","href":"https:\/\/api.w.org\/{rel}","templated":true}]}}