{"id":629831,"date":"2024-08-18T00:01:47","date_gmt":"2024-08-18T06:01:47","guid":{"rendered":"https:\/\/www.diarioimagen.net\/?p=629831"},"modified":"2024-08-19T22:55:22","modified_gmt":"2024-08-20T04:55:22","slug":"a-la-vista-encarecimiento-del-limon-por-paro-de-productores","status":"publish","type":"post","link":"https:\/\/www.diarioimagen.net\/?p=629831","title":{"rendered":"A la vista, encarecimiento del lim\u00f3n por paro de\u00a0productores"},"content":{"rendered":"<p>15-A<\/p>\n<h2 style=\"text-align: center;\">Extorsi\u00f3n deja sin empleo a cientos de trabajadores<\/h2>\n<p><em>\u00a0<\/em><\/p>\n<ul>\n<li><em><strong>Negocio de 31 mil 201 millones de pesos, blanco de la delincuencia organizada<\/strong> <\/em><\/li>\n<\/ul>\n<p>&nbsp;<\/p>\n<div id=\"attachment_629926\" style=\"width: 470px\" class=\"wp-caption aligncenter\"><a href=\"https:\/\/www.diarioimagen.net\/?attachment_id=629926\" rel=\"attachment wp-att-629926\"><img loading=\"lazy\" decoding=\"async\" aria-describedby=\"caption-attachment-629926\" class=\"size-full wp-image-629926\" src=\"https:\/\/www.diarioimagen.net\/wp-content\/uploads\/2024\/08\/a-la-vista-encarecimiento.jpg\" alt=\"\" width=\"460\" height=\"270\" srcset=\"https:\/\/www.diarioimagen.net\/wp-content\/uploads\/2024\/08\/a-la-vista-encarecimiento.jpg 460w, https:\/\/www.diarioimagen.net\/wp-content\/uploads\/2024\/08\/a-la-vista-encarecimiento-240x141.jpg 240w\" sizes=\"auto, (max-width: 460px) 100vw, 460px\" \/><\/a><p id=\"caption-attachment-629926\" class=\"wp-caption-text\">El paro de labores de los limoneros en Michoac\u00e1n traer\u00e1 implicaciones en el corto plazo y se reflejar\u00e1 en un aumento de precios ante una menor producci\u00f3n y el desempleo para trabajadores.<\/p><\/div>\n<p>&nbsp;<\/p>\n<p>La suspensi\u00f3n de labores indefinida por parte de limoneros en Apatzing\u00e1n y Buenavista, en Michoac\u00e1n, ante la negativa de pagar m\u00e1s \u201cderecho de piso\u201d al crimen organizado, traer\u00e1 implicaciones en el corto plazo y se reflejar\u00e1 en un aumento de precios ante una menor producci\u00f3n y el desempleo para muchos trabajadores, prev\u00e9n especialistas.<\/p>\n<p>Ante esta situaci\u00f3n cr\u00edtica en la regi\u00f3n productora del c\u00edtrico, Carlos Anaya Castellanos, director general de Grupo de Consultores de Mercados Agr\u00edcolas, detall\u00f3 que se prev\u00e9 una reducci\u00f3n de la oferta en la producci\u00f3n de lim\u00f3n, \u201cel mercado se reducir\u00e1 y los precios muy probablemente subir\u00e1n, lo que traer\u00e1 un consecuente impacto en el impacto en el bolsillo de los consumidores, lo que afectar\u00e1 tanto a los hogares como a los sectores que dependen del lim\u00f3n como insumo, como la industria alimentaria y de bebidas\u201d.<\/p>\n<p>Se\u00f1al\u00f3 que la insuficiencia en el mercado podr\u00eda generar una escasez de la variedad de lim\u00f3n mexicano, que es muy demandado principalmente a nivel nacional<\/p>\n<p>\u201cLa suspensi\u00f3n de actividades podr\u00eda derivar en despidos temporales o permanentes de trabajadores agr\u00edcolas y empacadores en la agroindustria; adem\u00e1s de que la continua inseguridad en las zonas rurales de Michoac\u00e1n puede desalentar la inversi\u00f3n en el sector agroalimentario, no solo en la producci\u00f3n de lim\u00f3n, sino en otros cultivos clave\u201d, detall\u00f3.<\/p>\n<p>Anaya Castellanos record\u00f3 que esta no es la primera ocasi\u00f3n en que se registra un paro de labores ante la inseguridad en la zona, ya que el a\u00f1o pasado los mismos productores se vieron forzados a detener su labor bajo circunstancias similares.<\/p>\n<p>Sin embargo, en esta ocasi\u00f3n, los productores han sido claros: no reanudar\u00e1n sus actividades hasta que las autoridades gubernamentales les garanticen la seguridad necesaria para trabajar sin la amenaza de estos grupos criminales.<\/p>\n<p>Afirm\u00f3 que ante la recurrencia de estos problemas de seguridad tambi\u00e9n podr\u00eda da\u00f1ar la reputaci\u00f3n de M\u00e9xico como productor agr\u00edcola a nivel global, afectando la percepci\u00f3n de seguridad para futuras inversiones en el sector.<\/p>\n<p style=\"text-align: center;\"><strong>Blanco del crimen organizado <\/strong><\/p>\n<p>Los municipios de la Tierra Caliente michoacana, que son disputados por el C\u00e1rtel Jalisco Nueva Generaci\u00f3n, Los Viagra y C\u00e1rteles Unidos, producen 37.6 por ciento del lim\u00f3n que se consume en M\u00e9xico.<\/p>\n<p>\u201cEn 2023, la producci\u00f3n de lim\u00f3n fue de 3 millones 240 mil toneladas, es decir 4.5 por ciento m\u00e1s respecto del a\u00f1o anterior\u201d, revela la Secretar\u00eda de Agricultura y Desarrollo Rural (Sader). Esa producci\u00f3n de lim\u00f3n est\u00e1 valuada en 31 mil 201 millones de pesos.<\/p>\n<p>La zona centro y occidente de Michoac\u00e1n es la mayor productora de lim\u00f3n en M\u00e9xico, luego de que el a\u00f1o pasado cosecharon m\u00e1s de 953 mil 652 toneladas. Eso significa que levantaron el\u00a0 37.6\u00a0 por ciento de lim\u00f3n de todo el pa\u00eds.<\/p>\n<p>La regi\u00f3n sur y sureste de Veracruz produjo 867 mil 916 toneladas de lim\u00f3n (o 20.1 por ciento), as\u00ed como el centro y occidente de Colima cosech\u00f3 312 mil 047 toneladas del fruto (o 14.3 por ciento).<\/p>\n<p>El crimen organizado se disputa los municipios de Aguililla, Apatzing\u00e1n,\u00a0 Buenavista, Car\u00e1cuaro, Churumuco, Huacana, Huetamo, Madero, Nocup\u00e9taro, Nuevo Urecho, Par\u00e1cuaro, San Lucas, Tepalcatepec, Tac\u00e1mbaro, Turicato.<\/p>\n<p>Las mayores cosechas de lim\u00f3n son levantadas en agosto, septiembre y octubre de cada a\u00f1o en Michoac\u00e1n, Veracruz y Colima, seg\u00fan la Secretar\u00eda de Agricultura y Desarrollo Rural.<\/p>\n<p>\u201cLa alta demanda nacional e internacional del lim\u00f3n producido en M\u00e9xico se cubre durante todo el a\u00f1o, con los mayores vol\u00famenes de cosechas de agosto a octubre\u201d.<\/p>\n<p>Al menos el 41.3 por ciento de las cosechas son al lim\u00f3n agrio (mexicano, con semilla), seguido por el persa y en menor medida el lim\u00f3n italiano, que tiene una alta demanda internacional debido a su sabor y acidez.<\/p>\n<p>M\u00e9xico destaca como el principal productor de lim\u00f3n, contribuye con 14.4 por ciento del total mundial, ubic\u00e1ndose entre los cinco primeros lugares.<\/p>\n<p>Con 3.7 millones de toneladas producidas, India reafirma su liderazgo en el ranking mundial. El segundo productor es China.<\/p>\n<p>\u201cEntre los exportadores mundiales del c\u00edtrico, M\u00e9xico ostenta el segundo lugar, sus ventas promedian 16.1 por ciento de las totales, y abastece a los cinco demandantes principales en Estados Unidos, Pa\u00edses Bajos, Alemania, Reino Unido y Francia\u201d, expresa la Sader.<\/p>\n<p>M\u00e9xico export\u00f3 el c\u00edtrico a 24 pa\u00edses en 2023: \u201cA Estados Unidos se destinaron 705 mil 308 toneladas, un aumento de 4.3 por ciento en comparaci\u00f3n con el a\u00f1o anterior. Sin embargo, el volumen enviado a Pa\u00edses Bajos disminuy\u00f3 65.2 por ciento, pasando de 10 mil 121 toneladas a 3 mil 519 toneladas\u201d.<\/p>\n","protected":false},"excerpt":{"rendered":"<p>La suspensi\u00f3n de labores indefinida por parte de limoneros en Apatzing\u00e1n y Buenavista, en Michoac\u00e1n, ante la negativa de pagar m\u00e1s \u201cderecho de piso\u201d al crimen organizado, traer\u00e1 implicaciones en el corto plazo y se reflejar\u00e1 en un aumento de precios ante una menor producci\u00f3n y el desempleo para muchos trabajadores, prev\u00e9n especialistas.<\/p>\n","protected":false},"author":3,"featured_media":629926,"comment_status":"open","ping_status":"open","sticky":false,"template":"","format":"standard","meta":{"_monsterinsights_skip_tracking":false,"_monsterinsights_sitenote_active":false,"_monsterinsights_sitenote_note":"","_monsterinsights_sitenote_category":0,"footnotes":""},"categories":[17,8],"tags":[96061,43678,1017,20824],"class_list":["post-629831","post","type-post","status-publish","format-standard","has-post-thumbnail","hentry","category-especiales","category-finanzas","tag-carestia","tag-finanzas","tag-limon","tag-productores"],"_links":{"self":[{"href":"https:\/\/www.diarioimagen.net\/index.php?rest_route=\/wp\/v2\/posts\/629831","targetHints":{"allow":["GET"]}}],"collection":[{"href":"https:\/\/www.diarioimagen.net\/index.php?rest_route=\/wp\/v2\/posts"}],"about":[{"href":"https:\/\/www.diarioimagen.net\/index.php?rest_route=\/wp\/v2\/types\/post"}],"author":[{"embeddable":true,"href":"https:\/\/www.diarioimagen.net\/index.php?rest_route=\/wp\/v2\/users\/3"}],"replies":[{"embeddable":true,"href":"https:\/\/www.diarioimagen.net\/index.php?rest_route=%2Fwp%2Fv2%2Fcomments&post=629831"}],"version-history":[{"count":0,"href":"https:\/\/www.diarioimagen.net\/index.php?rest_route=\/wp\/v2\/posts\/629831\/revisions"}],"wp:featuredmedia":[{"embeddable":true,"href":"https:\/\/www.diarioimagen.net\/index.php?rest_route=\/wp\/v2\/media\/629926"}],"wp:attachment":[{"href":"https:\/\/www.diarioimagen.net\/index.php?rest_route=%2Fwp%2Fv2%2Fmedia&parent=629831"}],"wp:term":[{"taxonomy":"category","embeddable":true,"href":"https:\/\/www.diarioimagen.net\/index.php?rest_route=%2Fwp%2Fv2%2Fcategories&post=629831"},{"taxonomy":"post_tag","embeddable":true,"href":"https:\/\/www.diarioimagen.net\/index.php?rest_route=%2Fwp%2Fv2%2Ftags&post=629831"}],"curies":[{"name":"wp","href":"https:\/\/api.w.org\/{rel}","templated":true}]}}