{"id":629847,"date":"2024-08-15T00:05:32","date_gmt":"2024-08-15T06:05:32","guid":{"rendered":"https:\/\/www.diarioimagen.net\/?p=629847"},"modified":"2024-08-15T23:10:17","modified_gmt":"2024-08-16T05:10:17","slug":"el-centro-oncologico-estatal-del-issemym-es-lider-mundial-en-el-tratamiento-integral-contra-cancer","status":"publish","type":"post","link":"https:\/\/www.diarioimagen.net\/?p=629847","title":{"rendered":"El Centro Oncol\u00f3gico Estatal del ISSEMYM es l\u00edder mundial en el tratamiento integral contra c\u00e1ncer"},"content":{"rendered":"<p>&nbsp;<\/p>\n<h2 style=\"text-align: center;\">Tiene 4 mil 357 pacientes<\/h2>\n<p>&nbsp;<\/p>\n<ul>\n<li><strong><em>Se han otorgado, en dos d\u00e9cadas, 1.6 millones de consultas, m\u00e1s de 40 mil cirug\u00edas, 91 mil estudios de medicina nuclear, 190 mil tratamientos de radioterapia y 290 mil quimioterapias<\/em><\/strong><\/li>\n<\/ul>\n<p><strong>\u00a0<\/strong><\/p>\n<div id=\"attachment_629942\" style=\"width: 470px\" class=\"wp-caption aligncenter\"><a href=\"https:\/\/www.diarioimagen.net\/?attachment_id=629942\" rel=\"attachment wp-att-629942\"><img loading=\"lazy\" decoding=\"async\" aria-describedby=\"caption-attachment-629942\" class=\"size-full wp-image-629942\" src=\"https:\/\/www.diarioimagen.net\/wp-content\/uploads\/2024\/08\/centro-oncologico.jpg\" alt=\"\" width=\"460\" height=\"270\" srcset=\"https:\/\/www.diarioimagen.net\/wp-content\/uploads\/2024\/08\/centro-oncologico.jpg 460w, https:\/\/www.diarioimagen.net\/wp-content\/uploads\/2024\/08\/centro-oncologico-240x141.jpg 240w\" sizes=\"auto, (max-width: 460px) 100vw, 460px\" \/><\/a><p id=\"caption-attachment-629942\" class=\"wp-caption-text\">Ignacio Salgado Garc\u00eda, Director General del Instituto de Seguridad Social del Estado de M\u00e9xico y Municipios, se\u00f1al\u00f3 que este nosocomio tiene casi dos d\u00e9cadas de ser referente a nivel mundial en el tratamiento integral del c\u00e1ncer.<\/p><\/div>\n<p>&nbsp;<\/p>\n<p><strong>Toluca, Estado de M\u00e9xico.\u2014<\/strong> Durante la conmemoraci\u00f3n por el 19 aniversario del Centro Oncol\u00f3gico Estatal (COE) del ISSEMyM, Ignacio Salgado Garc\u00eda, Director General del Instituto de Seguridad Social del Estado de M\u00e9xico y Municipios (ISSEMyM), se\u00f1al\u00f3 que este nosocomio tiene casi dos d\u00e9cadas de ser referente a nivel mundial en el tratamiento integral del c\u00e1ncer, as\u00ed como de ofrecer un trato digno y atenci\u00f3n de calidad a los derechohabientes.<\/p>\n<p>Salgado Garc\u00eda destac\u00f3 que el c\u00e1ncer es un enemigo por vencer todos los d\u00edas, que impacta no s\u00f3lo en la salud, sino tambi\u00e9n, en la econom\u00eda de las familias derechohabientes; de ah\u00ed el reconocimiento y gratitud que hace la gobernadora del Estado de M\u00e9xico, Delfina G\u00f3mez \u00c1lvarez a las especialistas y m\u00e9dicos onc\u00f3logos que laboran en este Centro para salvar vidas.<\/p>\n<p>Con el Poder de Servir, este hospital tem\u00e1tico, \u00fanico en su tipo en la entidad, atiende a un promedio de 50 mil pacientes al a\u00f1o, adem\u00e1s de ser hospital escuela, forjador de nuevos especialistas y profesionistas en este ramo de la salud, agreg\u00f3 el titular de ISSEMyM.<\/p>\n<p>Por su parte, Roberto Fidel Garc\u00eda Mill\u00e1n, Director del COE, puntualiz\u00f3 que, desde su fundaci\u00f3n a la fecha, se han otorgado 1 mill\u00f3n 611 mil 644 consultas, 40 mil cirug\u00edas; 190 mil reportes de patolog\u00eda, 91 mil estudios de medicina nuclear, 190 mil tratamientos de radioterapia y 290 mil quimioterapias.<\/p>\n<p>En el \u00faltimo a\u00f1o ha otorgado m\u00e1s 63 mil consultas, 3 mil 230 cirug\u00edas, m\u00e1s de 31 mil an\u00e1lisis patol\u00f3gicos, m\u00e1s de 9 mil 500 radioterapias, m\u00e1s de 20 mil estudios de medicina nuclear y m\u00e1s de 2 mil 700 aplicaciones de quimioterapia, de las cuales, actualmente se tienen 4 mil 357 pacientes con tratamiento activo.<\/p>\n<p>Por ello, y para conmemorar el 19 aniversario de este Centro Oncol\u00f3gico Estatal, durante estos d\u00edas y hasta el 16 de agosto, se llevar\u00e1n a cabo las jornadas acad\u00e9micas con ponencias de especialistas e intercambio de experiencias, con el prop\u00f3sito de encontrar nuevas alternativas en el tratamiento del c\u00e1ncer.<\/p>\n","protected":false},"excerpt":{"rendered":"<p>Durante la conmemoraci\u00f3n por el 19 aniversario del Centro Oncol\u00f3gico Estatal (COE) del ISSEMyM, Ignacio Salgado Garc\u00eda, Director General del Instituto de Seguridad Social del Estado de M\u00e9xico y Municipios (ISSEMyM), se\u00f1al\u00f3 que este nosocomio tiene casi dos d\u00e9cadas de ser referente a nivel mundial en el tratamiento integral del c\u00e1ncer, as\u00ed como de ofrecer un trato digno y atenci\u00f3n de calidad a los derechohabientes.<\/p>\n","protected":false},"author":3,"featured_media":629942,"comment_status":"open","ping_status":"open","sticky":false,"template":"","format":"standard","meta":{"_monsterinsights_skip_tracking":false,"_monsterinsights_sitenote_active":false,"_monsterinsights_sitenote_note":"","_monsterinsights_sitenote_category":0,"footnotes":""},"categories":[18863,99730],"tags":[1466,100607,699],"class_list":["post-629847","post","type-post","status-publish","format-standard","has-post-thumbnail","hentry","category-salud-edomex","category-edomex","tag-cancer","tag-cenro-oncologico-estatal","tag-issemym"],"_links":{"self":[{"href":"https:\/\/www.diarioimagen.net\/index.php?rest_route=\/wp\/v2\/posts\/629847","targetHints":{"allow":["GET"]}}],"collection":[{"href":"https:\/\/www.diarioimagen.net\/index.php?rest_route=\/wp\/v2\/posts"}],"about":[{"href":"https:\/\/www.diarioimagen.net\/index.php?rest_route=\/wp\/v2\/types\/post"}],"author":[{"embeddable":true,"href":"https:\/\/www.diarioimagen.net\/index.php?rest_route=\/wp\/v2\/users\/3"}],"replies":[{"embeddable":true,"href":"https:\/\/www.diarioimagen.net\/index.php?rest_route=%2Fwp%2Fv2%2Fcomments&post=629847"}],"version-history":[{"count":0,"href":"https:\/\/www.diarioimagen.net\/index.php?rest_route=\/wp\/v2\/posts\/629847\/revisions"}],"wp:featuredmedia":[{"embeddable":true,"href":"https:\/\/www.diarioimagen.net\/index.php?rest_route=\/wp\/v2\/media\/629942"}],"wp:attachment":[{"href":"https:\/\/www.diarioimagen.net\/index.php?rest_route=%2Fwp%2Fv2%2Fmedia&parent=629847"}],"wp:term":[{"taxonomy":"category","embeddable":true,"href":"https:\/\/www.diarioimagen.net\/index.php?rest_route=%2Fwp%2Fv2%2Fcategories&post=629847"},{"taxonomy":"post_tag","embeddable":true,"href":"https:\/\/www.diarioimagen.net\/index.php?rest_route=%2Fwp%2Fv2%2Ftags&post=629847"}],"curies":[{"name":"wp","href":"https:\/\/api.w.org\/{rel}","templated":true}]}}