{"id":629849,"date":"2024-08-15T00:02:11","date_gmt":"2024-08-15T06:02:11","guid":{"rendered":"https:\/\/www.diarioimagen.net\/?p=629849"},"modified":"2024-08-15T00:02:57","modified_gmt":"2024-08-15T06:02:57","slug":"es-necesario-fortalecer-al-pan-desde-su-interior-senala-anuar-azar-figueroa","status":"publish","type":"post","link":"https:\/\/www.diarioimagen.net\/?p=629849","title":{"rendered":"Es necesario fortalecer al PAN desde su interior, se\u00f1ala Anuar Azar Figueroa"},"content":{"rendered":"<p>&nbsp;<\/p>\n<ul>\n<li><em><strong>Inaugura oficinas en Toluca<\/strong><\/em><\/li>\n<\/ul>\n<p>&nbsp;<\/p>\n<div id=\"attachment_629936\" style=\"width: 470px\" class=\"wp-caption aligncenter\"><a href=\"https:\/\/www.diarioimagen.net\/?attachment_id=629936\" rel=\"attachment wp-att-629936\"><img loading=\"lazy\" decoding=\"async\" aria-describedby=\"caption-attachment-629936\" class=\"size-full wp-image-629936\" src=\"https:\/\/www.diarioimagen.net\/wp-content\/uploads\/2024\/08\/es-necesario-fortalecer.jpg\" alt=\"\" width=\"460\" height=\"270\" srcset=\"https:\/\/www.diarioimagen.net\/wp-content\/uploads\/2024\/08\/es-necesario-fortalecer.jpg 460w, https:\/\/www.diarioimagen.net\/wp-content\/uploads\/2024\/08\/es-necesario-fortalecer-240x141.jpg 240w\" sizes=\"auto, (max-width: 460px) 100vw, 460px\" \/><\/a><p id=\"caption-attachment-629936\" class=\"wp-caption-text\">Anuar Azar Figueroa, presidente del Comit\u00e9 Directivo Estatal del PAN mexiquense, inaugur\u00f3 las oficinas regionales del blanquiazul en Toluca.<\/p><\/div>\n<p>&nbsp;<\/p>\n<p><strong>Toluca, Estado de M\u00e9xico.\u2014<\/strong> El Partido Acci\u00f3n Nacional (PAN) es el mejor instituto pol\u00edtico de M\u00e9xico, pero es necesario seguir trabajando en una reflexi\u00f3n a conciencia para replantear, debatir y fortalecer al partido desde su interior.<\/p>\n<p>Afirm\u00f3 lo anterior, Anuar Azar Figueroa, presidente del Comit\u00e9 Directivo Estatal del albiazul mexiquense al inaugurar las oficinas regionales ante el senador electo Enrique Vargas del Villar, as\u00ed como coordinadores panistas estatales y federales, legisladores, presidentes municipales, consejeras y consejeros estatales y nacionales.<\/p>\n<p>Anuar Azar subray\u00f3 la importancia de \u201cretomar los principios y valores de esta doctrina que por casi 85 a\u00f1os han servido para fortalecer el crecimiento del estado mexiquense y del pa\u00eds\u201d .<\/p>\n<p>Por su parte, Enrique Vargas del Villar expres\u00f3 que \u00e9ste fue el arranque de una nueva etapa para el panismo mexiquense, en la que se trabajar\u00e1 como equipo, en unidad y compa\u00f1erismo para enfrentar de la mejor manera el 2027, 2029 y 2030, por lo que hizo un llamado para empezar a trabajar desde este momento.<\/p>\n<p>Asimismo, reiter\u00f3 que la relaci\u00f3n dentro del panismo mexiquense se ha fortalecido y hoy las condiciones est\u00e1n dadas para mejorarlas desde su ra\u00edz, y dej\u00f3 en claro que el proyecto de unidad est\u00e1 m\u00e1s s\u00f3lido que nunca.<\/p>\n<p>\u201cAnuar y yo somos equipo y hemos trabajado juntos, los acuerdos que se han hecho por el bien del Edomex se han respetado y se van a seguir respetando para sacar adelante al partido, y a eso me comprometo. Tenemos que darle vuelta a la hoja y trabajar unidos\u201d, precis\u00f3.<\/p>\n","protected":false},"excerpt":{"rendered":"<p>El Partido Acci\u00f3n Nacional (PAN) es el mejor instituto pol\u00edtico de M\u00e9xico, pero es necesario seguir trabajando en una reflexi\u00f3n a conciencia para replantear, debatir y fortalecer al partido desde su interior.<\/p>\n","protected":false},"author":3,"featured_media":629936,"comment_status":"open","ping_status":"open","sticky":false,"template":"","format":"standard","meta":{"_monsterinsights_skip_tracking":false,"_monsterinsights_sitenote_active":false,"_monsterinsights_sitenote_note":"","_monsterinsights_sitenote_category":0,"footnotes":""},"categories":[5],"tags":[93709,43675,452],"class_list":["post-629849","post","type-post","status-publish","format-standard","has-post-thumbnail","hentry","category-estado-de-mexico","tag-anuar-azar-figueroa","tag-estado-de-mexico","tag-toluca"],"_links":{"self":[{"href":"https:\/\/www.diarioimagen.net\/index.php?rest_route=\/wp\/v2\/posts\/629849","targetHints":{"allow":["GET"]}}],"collection":[{"href":"https:\/\/www.diarioimagen.net\/index.php?rest_route=\/wp\/v2\/posts"}],"about":[{"href":"https:\/\/www.diarioimagen.net\/index.php?rest_route=\/wp\/v2\/types\/post"}],"author":[{"embeddable":true,"href":"https:\/\/www.diarioimagen.net\/index.php?rest_route=\/wp\/v2\/users\/3"}],"replies":[{"embeddable":true,"href":"https:\/\/www.diarioimagen.net\/index.php?rest_route=%2Fwp%2Fv2%2Fcomments&post=629849"}],"version-history":[{"count":0,"href":"https:\/\/www.diarioimagen.net\/index.php?rest_route=\/wp\/v2\/posts\/629849\/revisions"}],"wp:featuredmedia":[{"embeddable":true,"href":"https:\/\/www.diarioimagen.net\/index.php?rest_route=\/wp\/v2\/media\/629936"}],"wp:attachment":[{"href":"https:\/\/www.diarioimagen.net\/index.php?rest_route=%2Fwp%2Fv2%2Fmedia&parent=629849"}],"wp:term":[{"taxonomy":"category","embeddable":true,"href":"https:\/\/www.diarioimagen.net\/index.php?rest_route=%2Fwp%2Fv2%2Fcategories&post=629849"},{"taxonomy":"post_tag","embeddable":true,"href":"https:\/\/www.diarioimagen.net\/index.php?rest_route=%2Fwp%2Fv2%2Ftags&post=629849"}],"curies":[{"name":"wp","href":"https:\/\/api.w.org\/{rel}","templated":true}]}}