{"id":629851,"date":"2024-08-15T00:01:24","date_gmt":"2024-08-15T06:01:24","guid":{"rendered":"https:\/\/www.diarioimagen.net\/?p=629851"},"modified":"2024-08-15T00:02:11","modified_gmt":"2024-08-15T06:02:11","slug":"empresarios-son-pieza-fundamental-para-el-desarrollo-liliana-arredondo-olvera","status":"publish","type":"post","link":"https:\/\/www.diarioimagen.net\/?p=629851","title":{"rendered":"Empresarios son pieza fundamental para el desarrollo: Liliana Arredondo Olvera"},"content":{"rendered":"<p>&nbsp;<\/p>\n<ul>\n<li><em><strong>Compromiso para impulsar el empleo<\/strong><\/em><\/li>\n<\/ul>\n<p><strong>\u00a0<\/strong><\/p>\n<h6>Arturo Baena<\/h6>\n<p>&nbsp;<\/p>\n<div id=\"attachment_629934\" style=\"width: 470px\" class=\"wp-caption aligncenter\"><a href=\"https:\/\/www.diarioimagen.net\/?attachment_id=629934\" rel=\"attachment wp-att-629934\"><img loading=\"lazy\" decoding=\"async\" aria-describedby=\"caption-attachment-629934\" class=\"size-full wp-image-629934\" src=\"https:\/\/www.diarioimagen.net\/wp-content\/uploads\/2024\/08\/empresarios-pieza-fundamental.jpg\" alt=\"\" width=\"460\" height=\"270\" srcset=\"https:\/\/www.diarioimagen.net\/wp-content\/uploads\/2024\/08\/empresarios-pieza-fundamental.jpg 460w, https:\/\/www.diarioimagen.net\/wp-content\/uploads\/2024\/08\/empresarios-pieza-fundamental-240x141.jpg 240w\" sizes=\"auto, (max-width: 460px) 100vw, 460px\" \/><\/a><p id=\"caption-attachment-629934\" class=\"wp-caption-text\">Liliana Arredondo Olvera, presidenta regional de Relaciones P\u00fablicas de la Asociaci\u00f3n de Empresarios y Ciudades Hermanas A. C., durante un encuentro empresarial.<\/p><\/div>\n<p>&nbsp;<\/p>\n<p><strong>Valle de M\u00e9xico.\u2014<\/strong> \u201cLa generaci\u00f3n de empleos juega un papel fundamental en el desarrollo econ\u00f3mico y social de cualquier pa\u00eds. Proporciona medios de subsistencia para los individuos y sus familias, es por ello que los empresarios son una pieza fundamental y en ello no daremos marcha atr\u00e1s\u201d.<\/p>\n<p>As\u00ed lo expres\u00f3 Liliana Arredondo Olvera, presidenta regional de Relaciones P\u00fablicas de la Asociaci\u00f3n de Empresarios y Ciudades Hermanas A. C. (AECHAC), durante un encuentro empresarial en el que particip\u00f3 la empresa de seguros \u201cGrupo Jiro y Asociados\u201d, y otras m\u00e1s, para promover la generaci\u00f3n de empleos en el pa\u00eds. Durante la reuni\u00f3n empresarial se encontraban Ricardo Jim\u00e9nez, H\u00e9ctor Aguilera, Mart\u00edn Zambrano, Yolanda, Amigot, y Ekvi Chanona, entre otros grandes empresarios. convocados por AECHAC, se comprometieron a seguir impulsando el empleo para el empoderamiento de las familias mexicanas.<\/p>\n<p>Por otra parte, Liliana Arredondo adelant\u00f3 que sin duda se contar\u00e1 con una buena relaci\u00f3n con el gobierno entrante de la doctora Claudia Sheinbaum, tal y como ha prevalecido con la administraci\u00f3n de Andr\u00e9s Manuel L\u00f3pez Obrador.<\/p>\n<p>\u201cEl empresariado seguir\u00e1 trabajando para continuar con las condiciones y confianza y as\u00ed posicionar a M\u00e9xico como un destino \u00f3ptimo para las inversiones, haciendo hincapi\u00e9 en la importancia de mantener un buen clima de negocios y hermandad\u201d, concluy\u00f3.<\/p>\n","protected":false},"excerpt":{"rendered":"<p>\u201cLa generaci\u00f3n de empleos juega un papel fundamental en el desarrollo econ\u00f3mico y social de cualquier pa\u00eds. Proporciona medios de subsistencia para los individuos y sus familias, es por ello que los empresarios son una pieza fundamental y en ello no daremos marcha atr\u00e1s\u201d.<\/p>\n","protected":false},"author":3,"featured_media":629934,"comment_status":"open","ping_status":"open","sticky":false,"template":"","format":"standard","meta":{"_monsterinsights_skip_tracking":false,"_monsterinsights_sitenote_active":false,"_monsterinsights_sitenote_note":"","_monsterinsights_sitenote_category":0,"footnotes":""},"categories":[5],"tags":[31416,100608,34],"class_list":["post-629851","post","type-post","status-publish","format-standard","has-post-thumbnail","hentry","category-estado-de-mexico","tag-desarrollo","tag-pieza","tag-valle-de-mexico"],"_links":{"self":[{"href":"https:\/\/www.diarioimagen.net\/index.php?rest_route=\/wp\/v2\/posts\/629851","targetHints":{"allow":["GET"]}}],"collection":[{"href":"https:\/\/www.diarioimagen.net\/index.php?rest_route=\/wp\/v2\/posts"}],"about":[{"href":"https:\/\/www.diarioimagen.net\/index.php?rest_route=\/wp\/v2\/types\/post"}],"author":[{"embeddable":true,"href":"https:\/\/www.diarioimagen.net\/index.php?rest_route=\/wp\/v2\/users\/3"}],"replies":[{"embeddable":true,"href":"https:\/\/www.diarioimagen.net\/index.php?rest_route=%2Fwp%2Fv2%2Fcomments&post=629851"}],"version-history":[{"count":0,"href":"https:\/\/www.diarioimagen.net\/index.php?rest_route=\/wp\/v2\/posts\/629851\/revisions"}],"wp:featuredmedia":[{"embeddable":true,"href":"https:\/\/www.diarioimagen.net\/index.php?rest_route=\/wp\/v2\/media\/629934"}],"wp:attachment":[{"href":"https:\/\/www.diarioimagen.net\/index.php?rest_route=%2Fwp%2Fv2%2Fmedia&parent=629851"}],"wp:term":[{"taxonomy":"category","embeddable":true,"href":"https:\/\/www.diarioimagen.net\/index.php?rest_route=%2Fwp%2Fv2%2Fcategories&post=629851"},{"taxonomy":"post_tag","embeddable":true,"href":"https:\/\/www.diarioimagen.net\/index.php?rest_route=%2Fwp%2Fv2%2Ftags&post=629851"}],"curies":[{"name":"wp","href":"https:\/\/api.w.org\/{rel}","templated":true}]}}