{"id":629853,"date":"2024-08-15T00:04:49","date_gmt":"2024-08-15T06:04:49","guid":{"rendered":"https:\/\/www.diarioimagen.net\/?p=629853"},"modified":"2024-08-15T00:35:58","modified_gmt":"2024-08-15T06:35:58","slug":"conmemora-el-smsem-el-dia-de-la-unidad-sindical","status":"publish","type":"post","link":"https:\/\/www.diarioimagen.net\/?p=629853","title":{"rendered":"Conmemora el SMSEM el \u201cD\u00eda de la Unidad\u00a0Sindical\u201d"},"content":{"rendered":"<p>&nbsp;<\/p>\n<ul>\n<li><em><strong>Destaca Marco Aurelio Carbajal logros<\/strong><\/em><\/li>\n<\/ul>\n<p>&nbsp;<\/p>\n<div id=\"attachment_629940\" style=\"width: 470px\" class=\"wp-caption aligncenter\"><a href=\"https:\/\/www.diarioimagen.net\/?attachment_id=629940\" rel=\"attachment wp-att-629940\"><img loading=\"lazy\" decoding=\"async\" aria-describedby=\"caption-attachment-629940\" class=\"size-full wp-image-629940\" src=\"https:\/\/www.diarioimagen.net\/wp-content\/uploads\/2024\/08\/conmemora-smsem.jpg\" alt=\"\" width=\"460\" height=\"270\" srcset=\"https:\/\/www.diarioimagen.net\/wp-content\/uploads\/2024\/08\/conmemora-smsem.jpg 460w, https:\/\/www.diarioimagen.net\/wp-content\/uploads\/2024\/08\/conmemora-smsem-240x141.jpg 240w\" sizes=\"auto, (max-width: 460px) 100vw, 460px\" \/><\/a><p id=\"caption-attachment-629940\" class=\"wp-caption-text\">El Sindicato de Maestros al Servicio del Estado de M\u00e9xico, celebr\u00f3 el \u201cD\u00eda de la Unidad Sindical\u201d, a la que asisti\u00f3 Miguel \u00c1ngel Hern\u00e1ndez Espejel, titular de la SECT.<\/p><\/div>\n<p>&nbsp;<\/p>\n<p><strong>Toluca, Estado de M\u00e9xico.\u2014<\/strong> El Sindicato de Maestros al Servicio del Estado de M\u00e9xico (SMSEM) celebr\u00f3 el \u201cD\u00eda de la Unidad Sindical\u201d, el cual fue presidido por Marco Aurelio Carbajal Leyva, secretario general del gremio, quien destac\u00f3 la importancia de la unidad como el principal compromiso que tiene con los docentes.<\/p>\n<p>Durante la ceremonia, Carbajal Leyva exhort\u00f3 a los presentes a renovar su compromiso con el sindicato y resalt\u00f3 que la unidad es fundamental para salvaguardar el bienestar social. En su discurso, record\u00f3 los logros alcanzados durante los dos a\u00f1os y diez meses de su gesti\u00f3n.<\/p>\n<p>El evento cont\u00f3 con la participaci\u00f3n de Miguel \u00c1ngel Hern\u00e1ndez Espejel, titular de la Secretar\u00eda de Educaci\u00f3n, Ciencia, Tecnolog\u00eda e Innovaci\u00f3n del Estado de M\u00e9xico (SECTI), quien reafirm\u00f3 la importancia de la unidad para avanzar y obtener mejores beneficios para el gremio.<\/p>\n<p>Hern\u00e1ndez Espejel subray\u00f3 que el lema del sindicato, \u201cJuntos y Unidos hacemos m\u00e1s\u201d, refleja el esp\u00edritu de colaboraci\u00f3n que ha permitido obtener buenos resultados en la negociaci\u00f3n del pliego petitorio.<\/p>\n<p>\u201cLa Unidad es lo que necesita el maestro; bien lo dice el lema del Sindicato, \u201cJuntos y Unidos hacemos m\u00e1s\u201d y hacemos m\u00e1s por los maestros y un ejemplo est\u00e1 en la negociaci\u00f3n del Pliego Petitorio que afortunadamente se lleg\u00f3 a la conclusi\u00f3n y con buenos beneficios\u201d, dijo el titular de la SECTI.<\/p>\n","protected":false},"excerpt":{"rendered":"<p>El Sindicato de Maestros al Servicio del Estado de M\u00e9xico (SMSEM) celebr\u00f3 el \u201cD\u00eda de la Unidad Sindical\u201d, el cual fue presidido por Marco Aurelio Carbajal Leyva, secretario general del gremio, quien destac\u00f3 la importancia de la unidad como el principal compromiso que tiene con los docentes.<\/p>\n","protected":false},"author":3,"featured_media":629940,"comment_status":"open","ping_status":"open","sticky":false,"template":"","format":"standard","meta":{"_monsterinsights_skip_tracking":false,"_monsterinsights_sitenote_active":false,"_monsterinsights_sitenote_note":"","_monsterinsights_sitenote_category":0,"footnotes":""},"categories":[5],"tags":[100609,43675,452],"class_list":["post-629853","post","type-post","status-publish","format-standard","has-post-thumbnail","hentry","category-estado-de-mexico","tag-dia-de-la-unidad-sindical","tag-estado-de-mexico","tag-toluca"],"_links":{"self":[{"href":"https:\/\/www.diarioimagen.net\/index.php?rest_route=\/wp\/v2\/posts\/629853","targetHints":{"allow":["GET"]}}],"collection":[{"href":"https:\/\/www.diarioimagen.net\/index.php?rest_route=\/wp\/v2\/posts"}],"about":[{"href":"https:\/\/www.diarioimagen.net\/index.php?rest_route=\/wp\/v2\/types\/post"}],"author":[{"embeddable":true,"href":"https:\/\/www.diarioimagen.net\/index.php?rest_route=\/wp\/v2\/users\/3"}],"replies":[{"embeddable":true,"href":"https:\/\/www.diarioimagen.net\/index.php?rest_route=%2Fwp%2Fv2%2Fcomments&post=629853"}],"version-history":[{"count":0,"href":"https:\/\/www.diarioimagen.net\/index.php?rest_route=\/wp\/v2\/posts\/629853\/revisions"}],"wp:featuredmedia":[{"embeddable":true,"href":"https:\/\/www.diarioimagen.net\/index.php?rest_route=\/wp\/v2\/media\/629940"}],"wp:attachment":[{"href":"https:\/\/www.diarioimagen.net\/index.php?rest_route=%2Fwp%2Fv2%2Fmedia&parent=629853"}],"wp:term":[{"taxonomy":"category","embeddable":true,"href":"https:\/\/www.diarioimagen.net\/index.php?rest_route=%2Fwp%2Fv2%2Fcategories&post=629853"},{"taxonomy":"post_tag","embeddable":true,"href":"https:\/\/www.diarioimagen.net\/index.php?rest_route=%2Fwp%2Fv2%2Ftags&post=629853"}],"curies":[{"name":"wp","href":"https:\/\/api.w.org\/{rel}","templated":true}]}}