{"id":629989,"date":"2024-08-16T00:02:38","date_gmt":"2024-08-16T06:02:38","guid":{"rendered":"https:\/\/www.diarioimagen.net\/?p=629989"},"modified":"2024-08-19T01:00:36","modified_gmt":"2024-08-19T07:00:36","slug":"la-cdmx-ya-no-es-santuario-para-migrantes-medicos-sin-fronteras","status":"publish","type":"post","link":"https:\/\/www.diarioimagen.net\/?p=629989","title":{"rendered":"La CDMX ya no es \u201csantuario\u201d para migrantes: M\u00e9dicos sin Fronteras"},"content":{"rendered":"<p><strong>\u00a0<\/strong><\/p>\n<h2 style=\"text-align: center;\">Falta de albergues seguros y limitaci\u00f3n de tr\u00e1mites<\/h2>\n<p><em>\u00a0<\/em><\/p>\n<ul>\n<li><strong><em>Se registra un aumento de casos de\u00a0 violencia sexual, extorsi\u00f3n y secuestro<\/em><\/strong><\/li>\n<\/ul>\n<p>&nbsp;<\/p>\n<div id=\"attachment_630090\" style=\"width: 470px\" class=\"wp-caption aligncenter\"><a href=\"https:\/\/www.diarioimagen.net\/?attachment_id=630090\" rel=\"attachment wp-att-630090\"><img loading=\"lazy\" decoding=\"async\" aria-describedby=\"caption-attachment-630090\" class=\"size-full wp-image-630090\" src=\"https:\/\/www.diarioimagen.net\/wp-content\/uploads\/2024\/08\/cdmx-ya-no-es-santuario.jpg\" alt=\"\" width=\"460\" height=\"270\" srcset=\"https:\/\/www.diarioimagen.net\/wp-content\/uploads\/2024\/08\/cdmx-ya-no-es-santuario.jpg 460w, https:\/\/www.diarioimagen.net\/wp-content\/uploads\/2024\/08\/cdmx-ya-no-es-santuario-240x141.jpg 240w\" sizes=\"auto, (max-width: 460px) 100vw, 460px\" \/><\/a><p id=\"caption-attachment-630090\" class=\"wp-caption-text\">La organizaci\u00f3n internacional M\u00e9dicos Sin Fronteras (MSF) registra un aumento de violencias contra personas extranjeras indocumentadas, por lo que ya no es posible hablar de la Ciudad de M\u00e9xico como un \u201csantuario\u201d para los migrantes.<\/p><\/div>\n<p>&nbsp;<\/p>\n<p>Ante la limitaci\u00f3n a tr\u00e1mites de regularizaci\u00f3n migratoria, la escasez de albergues seguros y dignos, as\u00ed como el aumento de violencias contra personas extranjeras indocumentadas, ya no es posible hablar de la Ciudad de M\u00e9xico como un \u201csantuario\u201d para esta poblaci\u00f3n, afirm\u00f3 la organizaci\u00f3n internacional M\u00e9dicos Sin Fronteras (MSF).<\/p>\n<p>Se\u00f1al\u00f3 que se ha registrado un alza en casos de violencia sexual, cobro de suelo, extorsi\u00f3n y secuestro que victimizan a los migrantes, pues entre enero y junio de estea\u00f1o, MSF detect\u00f3 83 casos de violencia sexual, lo cual configura un alza de 80.43 por ciento en comparaci\u00f3n con el mismo periodo del 2023, cuando sumaron 46.<\/p>\n<p>La organizaci\u00f3n expuso que se tiene el hecho de que \u201cla violencia en cualquiera de sus formas es, con distancia, el principal motivo de consulta para las personas migrantes que se acercan a las cl\u00ednicas m\u00f3viles de MSF: el 69 por ciento buscan atenci\u00f3n por este motivo\u201d.<\/p>\n<p>\u201cLa negligencia de las instituciones p\u00fablicas se convierte en una barrera permanente para que las personas accedan a atenci\u00f3n humanitaria, que incluye protecci\u00f3n, albergue, los medios b\u00e1sicos de subsistencia y servicios de salud f\u00edsica y mental\u201d, sostuvo Israel Res\u00e9ndiz, gestor de actividades m\u00f3viles de MSF.<\/p>\n<p>Expuso que hasta hace un tiempo, los extranjeros que llegaban a la Ciudad de M\u00e9xico encontraban un respiro a las hostilidades del viaje por cuenta de la oferta de servicios de salud, albergue y acceso a tr\u00e1mites migratorios que escasean en otras partes del pa\u00eds.<\/p>\n<p>\u201cHoy en d\u00eda es todo lo contrario; se ven obligados a vivir en la calle, con grandes limitaciones de acceso a atenci\u00f3n sanitaria y sin posibilidades de recibir protecci\u00f3n\u201d, se\u00f1al\u00f3.<\/p>\n<p>Refiri\u00f3 que desde hace varios meses MSF ha denunciado la escasez de espacios de albergue seguros y dignos para la poblaci\u00f3n migrante en la ciudad; sin embargo, \u201cesta situaci\u00f3n no ha hecho m\u00e1s que empeorar en los \u00faltimos meses\u201d.<\/p>\n<p>Res\u00e9ndiz indic\u00f3 que han observado c\u00f3mo los intentos de las autoridades para atender la situaci\u00f3n \u201chan resultado fallidos, como en el caso de la apertura y cierre intempestivo del albergue de Tl\u00e1huac en 2023 y de la Casa del migrante en 2024. Al mismo tiempo, los albergues de la sociedad civil se encuentran saturados y con grandes retos para su funcionamiento\u201d.<\/p>\n<p>En este sentido, se\u00f1al\u00f3 que tan s\u00f3lo en el mes de julio, \u201cante la negligencia institucional de la ciudad para atender las necesidades de la poblaci\u00f3n en movimiento, han proliferado o aumentado la cantidad de personas en los campamentos informales en sitios como la Plaza de La Soledad, colonia La Merced, y El Camell\u00f3n y Las v\u00edas, cerca de la Terminal de Autobuses del Norte\u201d.<\/p>\n<p>En cada uno de estos tres lugares, dijo, se aglutinan aproximadamente entre 800 y mil 200 personas, entre las que se encuentra una gran proporci\u00f3n de ni\u00f1as, ni\u00f1os y adolescentes, mujeres embarazadas y personas con necesidades en salud, \u201cque son m\u00e1s vulnerables a los efectos negativos de vivir bajo estas p\u00e9simas condiciones de h\u00e1bitat y seguridad\u201d.<\/p>\n<p style=\"text-align: center;\"><strong>Migrantes expuestos a todos los riesgos <\/strong><\/p>\n<p>Esta situaci\u00f3n de abandono institucional se traduce en m\u00faltiples afectaciones para el bienestar f\u00edsico y emocional de las personas migrantes. Quienes carecen de albergue se ven obligados a dormir en la calle. Lo cual los hace m\u00e1s propensos a sufrir enfermedades respiratorias, infecciones gastrointestinales y agrava las condiciones cr\u00f3nicas que podr\u00edan tener desde su lugar de origen, as\u00ed como impacta negativamente su salud mental.<\/p>\n<p>Las condiciones precarias de h\u00e1bitat, la incertidumbre de su situaci\u00f3n, la separaci\u00f3n familiar, y la no atenci\u00f3n de esta necesidad conlleva al desarrollo de trastornos tales como ansiedad, depresi\u00f3n y trastorno de estr\u00e9s postraum\u00e1tico principalmente.\u00a0 Adem\u00e1s, enfrentan una precaria situaci\u00f3n de seguridad cuando deber\u00edan ser objeto de protecci\u00f3n internacional.<\/p>\n<p>Esto \u00faltimo se ha visto agravado debido al cierre durante varias semanas de las oficinas de la Comisi\u00f3n Mexicana de Ayuda al Refugiado (COMAR) en la colonia Ju\u00e1rez, CDMX. Tras a\u00f1os de ser la \u00fanica instancia que tramitaba las solicitudes de asilo en la ciudad, en junio y julio esta entidad gubernamental dej\u00f3 de prestar sus servicios. \u201cConocemos casos de personas que hab\u00edan empezado su proceso de solicitud de asilo y no lo han podido continuar esta situaci\u00f3n. Lo que tiene graves implicaciones para quienes necesitan encontrar protecci\u00f3n y seguridad a trav\u00e9s de esta figura\u201d, concluy\u00f3 Res\u00e9ndiz.<\/p>\n","protected":false},"excerpt":{"rendered":"<p>Ante la limitaci\u00f3n a tr\u00e1mites de regularizaci\u00f3n migratoria, la escasez de albergues seguros y dignos, as\u00ed como el aumento de violencias contra personas extranjeras indocumentadas, ya no es posible hablar de la Ciudad de M\u00e9xico como un \u201csantuario\u201d para esta poblaci\u00f3n, afirm\u00f3 la organizaci\u00f3n internacional M\u00e9dicos Sin Fronteras (MSF).<\/p>\n","protected":false},"author":3,"featured_media":630090,"comment_status":"open","ping_status":"open","sticky":false,"template":"","format":"standard","meta":{"_monsterinsights_skip_tracking":false,"_monsterinsights_sitenote_active":false,"_monsterinsights_sitenote_note":"","_monsterinsights_sitenote_category":0,"footnotes":""},"categories":[17,6],"tags":[34444,100616,10383],"class_list":["post-629989","post","type-post","status-publish","format-standard","has-post-thumbnail","hentry","category-especiales","category-cd-de-mexico","tag-cdmx","tag-medicos-sin-fronteras","tag-migrantes"],"_links":{"self":[{"href":"https:\/\/www.diarioimagen.net\/index.php?rest_route=\/wp\/v2\/posts\/629989","targetHints":{"allow":["GET"]}}],"collection":[{"href":"https:\/\/www.diarioimagen.net\/index.php?rest_route=\/wp\/v2\/posts"}],"about":[{"href":"https:\/\/www.diarioimagen.net\/index.php?rest_route=\/wp\/v2\/types\/post"}],"author":[{"embeddable":true,"href":"https:\/\/www.diarioimagen.net\/index.php?rest_route=\/wp\/v2\/users\/3"}],"replies":[{"embeddable":true,"href":"https:\/\/www.diarioimagen.net\/index.php?rest_route=%2Fwp%2Fv2%2Fcomments&post=629989"}],"version-history":[{"count":0,"href":"https:\/\/www.diarioimagen.net\/index.php?rest_route=\/wp\/v2\/posts\/629989\/revisions"}],"wp:featuredmedia":[{"embeddable":true,"href":"https:\/\/www.diarioimagen.net\/index.php?rest_route=\/wp\/v2\/media\/630090"}],"wp:attachment":[{"href":"https:\/\/www.diarioimagen.net\/index.php?rest_route=%2Fwp%2Fv2%2Fmedia&parent=629989"}],"wp:term":[{"taxonomy":"category","embeddable":true,"href":"https:\/\/www.diarioimagen.net\/index.php?rest_route=%2Fwp%2Fv2%2Fcategories&post=629989"},{"taxonomy":"post_tag","embeddable":true,"href":"https:\/\/www.diarioimagen.net\/index.php?rest_route=%2Fwp%2Fv2%2Ftags&post=629989"}],"curies":[{"name":"wp","href":"https:\/\/api.w.org\/{rel}","templated":true}]}}