{"id":630031,"date":"2024-08-16T00:01:21","date_gmt":"2024-08-16T06:01:21","guid":{"rendered":"https:\/\/www.diarioimagen.net\/?p=630031"},"modified":"2024-08-18T22:03:40","modified_gmt":"2024-08-19T04:03:40","slug":"emite-ssa-aviso-epidemiologico-por-aumento-de-casos-de-mpox-en-africa","status":"publish","type":"post","link":"https:\/\/www.diarioimagen.net\/?p=630031","title":{"rendered":"Emite la Ssa aviso epidemiol\u00f3gico por aumento de casos de mpox en \u00c1frica"},"content":{"rendered":"<p>&nbsp;<\/p>\n<ul>\n<li><em><strong>Aumenta el riesgo de incidencia para M\u00e9xico<\/strong><\/em><\/li>\n<\/ul>\n<p>&nbsp;<\/p>\n<div id=\"attachment_630092\" style=\"width: 470px\" class=\"wp-caption aligncenter\"><a href=\"https:\/\/www.diarioimagen.net\/?attachment_id=630092\" rel=\"attachment wp-att-630092\"><img loading=\"lazy\" decoding=\"async\" aria-describedby=\"caption-attachment-630092\" class=\"size-full wp-image-630092\" src=\"https:\/\/www.diarioimagen.net\/wp-content\/uploads\/2024\/08\/emite-ssa-aviso.jpg\" alt=\"\" width=\"460\" height=\"270\" srcset=\"https:\/\/www.diarioimagen.net\/wp-content\/uploads\/2024\/08\/emite-ssa-aviso.jpg 460w, https:\/\/www.diarioimagen.net\/wp-content\/uploads\/2024\/08\/emite-ssa-aviso-240x141.jpg 240w\" sizes=\"auto, (max-width: 460px) 100vw, 460px\" \/><\/a><p id=\"caption-attachment-630092\" class=\"wp-caption-text\">Brotes de mpox, principalmente en pa\u00edses de \u00c1frica y con una variante distinta a la de 2022, incrementa el riesgo de incidencia para M\u00e9xico, declar\u00f3 la Secretar\u00eda de Salud.<\/p><\/div>\n<p>&nbsp;<\/p>\n<p>Debido al aumento de casos de a mpox en \u00c1frica, cuyo brote fue declarado por la Organizaci\u00f3n Mundial de la Salud (OMS) como emergencia de salud p\u00fablica de alcance internacional, el Comit\u00e9 Nacional para la Vigilancia Epidemiol\u00f3gica (Conave) public\u00f3 el aviso epidemiol\u00f3gico, inform\u00f3 la Secretar\u00eda de Salud (Ssa).<\/p>\n<p>A trav\u00e9s de un comunicado, la Ssa alert\u00f3 que los actuales brotes en territorio africano \u201cincrementan riesgo de diseminaci\u00f3n internacional por una variante distinta a la del brote de 2022\u201d.<\/p>\n<p>\u201cEl objetivo del aviso es que las unidades m\u00e9dicas en todo el pa\u00eds vigilen y notifiquen los casos probables para reducir en lo posible las cadenas de contagio y proporcionar a las personas enfermas atenci\u00f3n m\u00e9dica de forma oportuna. Conave retoma las definiciones operacionales de caso probable, confirmado y descartado con base en las recomendaciones de la Organizaci\u00f3n Mundial de la Salud (OMS)\u201d. La Ssa indic\u00f3 que el aviso se\u00f1ala las acciones que debe realizar el personal m\u00e9dico en las unidades m\u00e9dicas de atenci\u00f3n ante la identificaci\u00f3n de un caso probable.<\/p>\n<p>El documento refiere que la ocurrencia de brotes de mpox, principalmente en pa\u00edses de \u00c1frica y con una variante distinta a la de 2022, incrementa el riesgo de incidencia para M\u00e9xico.<\/p>\n<p>Aunado a lo anterior, en la regi\u00f3n africana circula una variante del llamado clado I, la cual, en dicha regi\u00f3n se asocia con transmisi\u00f3n sostenida y casos en mayor rango de edad, incluyendo personas menores de 15 a\u00f1os.<\/p>\n<p>Por ello, la OMS exhort\u00f3 a los Estados miembros a que se mantengan vigilantes ante la posibilidad de introducci\u00f3n de esta variante en otras regiones del mundo, incluyendo las Am\u00e9ricas y el Caribe.<\/p>\n<p>Van 49 casos confirmados por primera variante.<\/p>\n<p style=\"text-align: center;\"><strong>Mpox en M\u00e9xico<\/strong><\/p>\n<p>En M\u00e9xico se cuenta con el Sistema de Vigilancia Epidemiol\u00f3gica (SVE) de mpox, a trav\u00e9s del cual se lleva a cabo la notificaci\u00f3n de casos probables mediante la plataforma del Sistema Nacional de Vigilancia Epidemiol\u00f3gica.<\/p>\n<p>Hasta la semana epidemiol\u00f3gica 31 de 2024, que abarca del 1 de enero al 3 de agosto, se tienen un total de 212 casos probables, de los cuales 49 son confirmados y se encuentran distribuidos en 11 entidades federativas, siendo el clado II el \u00fanico detectado en todos los casos analizados hasta la fecha en M\u00e9xico. Hasta el momento, en el pa\u00eds no se ha identificado la nueva variante clado 1b.<\/p>\n","protected":false},"excerpt":{"rendered":"<p>Debido al aumento de casos de a mpox en \u00c1frica, cuyo brote fue declarado por la Organizaci\u00f3n Mundial de la Salud (OMS) como emergencia de salud p\u00fablica de alcance internacional, el Comit\u00e9 Nacional para la Vigilancia Epidemiol\u00f3gica (Conave) public\u00f3 el aviso epidemiol\u00f3gico, inform\u00f3 la Secretar\u00eda de Salud (Ssa).<\/p>\n","protected":false},"author":3,"featured_media":630092,"comment_status":"open","ping_status":"open","sticky":false,"template":"","format":"standard","meta":{"_monsterinsights_skip_tracking":false,"_monsterinsights_sitenote_active":false,"_monsterinsights_sitenote_note":"","_monsterinsights_sitenote_category":0,"footnotes":""},"categories":[17,877],"tags":[91919,92212,100603,87875,43692],"class_list":["post-630031","post","type-post","status-publish","format-standard","has-post-thumbnail","hentry","category-especiales","category-salud","tag-brotes","tag-epidemiologico","tag-mpox","tag-saloud","tag-salud"],"_links":{"self":[{"href":"https:\/\/www.diarioimagen.net\/index.php?rest_route=\/wp\/v2\/posts\/630031","targetHints":{"allow":["GET"]}}],"collection":[{"href":"https:\/\/www.diarioimagen.net\/index.php?rest_route=\/wp\/v2\/posts"}],"about":[{"href":"https:\/\/www.diarioimagen.net\/index.php?rest_route=\/wp\/v2\/types\/post"}],"author":[{"embeddable":true,"href":"https:\/\/www.diarioimagen.net\/index.php?rest_route=\/wp\/v2\/users\/3"}],"replies":[{"embeddable":true,"href":"https:\/\/www.diarioimagen.net\/index.php?rest_route=%2Fwp%2Fv2%2Fcomments&post=630031"}],"version-history":[{"count":0,"href":"https:\/\/www.diarioimagen.net\/index.php?rest_route=\/wp\/v2\/posts\/630031\/revisions"}],"wp:featuredmedia":[{"embeddable":true,"href":"https:\/\/www.diarioimagen.net\/index.php?rest_route=\/wp\/v2\/media\/630092"}],"wp:attachment":[{"href":"https:\/\/www.diarioimagen.net\/index.php?rest_route=%2Fwp%2Fv2%2Fmedia&parent=630031"}],"wp:term":[{"taxonomy":"category","embeddable":true,"href":"https:\/\/www.diarioimagen.net\/index.php?rest_route=%2Fwp%2Fv2%2Fcategories&post=630031"},{"taxonomy":"post_tag","embeddable":true,"href":"https:\/\/www.diarioimagen.net\/index.php?rest_route=%2Fwp%2Fv2%2Ftags&post=630031"}],"curies":[{"name":"wp","href":"https:\/\/api.w.org\/{rel}","templated":true}]}}