{"id":630050,"date":"2024-08-16T00:01:13","date_gmt":"2024-08-16T06:01:13","guid":{"rendered":"https:\/\/www.diarioimagen.net\/?p=630050"},"modified":"2024-08-16T02:03:42","modified_gmt":"2024-08-16T08:03:42","slug":"peru-esta-listo-para-ibtm-americas-2024-donde-lanza-la-campana-meaningful-meetings","status":"publish","type":"post","link":"https:\/\/www.diarioimagen.net\/?p=630050","title":{"rendered":"Per\u00fa est\u00e1 listo para IBTM Am\u00e9ricas 2024 donde lanza la campa\u00f1a <em>Meaningful Meetings<\/em>"},"content":{"rendered":"<h2>De cinco estrellas<\/h2>\n<h5>Victoria Gonz\u00e1lez Prado<\/h5>\n<p>&nbsp;<\/p>\n<ul>\n<li><strong><em>Las implicaciones de la industria: Panel de Dise\u00f1adores en el marco de Sapica<\/em><\/strong><\/li>\n<li><strong><em>Celebra hoy el D\u00eda del Ron con maridaje perfecto, \u00bfTe gustan los habanos?<\/em><\/strong><\/li>\n<\/ul>\n<p>&nbsp;<\/p>\n<div id=\"attachment_630108\" style=\"width: 470px\" class=\"wp-caption aligncenter\"><a href=\"https:\/\/www.diarioimagen.net\/?attachment_id=630108\" rel=\"attachment wp-att-630108\"><img loading=\"lazy\" decoding=\"async\" aria-describedby=\"caption-attachment-630108\" class=\"size-full wp-image-630108\" src=\"https:\/\/www.diarioimagen.net\/wp-content\/uploads\/2024\/08\/turismo-estrellas-5.jpg\" alt=\"\" width=\"460\" height=\"270\" srcset=\"https:\/\/www.diarioimagen.net\/wp-content\/uploads\/2024\/08\/turismo-estrellas-5.jpg 460w, https:\/\/www.diarioimagen.net\/wp-content\/uploads\/2024\/08\/turismo-estrellas-5-240x141.jpg 240w\" sizes=\"auto, (max-width: 460px) 100vw, 460px\" \/><\/a><p id=\"caption-attachment-630108\" class=\"wp-caption-text\">Per\u00fa estar\u00e1 en IBTM Am\u00e9ricas 2024.<\/p><\/div>\n<p>&nbsp;<\/p>\n<p>Per\u00fa es parte de la edici\u00f3n 2024 de la feria IBTM America 2024, que re\u00fane a los l\u00edderes de la industria MICE <em>(Meetings, Incentives, Conferences, and Exhibitions)<\/em> \u201420 y 21 de agosto\u2014 y lanza la campa\u00f1a <em>Meaningful Meetings in Peru<\/em>, que busca posicionar al pa\u00eds como destino atractivo para el desarrollo de reuniones, viajes de incentivos, congresos y eventos internacionales.<\/p>\n<p>La delegaci\u00f3n peruana est\u00e1 conformada por el equipo de la Comisi\u00f3n de Promoci\u00f3n del Per\u00fa para la Exportaci\u00f3n y el Turismo (PromPer\u00fa) en Ciudad de M\u00e9xico, quienes acompa\u00f1ar\u00e1n a 12 representantes de empresas peruanas del sector tur\u00edstico, adem\u00e1s del Bur\u00f3 de Convenciones y Visitantes de Lima. El evento tendr\u00e1 lugar en Centro Citibanamex de la Ciudad de M\u00e9xico.<\/p>\n<p>En un stand de 140 metros cuadrados, PromPer\u00fa espera concretar 390 citas con compradores especializados en la industria del turismo MICE, a trav\u00e9s de las cuales se tiene proyectado lograr un potencial de negocio superior a los 4 millones de d\u00f3lares para el destino.<\/p>\n<p>Adicionalmente, PromPer\u00fa busca que ese pa\u00eds se posicione a nivel internacional como destino preferente para el turismo de incentivos, congresos y eventos, pues cuenta con infraestructura hotelera, servicios de alta calidad, variada oferta tur\u00edstica en cultura, naturaleza, aventura y gastronom\u00eda.<\/p>\n<p>Como parte de la campa\u00f1a se promocionar\u00e1n las ciudades peruanas de Lima, Arequipa, Iquitos, Paracas y Cusco, como lugares id\u00f3neos para el desarrollo del turismo MICE. A trav\u00e9s de piezas audiovisuales se resumir\u00e1 la trascendencia que las reuniones o viajes de incentivos pueden alcanzar si se elige a Per\u00fa como sede.<\/p>\n<p>La participaci\u00f3n peruana en la decimoquinta edici\u00f3n de IBTM Am\u00e9ricas reforzar\u00e1 el posicionamiento del pa\u00eds, en los mercados latinoamericano y norteamericano, como destino diverso y seguro, haciendo \u00e9nfasis en experiencias \u00fanicas que ofrece a los visitantes. En la reuni\u00f3n participar\u00e1 <strong>Max Rodr\u00edguez<\/strong>, nuevo consejero econ\u00f3mico y comercial de la oficina de PromPer\u00fa en M\u00e9xico.<\/p>\n<p>Cabe destacar que de acuerdo con el reporte anual m\u00e1s reciente de ICCA <em>(International Congress Convention Association),<\/em> Per\u00fa est\u00e1 en el sexto lugar en el ranking de Latinoam\u00e9rica y la ciudad de Lima en el s\u00e9ptimo lugar en el ranking de ciudades latinoamericanas que reciben reuniones, congresos y eventos.<\/p>\n<p>\u2730\u2730\u2730\u2730\u2730 En el marco de edici\u00f3n 91 del Sal\u00f3n de la Piel y el Calzado (Sapica) se realiz\u00f3 un panel de dise\u00f1adores con la participaron de <strong>Jes\u00fas de la Garsa<\/strong>, los dise\u00f1adores de Toronero, <strong>Emilio de Anda<\/strong> y <strong>David Hern\u00e1ndez<\/strong> y <strong>Jacobo sin A<\/strong>, dise\u00f1adores que se han presentado en m\u00faltiples pa\u00edses.<\/p>\n<p>Cada uno de estos dise\u00f1adores nos comparti\u00f3 algunas de sus experiencias en la industria de la moda, as\u00ed como algunos consejos para los que desean incursionar en esta industria.<\/p>\n<p>Iniciaron destacando el trabajo de M\u00e9xico en la industria del dise\u00f1o y la moda, resaltando la calidad de las piezas que se fabrican, demostr\u00e1ndole al mundo que las cosas hechas en M\u00e9xico son de gran calidad.<\/p>\n<p><strong>Jes\u00fas de la Garza<\/strong> comparte que trabajar bajo la visi\u00f3n creativa de otro puede ayudar mucho al proceso de inmersi\u00f3n y aprendizaje en el mundo de la moda, ya que permite conocer y ver como la creatividad y las ideas se van llevando a la realidad. Adem\u00e1s, menciona que al trabajar en las ventas de alguien entiendes la manera en la que funciona la industria.<\/p>\n<p><strong>Jes\u00fas <\/strong>puntualiza que es ideal prepararse de manera profesional. Adem\u00e1s, \u00e9l y todos los dem\u00e1s dise\u00f1adores resaltan la importancia del reciclaje de ropa que se realiza tomando las prendas de clientes que ya no se sienten satisfechos, para posteriormente repararlas o ajustar la talla.<\/p>\n<p>Los dise\u00f1adores de Toronero mencionan que es necesario concentrarse en el proceso propio para crear tu marca, ya que esa visi\u00f3n es la m\u00e1s importante. Si bien puedes recibir consejos de otros, es necesario que te concentres en lo que t\u00fa quieres desde tu propio proceso creativo.<\/p>\n<p>Es necesario llevar balance del negocio con las finanzas, ya que no todo te generar\u00e1 gran flujo de efectivo. Esto invita a recrear tus productos y buscar innovar para mejorar y crecer cada vez m\u00e1s como dise\u00f1ador y como marca.<\/p>\n<p>Finalmente, <strong>Jacobo sin A<\/strong> comenta que el ser dise\u00f1ador para \u00e9l ha sido tanto apasionante como desafiante, ya que la industria en M\u00e9xico es buena, pero a la vez compleja. \u00c9l considera que falta crear el consumo nacional, porque no es sencillo ni com\u00fan que se invierta en piezas de dise\u00f1adores mexicanos.<\/p>\n<p>Adem\u00e1s, concluy\u00f3 <strong>Jacobo<\/strong>, para un dise\u00f1ador es necesario encontrar balance entre las necesidades del cliente y t\u00fa mismo estilo y personalidad creativa.<\/p>\n<p>\u2730\u2730\u2730\u2730\u2730 El D\u00eda del Ron se celebra precisamente hoy y cada 16 de agosto, y es fecha que busca conmemorar esta bebida emblem\u00e1tica. Por esto, te compartimos experiencia sensorial que te permitir\u00e1 potenciar su sabor.<\/p>\n<p>Maridar ron con habanos, crea una combinaci\u00f3n que deleita a los paladares m\u00e1s exigentes. Tanto el ron como los habanos ofrecen una sinfon\u00eda de sabores y aromas que son dif\u00edcil de superar. El arte del maridaje entre el ron y los habanos radica en encontrar el equilibrio entre los sabores intensos y complejos de ambos productos. Aqu\u00ed algunas recomendaciones para disfrutar la experiencia:<\/p>\n<p>Los rones a\u00f1ejos, con sus notas de caramelo, vainilla y especias, se complementan maravillosamente con habanos que ofrecen sabores ricos y complejos con toques de cacao, caf\u00e9 y tierra.<\/p>\n<p>Para aquellos que prefieren un perfil m\u00e1s ligero, los rones blancos con sus matices frescos y frutales son ideales para acompa\u00f1ar habanos suaves, que presentan notas de cedro, nueces y un toque de dulzura.<\/p>\n<p>Los rones especiados, con sus notas de canela, clavo y nuez moscada, se maridan perfectamente con habanos arom\u00e1ticos que poseen un <em>bouquet<\/em> de aromas florales y herb\u00e1ceos.<\/p>\n<p>Si est\u00e1s buscando elevar m\u00e1s tus experiencias, este a\u00f1o, la celebraci\u00f3n del d\u00e9cimo aniversario de <em>Habanos Day<\/em>, se llevar\u00e1 a cabo el 17 de octubre en Jard\u00edn Foresta, una ocasi\u00f3n \u00fanica para disfrutar de los mejores maridajes con ambos productos, rodeado de amantes de esta sofisticada combinaci\u00f3n.<\/p>\n<p>El D\u00eda del Ron es la excusa perfecta para explorar y disfrutar del maridaje con habanos. Para m\u00e1s informaci\u00f3n y adquirir tu boleto a <em>Habanos Day<\/em> 2024, visita: <em>https:\/\/habanosday2024.boletia.com\/<\/em> o <em>@ashersmexico<\/em> en Instagram donde podr\u00e1s aprender de otros miembros, compartir tus propias experiencias y disfrutar eventos exclusivos dentro del mundo del habano.<\/p>\n<p>&nbsp;<\/p>\n<blockquote>\n<p style=\"text-align: right;\">\u201c<strong>El<\/strong> <strong>\u00e1ngel de la fama tiene sus alas hechas de papel&#8230; peri\u00f3dico\u201d.<br \/>\n<\/strong><\/p>\n<\/blockquote>\n<p>&nbsp;<\/p>\n<p><em><span class=\"Apple-converted-space\"><a href=\"mailto:victoriagprado@gmail.com\" target=\"_blank\" rel=\"noopener noreferrer\">victoriagprado@gmail.com<\/a><br \/>\nX: @victoriagprado<\/span><\/em><\/p>\n","protected":false},"excerpt":{"rendered":"<p>Per\u00fa es parte de la edici\u00f3n 2024 de la feria IBTM America 2024, que re\u00fane a los l\u00edderes de la industria MICE <em>(Meetings, Incentives, Conferences, and Exhibitions)<\/em> \u201420 y 21 de agosto\u2014 y lanza la campa\u00f1a <em>Meaningful Meetings in Peru<\/em>, que busca posicionar al pa\u00eds como destino atractivo para el desarrollo de reuniones, viajes de incentivos, congresos y eventos internacionales.<\/p>\n","protected":false},"author":3,"featured_media":630108,"comment_status":"open","ping_status":"open","sticky":false,"template":"","format":"standard","meta":{"_monsterinsights_skip_tracking":false,"_monsterinsights_sitenote_active":false,"_monsterinsights_sitenote_note":"","_monsterinsights_sitenote_category":0,"footnotes":""},"categories":[11],"tags":[107,43674,43681,106],"class_list":["post-630050","post","type-post","status-publish","format-standard","has-post-thumbnail","hentry","category-turismo","tag-de-cinco-estrellas","tag-opinion","tag-turismo","tag-victoria-gonzalez-prado"],"_links":{"self":[{"href":"https:\/\/www.diarioimagen.net\/index.php?rest_route=\/wp\/v2\/posts\/630050","targetHints":{"allow":["GET"]}}],"collection":[{"href":"https:\/\/www.diarioimagen.net\/index.php?rest_route=\/wp\/v2\/posts"}],"about":[{"href":"https:\/\/www.diarioimagen.net\/index.php?rest_route=\/wp\/v2\/types\/post"}],"author":[{"embeddable":true,"href":"https:\/\/www.diarioimagen.net\/index.php?rest_route=\/wp\/v2\/users\/3"}],"replies":[{"embeddable":true,"href":"https:\/\/www.diarioimagen.net\/index.php?rest_route=%2Fwp%2Fv2%2Fcomments&post=630050"}],"version-history":[{"count":0,"href":"https:\/\/www.diarioimagen.net\/index.php?rest_route=\/wp\/v2\/posts\/630050\/revisions"}],"wp:featuredmedia":[{"embeddable":true,"href":"https:\/\/www.diarioimagen.net\/index.php?rest_route=\/wp\/v2\/media\/630108"}],"wp:attachment":[{"href":"https:\/\/www.diarioimagen.net\/index.php?rest_route=%2Fwp%2Fv2%2Fmedia&parent=630050"}],"wp:term":[{"taxonomy":"category","embeddable":true,"href":"https:\/\/www.diarioimagen.net\/index.php?rest_route=%2Fwp%2Fv2%2Fcategories&post=630050"},{"taxonomy":"post_tag","embeddable":true,"href":"https:\/\/www.diarioimagen.net\/index.php?rest_route=%2Fwp%2Fv2%2Ftags&post=630050"}],"curies":[{"name":"wp","href":"https:\/\/api.w.org\/{rel}","templated":true}]}}