{"id":630168,"date":"2024-08-19T00:01:02","date_gmt":"2024-08-19T06:01:02","guid":{"rendered":"https:\/\/www.diarioimagen.net\/?p=630168"},"modified":"2024-08-21T02:31:45","modified_gmt":"2024-08-21T08:31:45","slug":"se-encarecen-viajes-nacionales-ante-recorte-de-vuelos-en-aicm","status":"publish","type":"post","link":"https:\/\/www.diarioimagen.net\/?p=630168","title":{"rendered":"Se encarecen viajes nacionales ante recorte de\u00a0vuelos en AICM"},"content":{"rendered":"<p>&nbsp;<\/p>\n<h2 style=\"text-align: center;\">Aerol\u00edneas privilegian los internacionales<\/h2>\n<p><em>\u00a0<\/em><\/p>\n<ul>\n<li><strong><em>La ruta M\u00e9xico-Canc\u00fan es la m\u00e1s afectada, al reducir operaciones 23 por ciento anual <\/em><\/strong><\/li>\n<\/ul>\n<p>&nbsp;<\/p>\n<div id=\"attachment_630262\" style=\"width: 470px\" class=\"wp-caption aligncenter\"><a href=\"https:\/\/www.diarioimagen.net\/?attachment_id=630262\" rel=\"attachment wp-att-630262\"><img loading=\"lazy\" decoding=\"async\" aria-describedby=\"caption-attachment-630262\" class=\"size-full wp-image-630262\" src=\"https:\/\/www.diarioimagen.net\/wp-content\/uploads\/2024\/08\/se-encarecen-viajes.jpg\" alt=\"\" width=\"460\" height=\"270\" srcset=\"https:\/\/www.diarioimagen.net\/wp-content\/uploads\/2024\/08\/se-encarecen-viajes.jpg 460w, https:\/\/www.diarioimagen.net\/wp-content\/uploads\/2024\/08\/se-encarecen-viajes-240x141.jpg 240w\" sizes=\"auto, (max-width: 460px) 100vw, 460px\" \/><\/a><p id=\"caption-attachment-630262\" class=\"wp-caption-text\">Ante el recorte de operaciones en el AICM, la oferta disminuy\u00f3 en el mercado dom\u00e9stico porque las aerol\u00edneas reconfiguraron sus operaciones y privilegiaron los vuelos internacionales, incidiendo en precios de boletos.<\/p><\/div>\n<p>&nbsp;<\/p>\n<p>El recorte de operaciones de 52 a 43 por hora en el Aeropuerto Internacional de la Ciudad de M\u00e9xico (AICM), a partir de enero de este a\u00f1o, caus\u00f3 que se eliminaran 16 mil 700 vuelos en el primer semestre de este a\u00f1o, por lo que baj\u00f3 la oferta y subieron los precios en vuelos nacionales.<\/p>\n<p>Ante estas medidas del gobierno federal la oferta disminuy\u00f3 en el mercado dom\u00e9stico porque las aerol\u00edneas reconfiguraron sus operaciones y privilegiaron los vuelos internacionales, incidiendo en los precios de boletos, se\u00f1al\u00f3 Fabricio Cojuc, consultor independiente y especialista en aviaci\u00f3n.<\/p>\n<p>\u201cLas 8 mil 352 menos salidas (menos) que el a\u00f1o pasado. Esto se tiene que multiplicar por dos porque hay salidas y llegadas. Lo que quiere decir que se han perdido pr\u00e1cticamente 16 mil 700 operaciones\u201d, dijo.<\/p>\n<p>Seg\u00fan Cojuc, este n\u00famero de vuelos eliminados implica una disminuci\u00f3n de operaciones de 14.6 por ciento anual de enero a junio de este a\u00f1o comparado con el mismo periodo de 2023.<\/p>\n<p>\u201cAunque en el precio de las tarifas influyen diferentes factores, \u00e9stas han subido de un a\u00f1o a otro entre 12 y 15 por ciento\u201d, consider\u00f3.<\/p>\n<p>S\u00f3lo en el mercado dom\u00e9stico, el recorte de operaciones provoc\u00f3 que en la primera mitad del a\u00f1o se perdieran 1.7 millones de viajeros respecto a los que volaron en el mismo semestre del a\u00f1o previo.<\/p>\n<p>No obstante, Cojuc dijo que las aerol\u00edneas han registrado un repunte en las rutas internacionales, pero esta alza no compensa la baja del mercado local y adem\u00e1s afecta la alimentaci\u00f3n de vuelos internacionales.<\/p>\n<p>Por ejemplo, Canc\u00fan es el principal destino nacional de conexiones internacionales, ya que llegan vuelos de Norteam\u00e9rica, Europa, Asia y Sudam\u00e9rica. Entonces, a la hora que le recortas operaciones a Canc\u00fan, est\u00e1s afectando de manera frontal la alimentaci\u00f3n de vuelos de largo recorrido\u201d, afirm\u00f3.<\/p>\n<p>Adem\u00e1s, se corre el riesgo de que un pasajero elija un aeropuerto internacional, como Miami, Houston y Atlanta, para llegar a Canc\u00fan si en el AICM no encuentra la oferta m\u00e1s accesible.<\/p>\n<p>La menor oferta del AICM se ha concentrado en Canc\u00fan, Monterrey, Guadalajara, Tijuana y M\u00e9rida, que concentra m\u00e1s del 40 por ciento de la demanda nacional, se\u00f1ala el especialista.<\/p>\n<p>En conjunto, han reducido 14 por ciento anual sus operaciones al cierre de junio. No obstante, la ruta M\u00e9xico-Canc\u00fan es la m\u00e1s afectada, al recortar 23 por ciento anual sus vuelos.<\/p>\n<p>\u201cLa ruta M\u00e9xico-Canc\u00fan registr\u00f3 una ca\u00edda m\u00e1s alta al ser la ruta con m\u00e1s operaciones y, por otro lado, porque es la que m\u00e1s \u00e9xito ha encontrado en el Aeropuerto Internacional Felipe \u00c1ngeles (AIFA)\u201d, concluy\u00f3.<\/p>\n<p style=\"text-align: center;\"><strong>Los aeropuertos m\u00e1s caros de M\u00e9xico<\/strong><\/p>\n<p>Sobre las tarifas por uso de aeropuerto, dos de las ciudades m\u00e1s populares de Sinaloa, se ubican en la lista de los aeropuertos con la Tarifa de Uso de Aeropuerto (TUA) m\u00e1s elevada del pa\u00eds, es decir, se presumen entre los m\u00e1s caros en costos, tanto en vuelos nacionales como internacionales.<\/p>\n<p>De acuerdo con datos de las aerol\u00edneas, se trata del Aeropuerto Internacional de Mazatl\u00e1n y Aeropuerto Internacional de Culiac\u00e1n, los que marcan los precios de ese impuesto m\u00e1s arriba, en comparaci\u00f3n con otras regiones del pa\u00eds.<\/p>\n<p>Los datos revelaron que Mazatl\u00e1n se localiza en la posici\u00f3n n\u00famero 2 de las estad\u00edsticas de los Aeropuertos m\u00e1s caros del pa\u00eds, con un cobro de TUA de mil 326 pesos para vuelos internacionales y aparece en el sitio n\u00famero 7 de la lista en vuelos nacionales con un precio de 735 pesos.<\/p>\n<p>Mientras que el de Culiac\u00e1n, tambi\u00e9n situado en el estado de Sinaloa, se encuentra en el pelda\u00f1o n\u00famero 3 a nivel nacional, donde pide 772 pesos y est\u00e1 en la posici\u00f3n 6, donde solicita mil 152 pesos por el TUA.<\/p>\n<p>La zona de despegues y aterrizajes de la entidad que se ubica en el lugar n\u00famero uno de la lista es Zacatecas. El precio para vuelos nacionales es de 806 pesos y mil 386 pesos para internacionales, tambi\u00e9n en el sitio 1.<\/p>\n<p>Hay que recordar que la TUA es el impuesto que solicitan los aeropuertos a los pasajeros al adquirir un boleto de viaje, ya que se cobra por el uso de sus instalaciones<\/p>\n<p>Es decir, cuenta con una tarifa especial en cada uno de los aeropuertos del pa\u00eds, ya que se utilizan las pistas, plataformas de embarque, desembarque de pasajeros, \u00e1reas de pernocta de los aviones, zona de revisi\u00f3n antes de abordar e instalaciones en general.<\/p>\n<p>Seg\u00fan los datos de los precios relacionados con el cobro de este impuesto, el 1 de enero de 2024 se actualiz\u00f3 la llamada Tarifa de Uso de Aeropuerto en el Aeropuerto Internacional de la Ciudad de M\u00e9xico (AICM), la principal terminal a\u00e9rea del pa\u00eds.<\/p>\n<p>Es decir, se modific\u00f3 el cobro de la tarifa al pasajero por el uso de las instalaciones de los aeropuertos<\/p>\n<p>De ese modo, la TUA en el AICM contempla un incremento de 3.2 por ciento en vuelos nacionales, es decir, se coloca en 28.95 d\u00f3lares; mientras que, en vuelos internacionales, el incremento asciende a 54.96 d\u00f3lares.<\/p>\n<p>En M\u00e9xico, 70 por ciento del precio de un boleto de avi\u00f3n corresponde a costos que no dependen de las aerol\u00edneas, de los cuales 42 por ciento es de TUA, 22 por ciento se destina a combustible y el resto a otros factores.<\/p>\n","protected":false},"excerpt":{"rendered":"<p>El recorte de operaciones de 52 a 43 por hora en el Aeropuerto Internacional de la Ciudad de M\u00e9xico (AICM), a partir de enero de este a\u00f1o, caus\u00f3 que se eliminaran 16 mil 700 vuelos en el primer semestre de\u00a0este\u00a0a\u00f1o,\u00a0por\u00a0lo\u00a0que\u00a0baj\u00f3 la oferta y subieron los precios en vuelos nacionales.<\/p>\n","protected":false},"author":3,"featured_media":630262,"comment_status":"open","ping_status":"open","sticky":false,"template":"","format":"standard","meta":{"_monsterinsights_skip_tracking":false,"_monsterinsights_sitenote_active":false,"_monsterinsights_sitenote_note":"","_monsterinsights_sitenote_category":0,"footnotes":""},"categories":[17],"tags":[436,100631,25372,7164],"class_list":["post-630168","post","type-post","status-publish","format-standard","has-post-thumbnail","hentry","category-especiales","tag-aicm","tag-caros","tag-recorte","tag-vuelos"],"_links":{"self":[{"href":"https:\/\/www.diarioimagen.net\/index.php?rest_route=\/wp\/v2\/posts\/630168","targetHints":{"allow":["GET"]}}],"collection":[{"href":"https:\/\/www.diarioimagen.net\/index.php?rest_route=\/wp\/v2\/posts"}],"about":[{"href":"https:\/\/www.diarioimagen.net\/index.php?rest_route=\/wp\/v2\/types\/post"}],"author":[{"embeddable":true,"href":"https:\/\/www.diarioimagen.net\/index.php?rest_route=\/wp\/v2\/users\/3"}],"replies":[{"embeddable":true,"href":"https:\/\/www.diarioimagen.net\/index.php?rest_route=%2Fwp%2Fv2%2Fcomments&post=630168"}],"version-history":[{"count":0,"href":"https:\/\/www.diarioimagen.net\/index.php?rest_route=\/wp\/v2\/posts\/630168\/revisions"}],"wp:featuredmedia":[{"embeddable":true,"href":"https:\/\/www.diarioimagen.net\/index.php?rest_route=\/wp\/v2\/media\/630262"}],"wp:attachment":[{"href":"https:\/\/www.diarioimagen.net\/index.php?rest_route=%2Fwp%2Fv2%2Fmedia&parent=630168"}],"wp:term":[{"taxonomy":"category","embeddable":true,"href":"https:\/\/www.diarioimagen.net\/index.php?rest_route=%2Fwp%2Fv2%2Fcategories&post=630168"},{"taxonomy":"post_tag","embeddable":true,"href":"https:\/\/www.diarioimagen.net\/index.php?rest_route=%2Fwp%2Fv2%2Ftags&post=630168"}],"curies":[{"name":"wp","href":"https:\/\/api.w.org\/{rel}","templated":true}]}}