{"id":630172,"date":"2024-08-19T00:01:18","date_gmt":"2024-08-19T06:01:18","guid":{"rendered":"https:\/\/www.diarioimagen.net\/?p=630172"},"modified":"2024-08-19T22:53:39","modified_gmt":"2024-08-20T04:53:39","slug":"recomienda-la-unam-uso-de-cubrebocas-en-lugares-cerrados","status":"publish","type":"post","link":"https:\/\/www.diarioimagen.net\/?p=630172","title":{"rendered":"Recomienda la UNAM uso\u00a0de\u00a0cubrebocas en\u00a0lugares cerrados"},"content":{"rendered":"<p>&nbsp;<\/p>\n<ul>\n<li><em><strong>Tendencia al alza de contagios Covid<\/strong><\/em><\/li>\n<\/ul>\n<p>&nbsp;<\/p>\n<div id=\"attachment_630264\" style=\"width: 470px\" class=\"wp-caption aligncenter\"><a href=\"https:\/\/www.diarioimagen.net\/?attachment_id=630264\" rel=\"attachment wp-att-630264\"><img loading=\"lazy\" decoding=\"async\" aria-describedby=\"caption-attachment-630264\" class=\"size-full wp-image-630264\" src=\"https:\/\/www.diarioimagen.net\/wp-content\/uploads\/2024\/08\/recomienda-la-unam.jpg\" alt=\"\" width=\"460\" height=\"270\" srcset=\"https:\/\/www.diarioimagen.net\/wp-content\/uploads\/2024\/08\/recomienda-la-unam.jpg 460w, https:\/\/www.diarioimagen.net\/wp-content\/uploads\/2024\/08\/recomienda-la-unam-240x141.jpg 240w\" sizes=\"auto, (max-width: 460px) 100vw, 460px\" \/><\/a><p id=\"caption-attachment-630264\" class=\"wp-caption-text\">La Universidad Nacional Aut\u00f3noma de M\u00e9xico exhort\u00f3 a la poblaci\u00f3n, ante el aumento sde contagios por Covid, a utilizar cubrebocas en lugares concurridos y con mala ventilaci\u00f3n.<\/p><\/div>\n<p>&nbsp;<\/p>\n<p>Contin\u00faan en ascenso los casos confirmados de Covid-19 en las \u00faltimas semanas en el pa\u00eds, de acuerdo a las cifras del las autoridades de Salud que han confirmado 11 mil 42 casos positivos y 425 defunciones por esa enfermedad.<\/p>\n<p>Seg\u00fan el informe semanal de la Covid-19, influenza y otros virus respiratorios 2024, de la Secretar\u00eda de Salud, los casos positivos se han mantenido por debajo de lo reportado en a\u00f1os previos, sin embargo, a partir de la semana epidemiol\u00f3gica 23 se observ\u00f3 el aumento en la positividad.<\/p>\n<p>Con base en el informe, a inicios del 2024 se observ\u00f3 una tendencia al ascenso, luego un luego un descenso y, posteriormente, otro ascenso gradual. Los estados con el mayor n\u00famero de casos positivos de COVID-19 en lo que va del a\u00f1o son: Ciudad de M\u00e9xico, con 2 mil 716; Nuevo Le\u00f3n, con 982; Quer\u00e9taro, con 884, y el Estado de M\u00e9xico, con 868.<\/p>\n<p>Adem\u00e1s, las autoridades sanitarias informaron que, seg\u00fan la distribuci\u00f3n por sexo, hay un predominio de la enfermedad en mujeres, ubic\u00e1ndose en 59.8 % de las personas afectadas por Covid-19.<\/p>\n<p style=\"text-align: center;\"><strong>UNAM recomienda volver a usar cubrebocas <\/strong><\/p>\n<p>Recientemente, la Organizaci\u00f3n Mundial de la Salud (OMS) alert\u00f3 sobre el aumento de contagios por Covid-19 a nivel global y advirti\u00f3 que es poco probable que estos casos disminuyan en el corto plazo. Ante este panorama, la Universidad Nacional Aut\u00f3noma de M\u00e9xico (UNAM) hizo un llamado a retomar el uso de cubrebocas en espacios concurridos como lo es el transporte p\u00fablico.<\/p>\n<p>\u201cDel seguimiento a la vigilancia de las infecciones respiratorias en M\u00e9xico se desprende que durante las \u00faltimas semanas la circulaci\u00f3n del virus de Covid-19 y el n\u00famero de casos de esa enfermedad han aumentado.\u201d, indic\u00f3 la M\u00e1xima Casa de Estudios en un comunicado.<\/p>\n<p>La UNAM explic\u00f3 que, por ahora, la mayor\u00eda de los pacientes que han contra\u00eddo el virus SARS-CoV-2 han requerido de tratamientos ambulatorios, por lo que la ocupaci\u00f3n hospitalaria y el n\u00famero de muertes por esta enfermedad a\u00fan se mantienen en niveles bajos; sin embargo, recomend\u00f3 mantener las precauciones generales para evitar m\u00e1s contagios.<\/p>\n<p>\u201cSi bien, no hay se\u00f1ales de alarma y se registra una menor tasa de personas afectadas por la enfermedad en comparaci\u00f3n con a\u00f1os previos, el aumento en el n\u00famero de casos de Covid-19 entre la comunidad incrementa la demanda de servicios de salud, provoca ausentismo, gastos en salud y consumo inadecuado de antibi\u00f3ticos y otros medicamentos potencialmente riesgosos.\u201d, apunt\u00f3 la instituci\u00f3n.<\/p>\n<p>Advirti\u00f3 que mientras el virus se encuentre en circulaci\u00f3n, m\u00e1s se incrementa el riesgo de que aparezcan nuevas variantes, ocasionando que las personas que enferman de Covid tengan una mayor probabilidad de presentar complicaciones por otras enfermedades que padezcan, o bien, que tengan secuelas que afecten su salud.<\/p>\n","protected":false},"excerpt":{"rendered":"<p>Contin\u00faan en ascenso los casos confirmados de Covid-19 en las \u00faltimas semanas en el pa\u00eds, de acuerdo a las cifras del las autoridades de Salud que han confirmado 11 mil 42 casos positivos y 425 defunciones por esa enfermedad.<\/p>\n","protected":false},"author":3,"featured_media":630264,"comment_status":"open","ping_status":"open","sticky":false,"template":"","format":"standard","meta":{"_monsterinsights_skip_tracking":false,"_monsterinsights_sitenote_active":false,"_monsterinsights_sitenote_note":"","_monsterinsights_sitenote_category":0,"footnotes":""},"categories":[17,877],"tags":[90794,90364,43692,4048,92588],"class_list":["post-630172","post","type-post","status-publish","format-standard","has-post-thumbnail","hentry","category-especiales","category-salud","tag-cerrados","tag-cubrebocas","tag-salud","tag-universidad-nacional-autonoma-de-mexico","tag-usar"],"_links":{"self":[{"href":"https:\/\/www.diarioimagen.net\/index.php?rest_route=\/wp\/v2\/posts\/630172","targetHints":{"allow":["GET"]}}],"collection":[{"href":"https:\/\/www.diarioimagen.net\/index.php?rest_route=\/wp\/v2\/posts"}],"about":[{"href":"https:\/\/www.diarioimagen.net\/index.php?rest_route=\/wp\/v2\/types\/post"}],"author":[{"embeddable":true,"href":"https:\/\/www.diarioimagen.net\/index.php?rest_route=\/wp\/v2\/users\/3"}],"replies":[{"embeddable":true,"href":"https:\/\/www.diarioimagen.net\/index.php?rest_route=%2Fwp%2Fv2%2Fcomments&post=630172"}],"version-history":[{"count":0,"href":"https:\/\/www.diarioimagen.net\/index.php?rest_route=\/wp\/v2\/posts\/630172\/revisions"}],"wp:featuredmedia":[{"embeddable":true,"href":"https:\/\/www.diarioimagen.net\/index.php?rest_route=\/wp\/v2\/media\/630264"}],"wp:attachment":[{"href":"https:\/\/www.diarioimagen.net\/index.php?rest_route=%2Fwp%2Fv2%2Fmedia&parent=630172"}],"wp:term":[{"taxonomy":"category","embeddable":true,"href":"https:\/\/www.diarioimagen.net\/index.php?rest_route=%2Fwp%2Fv2%2Fcategories&post=630172"},{"taxonomy":"post_tag","embeddable":true,"href":"https:\/\/www.diarioimagen.net\/index.php?rest_route=%2Fwp%2Fv2%2Ftags&post=630172"}],"curies":[{"name":"wp","href":"https:\/\/api.w.org\/{rel}","templated":true}]}}