{"id":630176,"date":"2024-08-19T00:07:44","date_gmt":"2024-08-19T06:07:44","guid":{"rendered":"https:\/\/www.diarioimagen.net\/?p=630176"},"modified":"2024-08-19T22:52:38","modified_gmt":"2024-08-20T04:52:38","slug":"recibe-uaemex-por-segundo-ano-consecutivo-reconocimiento-del-noticiero-cientifico-y-cultural-iberoamericano","status":"publish","type":"post","link":"https:\/\/www.diarioimagen.net\/?p=630176","title":{"rendered":"Recibe UAEM\u00e9x por segundo a\u00f1o consecutivo reconocimiento del Noticiero Cient\u00edfico y Cultural Iberoamericano"},"content":{"rendered":"<p>&nbsp;<\/p>\n<div id=\"attachment_630256\" style=\"width: 470px\" class=\"wp-caption aligncenter\"><a href=\"https:\/\/www.diarioimagen.net\/?attachment_id=630256\" rel=\"attachment wp-att-630256\"><img loading=\"lazy\" decoding=\"async\" aria-describedby=\"caption-attachment-630256\" class=\"size-full wp-image-630256\" src=\"https:\/\/www.diarioimagen.net\/wp-content\/uploads\/2024\/08\/uaem-recibe-por-segundo.jpg\" alt=\"\" width=\"460\" height=\"270\" srcset=\"https:\/\/www.diarioimagen.net\/wp-content\/uploads\/2024\/08\/uaem-recibe-por-segundo.jpg 460w, https:\/\/www.diarioimagen.net\/wp-content\/uploads\/2024\/08\/uaem-recibe-por-segundo-240x141.jpg 240w\" sizes=\"auto, (max-width: 460px) 100vw, 460px\" \/><\/a><p id=\"caption-attachment-630256\" class=\"wp-caption-text\">El NCC entreg\u00f3 dos reconocimientos en la categor\u00eda de televisi\u00f3n y radio, por su trabajo en divulgaci\u00f3n de la ciencia.<\/p><\/div>\n<p>&nbsp;<\/p>\n<p><strong>Toluca, Estado de M\u00e9xico.<\/strong>\u2014 Por segundo a\u00f1o consecutivo, el Noticiero Cient\u00edfico y Cultural Iberoamericano (NCC) entreg\u00f3 a la Universidad Aut\u00f3noma del Estado de M\u00e9xico (UAEM\u00e9x) dos reconocimientos en las categor\u00edas de televisi\u00f3n y radio, por su destacada participaci\u00f3n en el noticiero de alcance internacional, donde se ha difundido el proyecto de comunicaci\u00f3n cient\u00edfica \u201cMujeres en la Ciencia\u201d.<\/p>\n<p>En la Universidad de Guadalajara, en representaci\u00f3n del rector de la M\u00e1xima Casa de Estudios mexiquense, Carlos Eduardo Barrera D\u00edaz, la directora general de Comunicaci\u00f3n Universitaria, Ginarely Valencia Alc\u00e1ntara, reconoci\u00f3 la labor del NCC, que durante siete a\u00f1os ha sido un espacio muy importante para la divulgaci\u00f3n de la ciencia y la cultura a nivel iberoamericano.<\/p>\n<p>Apunt\u00f3 que la M\u00e1xima Casa de Estudios mexiquense ha consolidado el proyecto de Comunicaci\u00f3n \u201cMujeres en la Ciencia\u201d, el cual tiene como objetivo contar las historias de las investigadoras a trav\u00e9s de su producci\u00f3n cient\u00edfica y hacerlas llegar principalmente a las infancias, adolescencias y juventudes para promover las vocaciones cient\u00edficas.<\/p>\n<p>Adem\u00e1s, este proyecto es una ventana de oportunidades para las y los estudiantes de la Licenciatura de Comunicaci\u00f3n, ya que 93 por ciento de las historias fueron realizadas por el alumnado; lo que ha permitido consolidar el Laboratorio de Comunicaci\u00f3n de la UAEM\u00e9x para formar nuevos cuadros en el \u00e1rea de la comunicaci\u00f3n p\u00fablica de la ciencia con perspectiva de g\u00e9nero.<\/p>\n<p>\u201cPartimos de reconocer que si no hay informaci\u00f3n, noticias e historias del trabajo de mujeres cient\u00edficas en los medios de comunicaci\u00f3n y en la agenda p\u00fablica, el panorama del desarrollo cient\u00edfico se encuentra incompleto\u201d, afirm\u00f3.<\/p>\n<p>Valencia Alc\u00e1ntara agradeci\u00f3 a las 76 mujeres cient\u00edficas que durante dos a\u00f1os y medio han abierto las puertas de sus laboratorios o aulas y han permitido contar sus historias, a trav\u00e9s de un formato multimedia, para ser difundidas en medios locales del Valle de Toluca, nacionales y tienen un espacio permanente en el NCC, lo que ha permitido que sus investigaciones traspasen fronteras, lleguen a otras latitudes y otras audiencias.<\/p>\n<p>Posterior al evento, se llev\u00f3 a cabo el \u201cForo Internacional Multilateral para la Cooperaci\u00f3n en Educaci\u00f3n, Cultural, Innovaci\u00f3n\u201d, en el cual se present\u00f3 el programa de comunicaci\u00f3n \u201cMujeres en la Ciencia\u201d, el cual consiste en la elaboraci\u00f3n de trabajos multimedia que tienen como prop\u00f3sito visibilizar el trabajo de mujeres cient\u00edficas, siendo un espacio para que el estudiantado de la Licenciatura en Comunicaci\u00f3n como un \u00e1rea de oportunidad para que las juventudes se inclinen por divulgar la ciencia.<\/p>\n<p>Al acto acudieron, Gabriel Torres Espinosa, presidente de la Asociaci\u00f3n de Televisiones Educativas y Culturales Iberoamericanas (ATEI), en representaci\u00f3n del gobernador de Nayarit, Miguel \u00c1ngel Navarro Quintero, el director general del Sistema de Radio y Televisi\u00f3n de Nayarit, Edwin German Escobedo Macedo; Claudia Vanessa P\u00e9rez Lamas, secretaria de Turismo del Estado de Jalisco; el rector general de la Universidad de Guadalajara, Ricardo Villanueva Lomeli; Jos\u00e9 Trinidad Padilla L\u00f3pez, presidente de la Fundaci\u00f3n UDG M\u00e9xico, el rector del Centro Universitario de la Costa, Jorge T\u00e9llez L\u00f3pez, entre otros.<\/p>\n","protected":false},"excerpt":{"rendered":"<p>Por segundo a\u00f1o consecutivo, el Noticiero Cient\u00edfico y Cultural Iberoamericano (NCC) entreg\u00f3 a la Universidad Aut\u00f3noma del Estado de M\u00e9xico (UAEM\u00e9x) dos reconocimientos en las categor\u00edas de televisi\u00f3n y radio, por su destacada participaci\u00f3n en el noticiero de alcance internacional, donde se ha difundido el proyecto de comunicaci\u00f3n cient\u00edfica \u201cMujeres en la Ciencia\u201d.<\/p>\n","protected":false},"author":3,"featured_media":630256,"comment_status":"open","ping_status":"open","sticky":false,"template":"","format":"standard","meta":{"_monsterinsights_skip_tracking":false,"_monsterinsights_sitenote_active":false,"_monsterinsights_sitenote_note":"","_monsterinsights_sitenote_category":0,"footnotes":""},"categories":[5],"tags":[97142,100632],"class_list":["post-630176","post","type-post","status-publish","format-standard","has-post-thumbnail","hentry","category-estado-de-mexico","tag-mujeres-en-la-ciencia","tag-uaemex-ncc"],"_links":{"self":[{"href":"https:\/\/www.diarioimagen.net\/index.php?rest_route=\/wp\/v2\/posts\/630176","targetHints":{"allow":["GET"]}}],"collection":[{"href":"https:\/\/www.diarioimagen.net\/index.php?rest_route=\/wp\/v2\/posts"}],"about":[{"href":"https:\/\/www.diarioimagen.net\/index.php?rest_route=\/wp\/v2\/types\/post"}],"author":[{"embeddable":true,"href":"https:\/\/www.diarioimagen.net\/index.php?rest_route=\/wp\/v2\/users\/3"}],"replies":[{"embeddable":true,"href":"https:\/\/www.diarioimagen.net\/index.php?rest_route=%2Fwp%2Fv2%2Fcomments&post=630176"}],"version-history":[{"count":0,"href":"https:\/\/www.diarioimagen.net\/index.php?rest_route=\/wp\/v2\/posts\/630176\/revisions"}],"wp:featuredmedia":[{"embeddable":true,"href":"https:\/\/www.diarioimagen.net\/index.php?rest_route=\/wp\/v2\/media\/630256"}],"wp:attachment":[{"href":"https:\/\/www.diarioimagen.net\/index.php?rest_route=%2Fwp%2Fv2%2Fmedia&parent=630176"}],"wp:term":[{"taxonomy":"category","embeddable":true,"href":"https:\/\/www.diarioimagen.net\/index.php?rest_route=%2Fwp%2Fv2%2Fcategories&post=630176"},{"taxonomy":"post_tag","embeddable":true,"href":"https:\/\/www.diarioimagen.net\/index.php?rest_route=%2Fwp%2Fv2%2Ftags&post=630176"}],"curies":[{"name":"wp","href":"https:\/\/api.w.org\/{rel}","templated":true}]}}