{"id":630178,"date":"2024-08-19T00:08:47","date_gmt":"2024-08-19T06:08:47","guid":{"rendered":"https:\/\/www.diarioimagen.net\/?p=630178"},"modified":"2024-08-19T22:52:59","modified_gmt":"2024-08-20T04:52:59","slug":"gobierno-de-mexico-distingue-a-uaemex-con-premio-antonio-garcia-cubas-por-divulgacion-del-patrimonio-cultural","status":"publish","type":"post","link":"https:\/\/www.diarioimagen.net\/?p=630178","title":{"rendered":"Gobierno de M\u00e9xico distingue a UAEM\u00e9x con Premio \u201cAntonio Garc\u00eda Cubas\u201d por divulgaci\u00f3n del patrimonio cultural"},"content":{"rendered":"<p>&nbsp;<\/p>\n<div id=\"attachment_630254\" style=\"width: 470px\" class=\"wp-caption aligncenter\"><a href=\"https:\/\/www.diarioimagen.net\/?attachment_id=630254\" rel=\"attachment wp-att-630254\"><img loading=\"lazy\" decoding=\"async\" aria-describedby=\"caption-attachment-630254\" class=\"size-full wp-image-630254\" src=\"https:\/\/www.diarioimagen.net\/wp-content\/uploads\/2024\/08\/uaem-gobierno-de-mexico.jpg\" alt=\"\" width=\"460\" height=\"270\" srcset=\"https:\/\/www.diarioimagen.net\/wp-content\/uploads\/2024\/08\/uaem-gobierno-de-mexico.jpg 460w, https:\/\/www.diarioimagen.net\/wp-content\/uploads\/2024\/08\/uaem-gobierno-de-mexico-240x141.jpg 240w\" sizes=\"auto, (max-width: 460px) 100vw, 460px\" \/><\/a><p id=\"caption-attachment-630254\" class=\"wp-caption-text\">El libro <em>El inicio del viaje. Langston Hughes<\/em>, editado por la Universidad Aut\u00f3noma del Estado de M\u00e9xico, fue reconocido con el 26\u00b0 Premio \u201cAntonio Garc\u00eda Cubas\u201d.<\/p><\/div>\n<p>&nbsp;<\/p>\n<p><strong>Toluca, Estado de M\u00e9xico.<\/strong>\u2014 Con la obra <em>El inicio del viaje. Langston Hughes<\/em>, la Universidad Aut\u00f3noma del Estado de M\u00e9xico (UAEM\u00e9x) fue reconocida con el 26\u00b0 Premio \u201cAntonio Garc\u00eda Cubas\u201d, que otorga la Secretar\u00eda de Cultura del Gobierno de M\u00e9xico, a trav\u00e9s del Instituto Nacional de Antropolog\u00eda e Historia.<\/p>\n<p>El Premio \u201cAntonio Garc\u00eda Cubas\u201d reconoce la excelencia editorial de las publicaciones especializadas en ciencias antropol\u00f3gicas y estimula la producci\u00f3n y edici\u00f3n de obras que contribuyan al rescate, visibilidad y estudio del patrimonio cultural de M\u00e9xico.<\/p>\n<p>La Aut\u00f3noma mexiquense recibi\u00f3 este galard\u00f3n en la categor\u00eda de Obra de Divulgaci\u00f3n con El inicio del viaje. Langston Hughes, compilada por Francisco Javier Beltr\u00e1n Cabrera y Cynthia Araceli Ram\u00edrez Pe\u00f1aloza y editada por el Departamento de Producci\u00f3n y Difusi\u00f3n Editorial de la Secretar\u00eda de Investigaci\u00f3n y Estudios Avanzados.<\/p>\n<p>Este libro rescata relatos y poemas escritos por Langston Hughes durante su estancia en la ciudad de Toluca, de 1919 a 1921. En el libro, Beltr\u00e1n Cabrera y Ram\u00edrez Pe\u00f1aloza rescatan c\u00f3mo el Instituto Cient\u00edfico y Literario del Estado de M\u00e9xico alberg\u00f3 a uno de los escritores afroamericanos m\u00e1s importantes de la primera mitad del siglo XX de Estados Unidos de Am\u00e9rica.<\/p>\n<p>Para Hughes la ciudad de Toluca fue uno de los sitios que contribuyeron a su inspiraci\u00f3n literaria durante su paso por M\u00e9xico, lo cual se ve reflejado en el poema \u201cEl negro habla de r\u00edos\u201d, el cual fue escrito en su trayecto por tren cuando se dirig\u00eda a M\u00e9xico y a una de sus \u00faltimas visitas a Toluca.<\/p>\n<p>Asimismo, el libro cuenta con un cuidado editorial para que perviva por siglos como la poes\u00eda de Langston Hughes, por lo que se cuidaron aspectos tipogr\u00e1ficos, de interlineado, colgados y m\u00e1rgenes, aspectos que favorecen su lectura. Adem\u00e1s, de contar con una verificaci\u00f3n de datos minuciosa dentro del Departamento de Producci\u00f3n y Difusi\u00f3n Editorial, por tratarse de contenidos derivados de archivos hist\u00f3ricos.<\/p>\n<p>El texto se encuentra en formato impreso y cuenta con su versi\u00f3n en PDF de acceso abierto en el Repositorio Institucional de la UAEM\u00e9x:<\/p>\n<p>Durante su edici\u00f3n 26, el Premio \u201cAntonio Garc\u00eda Cubas\u201d celebr\u00f3 la recepci\u00f3n in\u00e9dita de 103 obras, provenientes de 48 editoriales independientes e instituciones acad\u00e9micas, lo que convierte a esta edici\u00f3n en la m\u00e1s concurrida en la historia de este galard\u00f3n. De las 11 categor\u00edas abiertas, siete fueron premiadas por el jurado, el cual tambi\u00e9n otorg\u00f3 seis menciones honor\u00edficas.<\/p>\n","protected":false},"excerpt":{"rendered":"<p>Con la obra <em>El inicio del viaje. Langston Hughes<\/em>, la Universidad Aut\u00f3noma del Estado de M\u00e9xico (UAEM\u00e9x) fue reconocida con el 26\u00b0 Premio \u201cAntonio Garc\u00eda Cubas\u201d, que otorga la Secretar\u00eda de Cultura del Gobierno de M\u00e9xico, a trav\u00e9s del Instituto Nacional de Antropolog\u00eda e Historia.<\/p>\n","protected":false},"author":3,"featured_media":630254,"comment_status":"open","ping_status":"open","sticky":false,"template":"","format":"standard","meta":{"_monsterinsights_skip_tracking":false,"_monsterinsights_sitenote_active":false,"_monsterinsights_sitenote_note":"","_monsterinsights_sitenote_category":0,"footnotes":""},"categories":[5],"tags":[100633,67878],"class_list":["post-630178","post","type-post","status-publish","format-standard","has-post-thumbnail","hentry","category-estado-de-mexico","tag-premio-antonio-garcia-cubas","tag-uaemex"],"_links":{"self":[{"href":"https:\/\/www.diarioimagen.net\/index.php?rest_route=\/wp\/v2\/posts\/630178","targetHints":{"allow":["GET"]}}],"collection":[{"href":"https:\/\/www.diarioimagen.net\/index.php?rest_route=\/wp\/v2\/posts"}],"about":[{"href":"https:\/\/www.diarioimagen.net\/index.php?rest_route=\/wp\/v2\/types\/post"}],"author":[{"embeddable":true,"href":"https:\/\/www.diarioimagen.net\/index.php?rest_route=\/wp\/v2\/users\/3"}],"replies":[{"embeddable":true,"href":"https:\/\/www.diarioimagen.net\/index.php?rest_route=%2Fwp%2Fv2%2Fcomments&post=630178"}],"version-history":[{"count":0,"href":"https:\/\/www.diarioimagen.net\/index.php?rest_route=\/wp\/v2\/posts\/630178\/revisions"}],"wp:featuredmedia":[{"embeddable":true,"href":"https:\/\/www.diarioimagen.net\/index.php?rest_route=\/wp\/v2\/media\/630254"}],"wp:attachment":[{"href":"https:\/\/www.diarioimagen.net\/index.php?rest_route=%2Fwp%2Fv2%2Fmedia&parent=630178"}],"wp:term":[{"taxonomy":"category","embeddable":true,"href":"https:\/\/www.diarioimagen.net\/index.php?rest_route=%2Fwp%2Fv2%2Fcategories&post=630178"},{"taxonomy":"post_tag","embeddable":true,"href":"https:\/\/www.diarioimagen.net\/index.php?rest_route=%2Fwp%2Fv2%2Ftags&post=630178"}],"curies":[{"name":"wp","href":"https:\/\/api.w.org\/{rel}","templated":true}]}}