{"id":630184,"date":"2024-08-19T00:04:50","date_gmt":"2024-08-19T06:04:50","guid":{"rendered":"https:\/\/www.diarioimagen.net\/?p=630184"},"modified":"2024-08-19T01:23:15","modified_gmt":"2024-08-19T07:23:15","slug":"llamado-del-gobierno-del-estado-de-mexico-a-reemplacamiento-vehicular-via-electronica","status":"publish","type":"post","link":"https:\/\/www.diarioimagen.net\/?p=630184","title":{"rendered":"Llamado del gobierno del Estado de M\u00e9xico a reemplacamiento vehicular v\u00eda electr\u00f3nica"},"content":{"rendered":"<p>&nbsp;<\/p>\n<ul>\n<li><em><strong>Condonaci\u00f3n de refrendos de 2022 hacia atr\u00e1s<\/strong><\/em><\/li>\n<\/ul>\n<p>&nbsp;<\/p>\n<div id=\"attachment_630294\" style=\"width: 470px\" class=\"wp-caption aligncenter\"><a href=\"https:\/\/www.diarioimagen.net\/?attachment_id=630294\" rel=\"attachment wp-att-630294\"><img loading=\"lazy\" decoding=\"async\" aria-describedby=\"caption-attachment-630294\" class=\"size-full wp-image-630294\" src=\"https:\/\/www.diarioimagen.net\/wp-content\/uploads\/2024\/08\/llamado-del-gobierno-del-estado.jpg\" alt=\"\" width=\"460\" height=\"270\" srcset=\"https:\/\/www.diarioimagen.net\/wp-content\/uploads\/2024\/08\/llamado-del-gobierno-del-estado.jpg 460w, https:\/\/www.diarioimagen.net\/wp-content\/uploads\/2024\/08\/llamado-del-gobierno-del-estado-240x141.jpg 240w\" sizes=\"auto, (max-width: 460px) 100vw, 460px\" \/><\/a><p id=\"caption-attachment-630294\" class=\"wp-caption-text\">La Secretar\u00eda de Finanzas del Estado de M\u00e9xico invit\u00f3 a los propietarios de veh\u00edculos que tengan placas expedidas en 2019, y anteriores, a realizar el reemplacamiento v\u00eda electr\u00f3nica.<\/p><\/div>\n<p>&nbsp;<\/p>\n<p><strong>Valle de M\u00e9xico.\u2014<\/strong>\u00a0Una vez m\u00e1s, el gobierno del Estado de M\u00e9xico, a trav\u00e9s de la Secretar\u00eda de Finanzas, invit\u00f3 a los propietarios de veh\u00edculos que tengan placas expedidas en 2019 y anteriores a realizar el reemplacamiento v\u00eda electr\u00f3nica.<\/p>\n<p>Paulina Moreno Garc\u00eda, secretaria de Finanzas de la entidad mexiquense, detall\u00f3 que a trav\u00e9s de cuatro sencillos pasos, las y los mexiquenses pueden realizar el tr\u00e1mite de renovaci\u00f3n de placas en una computadora o un dispositivo m\u00f3vil.<\/p>\n<p>Se\u00f1al\u00f3 que las personas interesadas deben ingresar a: sfpya.edomexico.gob.mx\/recaudacion\/, elegir el banner \u201cReemplacamiento\u201d, seleccionar la opci\u00f3n tr\u00e1mite en l\u00ednea, donde podr\u00e1n capturar sus datos y adjuntar los documentos para obtener los formatos del tr\u00e1mite.<\/p>\n<p>Una vez que el tr\u00e1mite sea procedente podr\u00e1n imprimir su formato para realizar el pago en l\u00ednea o en los 3 mil centros autorizados disponibles para las y los mexiquenses, con esto podr\u00e1n generar una cita para realizar el canje de sus placas y con ello concluir el tr\u00e1mite.<\/p>\n<p>Paulina Moreno record\u00f3 que para atender de manera ordenada y oportuna a todos los contribuyentes, se defini\u00f3 un calendario con base en el \u00faltimo d\u00edgito de su placa, que para agosto son las terminaciones 3 y 4.<\/p>\n<p>Puntualiz\u00f3 que, en apoyo a la econom\u00eda del pueblo mexiquense, la gobernadora Delfina G\u00f3mez \u00c1lvarez emiti\u00f3 un decreto para condonar al 100 por ciento las tenencias y refrendos de 2022 y a\u00f1os anteriores, para s\u00f3lo pagar 2023 y 2024.<\/p>\n<p>Adem\u00e1s de la condonaci\u00f3n al 100 por ciento del Impuesto sobre Adquisici\u00f3n de Veh\u00edculos Automotores Usados (ISAVAU) y del costo en el Cambio de Propietario.<\/p>\n","protected":false},"excerpt":{"rendered":"<p>Una vez m\u00e1s, el gobierno del Estado de M\u00e9xico, a trav\u00e9s de la Secretar\u00eda de Finanzas, invit\u00f3 a los propietarios de veh\u00edculos que tengan placas expedidas en 2019 y anteriores a realizar el reemplacamiento v\u00eda electr\u00f3nica.<\/p>\n","protected":false},"author":3,"featured_media":630294,"comment_status":"open","ping_status":"open","sticky":false,"template":"","format":"standard","meta":{"_monsterinsights_skip_tracking":false,"_monsterinsights_sitenote_active":false,"_monsterinsights_sitenote_note":"","_monsterinsights_sitenote_category":0,"footnotes":""},"categories":[5],"tags":[93076,34,65826],"class_list":["post-630184","post","type-post","status-publish","format-standard","has-post-thumbnail","hentry","category-estado-de-mexico","tag-reemplacamiento","tag-valle-de-mexico","tag-vehicular"],"_links":{"self":[{"href":"https:\/\/www.diarioimagen.net\/index.php?rest_route=\/wp\/v2\/posts\/630184","targetHints":{"allow":["GET"]}}],"collection":[{"href":"https:\/\/www.diarioimagen.net\/index.php?rest_route=\/wp\/v2\/posts"}],"about":[{"href":"https:\/\/www.diarioimagen.net\/index.php?rest_route=\/wp\/v2\/types\/post"}],"author":[{"embeddable":true,"href":"https:\/\/www.diarioimagen.net\/index.php?rest_route=\/wp\/v2\/users\/3"}],"replies":[{"embeddable":true,"href":"https:\/\/www.diarioimagen.net\/index.php?rest_route=%2Fwp%2Fv2%2Fcomments&post=630184"}],"version-history":[{"count":0,"href":"https:\/\/www.diarioimagen.net\/index.php?rest_route=\/wp\/v2\/posts\/630184\/revisions"}],"wp:featuredmedia":[{"embeddable":true,"href":"https:\/\/www.diarioimagen.net\/index.php?rest_route=\/wp\/v2\/media\/630294"}],"wp:attachment":[{"href":"https:\/\/www.diarioimagen.net\/index.php?rest_route=%2Fwp%2Fv2%2Fmedia&parent=630184"}],"wp:term":[{"taxonomy":"category","embeddable":true,"href":"https:\/\/www.diarioimagen.net\/index.php?rest_route=%2Fwp%2Fv2%2Fcategories&post=630184"},{"taxonomy":"post_tag","embeddable":true,"href":"https:\/\/www.diarioimagen.net\/index.php?rest_route=%2Fwp%2Fv2%2Ftags&post=630184"}],"curies":[{"name":"wp","href":"https:\/\/api.w.org\/{rel}","templated":true}]}}