{"id":630186,"date":"2024-08-19T00:03:17","date_gmt":"2024-08-19T06:03:17","guid":{"rendered":"https:\/\/www.diarioimagen.net\/?p=630186"},"modified":"2024-08-19T01:24:49","modified_gmt":"2024-08-19T07:24:49","slug":"expide-gobierno-de-huixquilucan-certificados-medicos-a-bajo-costo","status":"publish","type":"post","link":"https:\/\/www.diarioimagen.net\/?p=630186","title":{"rendered":"Expide gobierno de Huixquilucan certificados m\u00e9dicos a bajo costo"},"content":{"rendered":"<p>&nbsp;<\/p>\n<ul>\n<li><strong><em>Apoyo a la econom\u00eda familar<\/em> <\/strong><\/li>\n<\/ul>\n<p>&nbsp;<\/p>\n<div id=\"attachment_630296\" style=\"width: 470px\" class=\"wp-caption aligncenter\"><a href=\"https:\/\/www.diarioimagen.net\/?attachment_id=630296\" rel=\"attachment wp-att-630296\"><img loading=\"lazy\" decoding=\"async\" aria-describedby=\"caption-attachment-630296\" class=\"size-full wp-image-630296\" src=\"https:\/\/www.diarioimagen.net\/wp-content\/uploads\/2024\/08\/expide-gobierno-huixquilucan.jpg\" alt=\"\" width=\"460\" height=\"270\" srcset=\"https:\/\/www.diarioimagen.net\/wp-content\/uploads\/2024\/08\/expide-gobierno-huixquilucan.jpg 460w, https:\/\/www.diarioimagen.net\/wp-content\/uploads\/2024\/08\/expide-gobierno-huixquilucan-240x141.jpg 240w\" sizes=\"auto, (max-width: 460px) 100vw, 460px\" \/><\/a><p id=\"caption-attachment-630296\" class=\"wp-caption-text\">El gobierno de Huixquilucan, a trav\u00e9s del Sistema Municipal DIF, lleva a cabo una jornada de expedici\u00f3n de certificados m\u00e9dicos a bajo costo para los alumnos que as\u00ed lo requieran.<\/p><\/div>\n<p>&nbsp;<\/p>\n<p><strong>Huixquilucan, Estado de M\u00e9xico.\u2014<\/strong> Para apoyar la econom\u00eda de los padres de familia y cuidar la salud de los estudiantes ante el pr\u00f3ximo regreso a clases, el Gobierno de de este municipio a trav\u00e9s del Sistema Municipal DIF, lleva a cabo una jornada de expedici\u00f3n de certificados m\u00e9dicos a bajo costo para los alumnos que as\u00ed lo requieran en su proceso de inscripci\u00f3n.<\/p>\n<p>La presidenta municipal, Romina Contreras Carrasco, apunt\u00f3 que, con el apoyo de los m\u00e9dicos con los que cuenta el Sistema Municipal DIF, se expiden los certificados m\u00e9dicos en el DIF Central, ubicado en el Complejo Rosa M\u00edstica, as\u00ed como en los 26 Centros de Desarrollo Comunitario, localizados en diferentes puntos del territorio, en un horario de lunes a viernes, de 9:00 a 15:00 horas, con el objetivo de que los estudiantes puedan cumplir con este requisito para sus inscripciones en el ciclo escolar que est\u00e1 por iniciar.<\/p>\n<p>\u201cSabemos que la mejor inversi\u00f3n es la educaci\u00f3n, por ello, buscamos aminorar los gastos en este regreso a clases y queremos contribuir con nuestro granito de arena al acercar este servicio con un precio m\u00e1s accesible y, de esta manera, ayudar a las familias a no tener mayores gastos, al mismo tiempo que revisan la salud de los estudiantes\u201d, explic\u00f3 la presidenta municipal.<\/p>\n<p>Hasta el momento, se han expedido 213 certificados m\u00e9dicos en el DIF Central, en donde m\u00e9dicos elaboran un examen para valorar aspectos f\u00edsicos como peso y estatura de los pacientes, adem\u00e1s de conocer antecedentes patol\u00f3gicos familiares con la finalidad de proteger la salud de cada ni\u00f1o y, de esta manera, prevenir alguna enfermedad y garantizar el bienestar de los estudiantes dentro de la escuela.<\/p>\n","protected":false},"excerpt":{"rendered":"<p>Para apoyar la econom\u00eda de los padres de familia y cuidar la salud de los estudiantes ante el pr\u00f3ximo regreso a clases, el Gobierno de de este municipio a trav\u00e9s del Sistema Municipal DIF, lleva a cabo una jornada de expedici\u00f3n de certificados m\u00e9dicos a bajo costo para los alumnos que as\u00ed lo requieran en su proceso de inscripci\u00f3n.<\/p>\n","protected":false},"author":3,"featured_media":630296,"comment_status":"open","ping_status":"open","sticky":false,"template":"","format":"standard","meta":{"_monsterinsights_skip_tracking":false,"_monsterinsights_sitenote_active":false,"_monsterinsights_sitenote_note":"","_monsterinsights_sitenote_category":0,"footnotes":""},"categories":[5],"tags":[75742,43675,1097],"class_list":["post-630186","post","type-post","status-publish","format-standard","has-post-thumbnail","hentry","category-estado-de-mexico","tag-bajo-costo","tag-estado-de-mexico","tag-huixquilucan"],"_links":{"self":[{"href":"https:\/\/www.diarioimagen.net\/index.php?rest_route=\/wp\/v2\/posts\/630186","targetHints":{"allow":["GET"]}}],"collection":[{"href":"https:\/\/www.diarioimagen.net\/index.php?rest_route=\/wp\/v2\/posts"}],"about":[{"href":"https:\/\/www.diarioimagen.net\/index.php?rest_route=\/wp\/v2\/types\/post"}],"author":[{"embeddable":true,"href":"https:\/\/www.diarioimagen.net\/index.php?rest_route=\/wp\/v2\/users\/3"}],"replies":[{"embeddable":true,"href":"https:\/\/www.diarioimagen.net\/index.php?rest_route=%2Fwp%2Fv2%2Fcomments&post=630186"}],"version-history":[{"count":0,"href":"https:\/\/www.diarioimagen.net\/index.php?rest_route=\/wp\/v2\/posts\/630186\/revisions"}],"wp:featuredmedia":[{"embeddable":true,"href":"https:\/\/www.diarioimagen.net\/index.php?rest_route=\/wp\/v2\/media\/630296"}],"wp:attachment":[{"href":"https:\/\/www.diarioimagen.net\/index.php?rest_route=%2Fwp%2Fv2%2Fmedia&parent=630186"}],"wp:term":[{"taxonomy":"category","embeddable":true,"href":"https:\/\/www.diarioimagen.net\/index.php?rest_route=%2Fwp%2Fv2%2Fcategories&post=630186"},{"taxonomy":"post_tag","embeddable":true,"href":"https:\/\/www.diarioimagen.net\/index.php?rest_route=%2Fwp%2Fv2%2Ftags&post=630186"}],"curies":[{"name":"wp","href":"https:\/\/api.w.org\/{rel}","templated":true}]}}