{"id":630221,"date":"2024-08-19T00:01:45","date_gmt":"2024-08-19T06:01:45","guid":{"rendered":"https:\/\/www.diarioimagen.net\/?p=630221"},"modified":"2024-08-19T01:20:24","modified_gmt":"2024-08-19T07:20:24","slug":"desde-el-cluster-de-turismo-de-monterrey-fortalecen-la-innovacion-y-competitividad-de-la-industria-turistica","status":"publish","type":"post","link":"https:\/\/www.diarioimagen.net\/?p=630221","title":{"rendered":"Desde el Cl\u00faster de Turismo de Monterrey fortalecen la innovaci\u00f3n y competitividad de la Industria Tur\u00edstica"},"content":{"rendered":"<h2>De cinco estrellas<\/h2>\n<h5>Victoria Gonz\u00e1lez Prado<\/h5>\n<p>&nbsp;<\/p>\n<ul>\n<li><strong><em>Para el Tianguis Nacional de Pueblos M\u00e1gicos se espera una derrama econ\u00f3mica de 80 millones de pesos: Iv\u00e1n Mart\u00ednez Olvera, secretario de Turismo de Veracruz<\/em><\/strong><\/li>\n<\/ul>\n<p>&nbsp;<\/p>\n<div id=\"attachment_630280\" style=\"width: 470px\" class=\"wp-caption aligncenter\"><a href=\"https:\/\/www.diarioimagen.net\/?attachment_id=630280\" rel=\"attachment wp-att-630280\"><img loading=\"lazy\" decoding=\"async\" aria-describedby=\"caption-attachment-630280\" class=\"size-full wp-image-630280\" src=\"https:\/\/www.diarioimagen.net\/wp-content\/uploads\/2024\/08\/turismo-estrellas-6.jpg\" alt=\"\" width=\"460\" height=\"270\" srcset=\"https:\/\/www.diarioimagen.net\/wp-content\/uploads\/2024\/08\/turismo-estrellas-6.jpg 460w, https:\/\/www.diarioimagen.net\/wp-content\/uploads\/2024\/08\/turismo-estrellas-6-240x141.jpg 240w\" sizes=\"auto, (max-width: 460px) 100vw, 460px\" \/><\/a><p id=\"caption-attachment-630280\" class=\"wp-caption-text\">Durante la Asamblea General del Cl\u00faster de Turismo de Monterrey.<\/p><\/div>\n<p>&nbsp;<\/p>\n<p>En la celebraci\u00f3n de la Asamblea General del Cl\u00faster de Turismo de Monterrey, asociaci\u00f3n civil sin fines de lucro, que agrupa a la cadena de valor de la triple h\u00e9lice: academia, gobierno e iniciativa privada, detallaron c\u00f3mo esta colaboraci\u00f3n en conjunto est\u00e1 logrando hitos significativos para la industria del turismo y las reuniones en Monterrey.<\/p>\n<p>Bajo la gu\u00eda de cuatro ejes estrat\u00e9gicos \u2014ecosistemas de colaboraci\u00f3n, comunidad competitiva, estrategia de destino y agenda de la industria\u2014, el Cl\u00faster busca generar valor a trav\u00e9s de la cooperaci\u00f3n, promoviendo el crecimiento del turismo en el destino y elevando oportunidades de negocio para todos sus actores.<\/p>\n<p><strong>Jes\u00fas Guerrero<\/strong>, presidente del Cl\u00faster de Turismo para el periodo 2023-2025 y CEO de <em>Ibo Adventures<\/em>, dio la bienvenida a directivos de empresas tur\u00edsticas, academias y funcionarios de gobierno, e invit\u00f3 a los asistentes a continuar participando en los Comit\u00e9s de Trabajo y proyectos impulsados por el Cl\u00faster.<\/p>\n<p>La agenda de la reuni\u00f3n incluy\u00f3 la conferencia \u201cLas oportunidades del Mundial\u201d, presentada por <strong>Jurgen Mainka Ruiz<\/strong>, <em>Chief Tournament Officer<\/em> de M\u00e9xico para la <em>FIFA World Cup 2026<\/em> en la que expuso el impacto y las oportunidades que este magno evento brindar\u00e1 a Monterrey y a la industria tur\u00edstica.<\/p>\n<p>Por su parte <strong>Jes\u00fas Guerrero<\/strong> se\u00f1al\u00f3: \u201csabemos que la Copa Mundial FIFA 2026 es una oportunidad \u00fanica y debemos proyectar la mejor imagen de M\u00e9xico y Monterrey. Queremos resaltar nuestra cultura, tradici\u00f3n, historia, modernidad y desarrollo, y demostrar que somos una tierra llena de oportunidades econ\u00f3micas y comerciales\u201d.<\/p>\n<p>Por otra parte, se firm\u00f3 un convenio de colaboraci\u00f3n para la <em>app<\/em> Pasaporte Nuevo Le\u00f3n entre la Corporaci\u00f3n para el Desarrollo Tur\u00edstico, la Secretar\u00eda de Turismo ambos de Nuevo Le\u00f3n; la Oficina de Convenciones y Visitantes (OCV) y el Cl\u00faster de Turismo ambos de Monterrey. El acuerdo busca fortalecer la <em>app<\/em> m\u00f3vil, ofreciendo una experiencia innovadora al visitante y apoyando a los proveedores locales mediante un canal de <em>e-commerce<\/em>.<\/p>\n<p>El Cl\u00faster de Turismo, a trav\u00e9s de sus Comit\u00e9s de Trabajo, crea n\u00facleos de profesionales que se re\u00fanen para discutir y encontrar soluciones a retos comunes, proponiendo nuevos proyectos que definan la agenda de la industria tur\u00edstica. Estos comit\u00e9s se enfocan en: profesionalizaci\u00f3n del capital humano, experiencia del visitante e inteligencia Tur\u00edstica.<\/p>\n<p>Durante la Asamblea General, se dio la bienvenida a 12 nuevos afiliados, sumando 57 organismos afiliados al Cl\u00faster de Turismo y tambi\u00e9n se ratific\u00f3 el Consejo Directivo del Cl\u00faster, compuesto por 22 consejeros liderados por:<\/p>\n<p><strong>Jes\u00fas Guerrero Almaraz<\/strong>, Ibo Adventures, presidente; <strong>Sergio Gonz\u00e1lez<\/strong> <strong>de la Garza<\/strong>, \u00d3ptima Hoteles, vicepresidente; <strong>Federico Clariond Domene<\/strong>, Bur\u00f3 Inmobiliario Nacional, tesorero e <strong>Iv\u00e1n Rivas Rodr\u00edguez<\/strong>, Secretar\u00eda de Econom\u00eda, secretario.<\/p>\n<p>En su oportunidad, <strong>Mauricio Magdaleno<\/strong>, director del Cl\u00faster de Turismo de Monterrey afirm\u00f3: \u201cel Cl\u00faster de Turismo goza de excelentes relaciones institucionales con organizaciones locales y nacionales y con cada una de ellas buscamos aportar y recibir valor, participar en las conversaciones y decisiones que impacten nuestro entorno y ser activos en el dinamismo social de nuestra comunidad\u201d.<\/p>\n<p>El Cl\u00faster de Turismo de Monterrey lanza un nuevo programa de <em>Seed Capital<\/em> con el objetivo de impulsar el desarrollo econ\u00f3mico de Nuevo Le\u00f3n apoyando proyectos productivos de empresas tur\u00edsticas de nuestro ecosistema. Este programa ofrece una plataforma para el crecimiento y la innovaci\u00f3n en la industria tur\u00edstica de Nuevo Le\u00f3n, fortaleciendo al Cl\u00faster de Turismo como actor clave en el desarrollo econ\u00f3mico del estado.<\/p>\n<p>Los beneficios del programa <em>Seed Capital<\/em> son: desarrollo econ\u00f3mico: genera empleos de alto valor agregado y promueve la productividad y competitividad en el sector tur\u00edstico. Apoyo a PyMEs: fortalece a las micro, peque\u00f1as y medianas empresas proveedoras del sector tur\u00edstico, integr\u00e1ndolas con grandes empresas y fortaleciendo la cadena de valor del turismo en Nuevo Le\u00f3n.<\/p>\n<p>Fortalecimiento del Cl\u00faster: act\u00faa como socio y facilitador de proyectos, mejorando su posici\u00f3n como l\u00edder en la industria tur\u00edstica. Establece un Consejo Asesor para promover la colaboraci\u00f3n entre el sector p\u00fablico y privado.<\/p>\n<p>Visibilidad y Posicionamiento: los proyectos seleccionados ganan visibilidad y acceso a una red de contactos y recursos, beneficiando a las empresas y posicionando al Cl\u00faster como actor clave en el turismo regional.<\/p>\n<p>\u2730\u2730\u2730\u2730\u2730 \u201cProyectamos 80 millones de pesos por derrama econ\u00f3mica, una afluencia de 40 mil visitantes y la demanda de 6 mil habitaciones en la zona conurbada Veracruz-Boca del R\u00edo, asegur\u00f3 <strong>Iv\u00e1n Mart\u00ednez Olvera<\/strong>, secretario de Turismo de Veracruz, al referirse a la sexta edici\u00f3n del Tianguis Nacional de los Pueblos M\u00e1gicos a realizarse del 9 al 12 de septiembre en el <em>World Trade Center<\/em>, en Boca del R\u00edo\u201d.<\/p>\n<p>El secretario de Turismo acompa\u00f1ado por representantes hoteleros, las distintas regiones tur\u00edsticas, c\u00e1maras empresariales y prestadores de servicios tur\u00edsticos, agreg\u00f3 que contar\u00e1n con la participaci\u00f3n de m\u00e1s de 300 delegaciones, entre las correspondientes a los 177 Pueblos M\u00e1gicos y 32 Barrios M\u00e1gicos del pa\u00eds, 12 embajadas y la de la Uni\u00f3n Iberoamericana de Municipalistas, entre otras.<\/p>\n<p>Durante los tres d\u00edas de actividad habr\u00e1 m\u00e1s de 96 espacios para difundir jornadas acad\u00e9micas, conferencias magistrales, folclor, presentaciones de destino y art\u00edsticas, exposiciones culturales y gastron\u00f3micas, teniendo como columna el quehacer tur\u00edstico.<\/p>\n<p>El <em>World Trade Center Veracruz<\/em>, es un complejo moderno que dispone de 20 mil 589 m\u00b2 de piso de exposici\u00f3n donde el p\u00fablico en general podr\u00e1 conocer y disfrutar de los pabellones de Pueblos y Barrios M\u00e1gicos con su gastronom\u00eda, medicina tradicional, inclusi\u00f3n, \u00e1rea artesanal, exposiciones de productos tur\u00edsticos, presentaciones de destino y foros para las diversas expresiones culturales y art\u00edsticas.<\/p>\n<p>La sexta edici\u00f3n del Tianguis Nacional de Pueblos M\u00e1gicos es una plataforma esencial para que visitantes nacionales e internacionales puedan explorar y valorar la diversidad de cada uno de los Pueblos M\u00e1gicos y generar oportunidades significativas de negocio y crecimiento econ\u00f3mico para las comunidades participantes.<\/p>\n<p>&nbsp;<\/p>\n<blockquote>\n<p style=\"text-align: right;\">\u201c<strong>El<\/strong> <strong>\u00e1ngel de la fama tiene sus alas hechas de papel&#8230; peri\u00f3dico\u201d.<br \/>\n<\/strong><\/p>\n<\/blockquote>\n<p>&nbsp;<\/p>\n<p><em><span class=\"Apple-converted-space\"><a href=\"mailto:victoriagprado@gmail.com\" target=\"_blank\" rel=\"noopener noreferrer\">victoriagprado@gmail.com<\/a><br \/>\nX: @victoriagprado<\/span><\/em><\/p>\n","protected":false},"excerpt":{"rendered":"<p>En la celebraci\u00f3n de la Asamblea General del Cl\u00faster de Turismo de\u00a0Monterrey,\u00a0asociaci\u00f3n\u00a0civil\u00a0sin fines de lucro, que agrupa a la cadena de valor de la triple h\u00e9lice: academia, gobierno e iniciativa privada, detallaron c\u00f3mo esta colaboraci\u00f3n en conjunto est\u00e1 logrando hitos significativos para la industria del turismo y las reuniones en Monterrey.<\/p>\n","protected":false},"author":3,"featured_media":630280,"comment_status":"open","ping_status":"open","sticky":false,"template":"","format":"standard","meta":{"_monsterinsights_skip_tracking":false,"_monsterinsights_sitenote_active":false,"_monsterinsights_sitenote_note":"","_monsterinsights_sitenote_category":0,"footnotes":""},"categories":[11],"tags":[107,43674,43681,106],"class_list":["post-630221","post","type-post","status-publish","format-standard","has-post-thumbnail","hentry","category-turismo","tag-de-cinco-estrellas","tag-opinion","tag-turismo","tag-victoria-gonzalez-prado"],"_links":{"self":[{"href":"https:\/\/www.diarioimagen.net\/index.php?rest_route=\/wp\/v2\/posts\/630221","targetHints":{"allow":["GET"]}}],"collection":[{"href":"https:\/\/www.diarioimagen.net\/index.php?rest_route=\/wp\/v2\/posts"}],"about":[{"href":"https:\/\/www.diarioimagen.net\/index.php?rest_route=\/wp\/v2\/types\/post"}],"author":[{"embeddable":true,"href":"https:\/\/www.diarioimagen.net\/index.php?rest_route=\/wp\/v2\/users\/3"}],"replies":[{"embeddable":true,"href":"https:\/\/www.diarioimagen.net\/index.php?rest_route=%2Fwp%2Fv2%2Fcomments&post=630221"}],"version-history":[{"count":0,"href":"https:\/\/www.diarioimagen.net\/index.php?rest_route=\/wp\/v2\/posts\/630221\/revisions"}],"wp:featuredmedia":[{"embeddable":true,"href":"https:\/\/www.diarioimagen.net\/index.php?rest_route=\/wp\/v2\/media\/630280"}],"wp:attachment":[{"href":"https:\/\/www.diarioimagen.net\/index.php?rest_route=%2Fwp%2Fv2%2Fmedia&parent=630221"}],"wp:term":[{"taxonomy":"category","embeddable":true,"href":"https:\/\/www.diarioimagen.net\/index.php?rest_route=%2Fwp%2Fv2%2Fcategories&post=630221"},{"taxonomy":"post_tag","embeddable":true,"href":"https:\/\/www.diarioimagen.net\/index.php?rest_route=%2Fwp%2Fv2%2Ftags&post=630221"}],"curies":[{"name":"wp","href":"https:\/\/api.w.org\/{rel}","templated":true}]}}