{"id":630348,"date":"2024-08-20T00:04:25","date_gmt":"2024-08-20T06:04:25","guid":{"rendered":"https:\/\/www.diarioimagen.net\/?p=630348"},"modified":"2024-08-20T02:19:23","modified_gmt":"2024-08-20T08:19:23","slug":"continuaremos-en-la-lucha-en-favor-de-la-justicia-social-declara-david-parra-sanchez","status":"publish","type":"post","link":"https:\/\/www.diarioimagen.net\/?p=630348","title":{"rendered":"Continuaremos en la lucha en favor de la justicia social, declara David Parra S\u00e1nchez"},"content":{"rendered":"<p>&nbsp;<\/p>\n<ul>\n<li><em><strong>Entrega raciones de comida a naucalpenses<\/strong><\/em><\/li>\n<\/ul>\n<p><strong>\u00a0<\/strong><\/p>\n<h5>Arturo Baena<\/h5>\n<p>&nbsp;<\/p>\n<div id=\"attachment_630473\" style=\"width: 470px\" class=\"wp-caption aligncenter\"><a href=\"https:\/\/www.diarioimagen.net\/?attachment_id=630473\" rel=\"attachment wp-att-630473\"><img loading=\"lazy\" decoding=\"async\" aria-describedby=\"caption-attachment-630473\" class=\"size-full wp-image-630473\" src=\"https:\/\/www.diarioimagen.net\/wp-content\/uploads\/2024\/08\/continuaremos-en-la-lucha.jpg\" alt=\"\" width=\"460\" height=\"270\" srcset=\"https:\/\/www.diarioimagen.net\/wp-content\/uploads\/2024\/08\/continuaremos-en-la-lucha.jpg 460w, https:\/\/www.diarioimagen.net\/wp-content\/uploads\/2024\/08\/continuaremos-en-la-lucha-240x141.jpg 240w\" sizes=\"auto, (max-width: 460px) 100vw, 460px\" \/><\/a><p id=\"caption-attachment-630473\" class=\"wp-caption-text\">David Parra S\u00e1nchez contin\u00faa con su labor altruista en todo el territorio naucalpense, entregando desayunos, comidas y cenas en colonias, ejidos y hospitales de la zona.<\/p><\/div>\n<p>&nbsp;<\/p>\n<p><strong>Naucalpan, Estado de M\u00e9xico.\u2014<\/strong> En apoyo a la econom\u00eda familiar y cerrando a tambor batientes su ciclo como diputado del Distrito 32, David Parra S\u00e1nchez contin\u00faa con su labor altruista en todo el territorio municipal, entregando desayunos, comidas y cenas en colonias, ejidos y hospitales de la zona.<\/p>\n<p>Ah\u00ed, a trav\u00e9s de l\u00edderes comunitarios y personal del voluntariado, se han presentado en colonias como San Francisco Chimalpa, Las Huertas, el Tejocote, La Chacona, La Miramar, Cumbres de Himalaya, Vicente Guerrero, entre otras, en donde entregaron m\u00e1s de 6 mil raciones de comida.<\/p>\n<p>Adem\u00e1s, Parra S\u00e1nchez inform\u00f3 que han proporcionado de manera gratuita comestibles a personas que esperan a sus familiares a las afueras de los hospitales, tal y como son el \u201cMaximiliano Ruiz Casta\u00f1eda\u201d, Cl\u00ednica \u201cLa Rosa\u201d del IMSS 194, as\u00ed como en el de Traumatolog\u00eda de Lomas Verdes, lo que han agradecido al legislador mexiquense.<\/p>\n<p>\u201cEstas acciones de apoyo a la econom\u00eda de las familias naucalpenses, son sin inter\u00e9s alguno. El prop\u00f3sito, tal y como lo he hecho a lo largo de varios a\u00f1os, es defensa de los que menos tienen, tal y como me lo inculcaron mis padres, que hago con gusto y de todo coraz\u00f3n\u201d.<\/p>\n<p>Por otra parte, el diputado, destac\u00f3 que en breve dar\u00e1 a conocer el surgimiento de una gran asociaci\u00f3n civil, sin fines de lucro y en el que participar\u00e1n, todo tipo de liderazgos con el \u00fanico fin de apoyar a las familias m\u00e1s vulnerables de Naucalpan.<\/p>\n<p>Finalmente, Parra S\u00e1nchez agradeci\u00f3 las muestras de apoyo y solidaridad de las y los naucalpenses ante quienes se comprometi\u00f3 a seguir luchando para alcanzar la justicia social que tanto demandan y necesitan. las familias que viven en Naucalpan.<\/p>\n","protected":false},"excerpt":{"rendered":"<p>En apoyo a la econom\u00eda familiar y cerrando a tambor batientes su ciclo como diputado del Distrito 32, David Parra S\u00e1nchez contin\u00faa con su labor altruista en todo el territorio municipal, entregando desayunos, comidas y cenas en colonias, ejidos y hospitales de la zona.<\/p>\n","protected":false},"author":3,"featured_media":630473,"comment_status":"open","ping_status":"open","sticky":false,"template":"","format":"standard","meta":{"_monsterinsights_skip_tracking":false,"_monsterinsights_sitenote_active":false,"_monsterinsights_sitenote_note":"","_monsterinsights_sitenote_category":0,"footnotes":""},"categories":[5],"tags":[29035,43675,100423,970],"class_list":["post-630348","post","type-post","status-publish","format-standard","has-post-thumbnail","hentry","category-estado-de-mexico","tag-david-parra-sanchez","tag-estado-de-mexico","tag-justicia-social","tag-naucalpan"],"_links":{"self":[{"href":"https:\/\/www.diarioimagen.net\/index.php?rest_route=\/wp\/v2\/posts\/630348","targetHints":{"allow":["GET"]}}],"collection":[{"href":"https:\/\/www.diarioimagen.net\/index.php?rest_route=\/wp\/v2\/posts"}],"about":[{"href":"https:\/\/www.diarioimagen.net\/index.php?rest_route=\/wp\/v2\/types\/post"}],"author":[{"embeddable":true,"href":"https:\/\/www.diarioimagen.net\/index.php?rest_route=\/wp\/v2\/users\/3"}],"replies":[{"embeddable":true,"href":"https:\/\/www.diarioimagen.net\/index.php?rest_route=%2Fwp%2Fv2%2Fcomments&post=630348"}],"version-history":[{"count":0,"href":"https:\/\/www.diarioimagen.net\/index.php?rest_route=\/wp\/v2\/posts\/630348\/revisions"}],"wp:featuredmedia":[{"embeddable":true,"href":"https:\/\/www.diarioimagen.net\/index.php?rest_route=\/wp\/v2\/media\/630473"}],"wp:attachment":[{"href":"https:\/\/www.diarioimagen.net\/index.php?rest_route=%2Fwp%2Fv2%2Fmedia&parent=630348"}],"wp:term":[{"taxonomy":"category","embeddable":true,"href":"https:\/\/www.diarioimagen.net\/index.php?rest_route=%2Fwp%2Fv2%2Fcategories&post=630348"},{"taxonomy":"post_tag","embeddable":true,"href":"https:\/\/www.diarioimagen.net\/index.php?rest_route=%2Fwp%2Fv2%2Ftags&post=630348"}],"curies":[{"name":"wp","href":"https:\/\/api.w.org\/{rel}","templated":true}]}}