{"id":630350,"date":"2024-08-20T00:02:51","date_gmt":"2024-08-20T06:02:51","guid":{"rendered":"https:\/\/www.diarioimagen.net\/?p=630350"},"modified":"2024-08-20T02:18:06","modified_gmt":"2024-08-20T08:18:06","slug":"entrega-gobierno-de-huixquilucan-vehiculos-para-mejorar-servicios","status":"publish","type":"post","link":"https:\/\/www.diarioimagen.net\/?p=630350","title":{"rendered":"Entrega gobierno de Huixquilucan veh\u00edculos para mejorar servicios"},"content":{"rendered":"<p>&nbsp;<\/p>\n<p><a href=\"https:\/\/www.diarioimagen.net\/?attachment_id=630469\" rel=\"attachment wp-att-630469\"><img loading=\"lazy\" decoding=\"async\" class=\"aligncenter size-full wp-image-630469\" src=\"https:\/\/www.diarioimagen.net\/wp-content\/uploads\/2024\/08\/entrega-gobierno-huixquilucan.jpg\" alt=\"\" width=\"460\" height=\"270\" srcset=\"https:\/\/www.diarioimagen.net\/wp-content\/uploads\/2024\/08\/entrega-gobierno-huixquilucan.jpg 460w, https:\/\/www.diarioimagen.net\/wp-content\/uploads\/2024\/08\/entrega-gobierno-huixquilucan-240x141.jpg 240w\" sizes=\"auto, (max-width: 460px) 100vw, 460px\" \/><\/a><\/p>\n<p>&nbsp;<\/p>\n<p><strong>Huixquilucan, Estado de M\u00e9xico.\u2014 <\/strong>Como parte de las acciones de modernizaci\u00f3n y de mejora continua de la administraci\u00f3n p\u00fablica, el gobierno de esta localidad entreg\u00f3 19 veh\u00edculos a diferentes dependencias locales, lo que permitir\u00e1 mejorar la atenci\u00f3n a la ciudadan\u00eda, facilitar el acceso a los servicios p\u00fablicos, optimizar los recursos y aumentar la eficiencia en las tareas diarias, al tiempo de reducir costos de operaci\u00f3n, con el prop\u00f3sito de seguir trabajando 24\/7 y continuar posicion\u00e1ndose como un municipio de vanguardia.<\/p>\n<p>Al entregar las nuevas unidades, la alcaldesa Romina Contreras Carrasco, destac\u00f3 que, gracias a las finanzas sanas que mantiene esta administraci\u00f3n, se pueden realizar este tipo de adquisiciones, para tener acceso a equipo y herramientas que est\u00e9n al servicio de todo el municipio y, con ello, refrendar el compromiso de servir de manera \u00f3ptima a la ciudadan\u00eda.<\/p>\n<p>\u201cLa entrega de estos autom\u00f3viles representa nuestro compromiso con la mejora de los procesos. Estas unidades tambi\u00e9n est\u00e1n destinadas a fortalecer nuestra capacidad de respuesta, asegurando que personal municipal llegue a donde m\u00e1s se necesite, con rapidez y seguridad. Gracias a todos y cada uno de ustedes por su compromiso, por su dedicaci\u00f3n, para seguir haciendo de Huixquilucan el mejor municipio del Estado de M\u00e9xico\u201d, expres\u00f3.<\/p>\n","protected":false},"excerpt":{"rendered":"<p>Como parte de las acciones de modernizaci\u00f3n y de mejora continua de la administraci\u00f3n p\u00fablica, el gobierno de esta localidad entreg\u00f3 19 veh\u00edculos a diferentes dependencias locales, lo que permitir\u00e1 mejorar la atenci\u00f3n a la ciudadan\u00eda, facilitar el acceso a los servicios p\u00fablicos, optimizar los recursos y aumentar la eficiencia en las tareas diarias, al tiempo de reducir costos de operaci\u00f3n, con el prop\u00f3sito de seguir trabajando 24\/7 y continuar posicion\u00e1ndose como un municipio de vanguardia.<\/p>\n","protected":false},"author":3,"featured_media":630469,"comment_status":"open","ping_status":"open","sticky":false,"template":"","format":"standard","meta":{"_monsterinsights_skip_tracking":false,"_monsterinsights_sitenote_active":false,"_monsterinsights_sitenote_note":"","_monsterinsights_sitenote_category":0,"footnotes":""},"categories":[5],"tags":[43675,1097,39541,14506],"class_list":["post-630350","post","type-post","status-publish","format-standard","has-post-thumbnail","hentry","category-estado-de-mexico","tag-estado-de-mexico","tag-huixquilucan","tag-mejorar","tag-servicios"],"_links":{"self":[{"href":"https:\/\/www.diarioimagen.net\/index.php?rest_route=\/wp\/v2\/posts\/630350","targetHints":{"allow":["GET"]}}],"collection":[{"href":"https:\/\/www.diarioimagen.net\/index.php?rest_route=\/wp\/v2\/posts"}],"about":[{"href":"https:\/\/www.diarioimagen.net\/index.php?rest_route=\/wp\/v2\/types\/post"}],"author":[{"embeddable":true,"href":"https:\/\/www.diarioimagen.net\/index.php?rest_route=\/wp\/v2\/users\/3"}],"replies":[{"embeddable":true,"href":"https:\/\/www.diarioimagen.net\/index.php?rest_route=%2Fwp%2Fv2%2Fcomments&post=630350"}],"version-history":[{"count":0,"href":"https:\/\/www.diarioimagen.net\/index.php?rest_route=\/wp\/v2\/posts\/630350\/revisions"}],"wp:featuredmedia":[{"embeddable":true,"href":"https:\/\/www.diarioimagen.net\/index.php?rest_route=\/wp\/v2\/media\/630469"}],"wp:attachment":[{"href":"https:\/\/www.diarioimagen.net\/index.php?rest_route=%2Fwp%2Fv2%2Fmedia&parent=630350"}],"wp:term":[{"taxonomy":"category","embeddable":true,"href":"https:\/\/www.diarioimagen.net\/index.php?rest_route=%2Fwp%2Fv2%2Fcategories&post=630350"},{"taxonomy":"post_tag","embeddable":true,"href":"https:\/\/www.diarioimagen.net\/index.php?rest_route=%2Fwp%2Fv2%2Ftags&post=630350"}],"curies":[{"name":"wp","href":"https:\/\/api.w.org\/{rel}","templated":true}]}}