{"id":630352,"date":"2024-08-20T00:01:08","date_gmt":"2024-08-20T06:01:08","guid":{"rendered":"https:\/\/www.diarioimagen.net\/?p=630352"},"modified":"2024-08-20T02:17:37","modified_gmt":"2024-08-20T08:17:37","slug":"llega-a-cuautitlan-izcalli-el-programa-canje-de-armas","status":"publish","type":"post","link":"https:\/\/www.diarioimagen.net\/?p=630352","title":{"rendered":"Llega a Cuautitl\u00e1n Izcalli el programa \u201cCanje de Armas\u201d"},"content":{"rendered":"<p>&nbsp;<\/p>\n<ul>\n<li><em><strong>Del 19 al 24 de agosto<\/strong><\/em><\/li>\n<\/ul>\n<p>&nbsp;<\/p>\n<div id=\"attachment_630467\" style=\"width: 470px\" class=\"wp-caption aligncenter\"><a href=\"https:\/\/www.diarioimagen.net\/?attachment_id=630467\" rel=\"attachment wp-att-630467\"><img loading=\"lazy\" decoding=\"async\" aria-describedby=\"caption-attachment-630467\" class=\"size-full wp-image-630467\" src=\"https:\/\/www.diarioimagen.net\/wp-content\/uploads\/2024\/08\/llega-a-cuautitlan.jpg\" alt=\"\" width=\"460\" height=\"270\" srcset=\"https:\/\/www.diarioimagen.net\/wp-content\/uploads\/2024\/08\/llega-a-cuautitlan.jpg 460w, https:\/\/www.diarioimagen.net\/wp-content\/uploads\/2024\/08\/llega-a-cuautitlan-240x141.jpg 240w\" sizes=\"auto, (max-width: 460px) 100vw, 460px\" \/><\/a><p id=\"caption-attachment-630467\" class=\"wp-caption-text\">El gobierno de Cuautitl\u00e1n Izcalli, encabezado por Karla Fiesco, junto con la Sedena y la Secretar\u00eda de Seguridad llevar\u00e1n a cabo el \u201cCanje de Armas 2024\u201d, del 19 al 24 de agosto.<\/p><\/div>\n<p>&nbsp;<\/p>\n<p><strong>Cuautitl\u00e1n Izcalli, Estado de M\u00e9xico.\u2014<\/strong> Con el objetivo de inhibir la utilizaci\u00f3n de armas de fuego, el gobierno municipal de esta localidad, encabezado por Karla Fiesco, junto con la Secretar\u00eda de la Defensa Nacional (Sedena) y la Secretar\u00eda de Seguridad llevar\u00e1n a cabo el \u201cCanje de Armas 2024\u201d, del 19 al 24 de agosto, en las instalaciones de la Comisar\u00eda General de Seguridad Ciudadana ubicada en la Avenida Primero de Mayo.<\/p>\n<p>Se exhorta a que los ciudadanos interesados que porten un artefacto explosivo, arma de fuego o municiones acudan a realizar su canje por dinero en efectivo de manera completamente an\u00f3nima, adem\u00e1s recibir\u00e1n algunos otros incentivos por parte del Gobierno Municipal como despensas o juguetes.<\/p>\n<p>Es importante se\u00f1alar que al ciudadano se le informar\u00e1 el monto a recibir por el arma o artefacto presentado, donde determinar\u00e1 por s\u00ed mismo si realizar\u00e1 el canje o no, en caso de que el due\u00f1o decida no realizar la transacci\u00f3n se le regresar\u00e1 el arma sin ninguna objeci\u00f3n, por otro lado, si este acepta se le entregar\u00e1 el monto econ\u00f3mico que corresponda el aval\u00fao y se destruir\u00e1 el arma frente a \u00e9l o ella para terminar el canje.<\/p>\n<p>Asimismo, la administraci\u00f3n municipal realizar\u00e1 canje de juguete b\u00e9lico por juguete l\u00fadico, por ello se invita a ni\u00f1os a acercarse al m\u00f3dulo y poder intercambiar sus juguetes que pudieran estar haciendo apolog\u00eda a alg\u00fan contexto de violencia o criminal por juguetes l\u00fadicos, los cuales fueron donados por la Comisar\u00eda y funcionarios de distintas dependencias del gobierno municipal.<\/p>\n<p>El trabajo coordinado por los tres \u00f3rdenes de gobierno busca promover convivencias libres de violencia y la paz en las familias izcallenses.<\/p>\n","protected":false},"excerpt":{"rendered":"<p>Con el objetivo de inhibir la utilizaci\u00f3n de armas de fuego, el gobierno municipal de esta localidad, encabezado por Karla Fiesco, junto con la Secretar\u00eda de la Defensa Nacional (Sedena) y la Secretar\u00eda de Seguridad llevar\u00e1n a cabo el \u201cCanje de Armas 2024\u201d, del 19 al 24 de agosto, en las instalaciones de la Comisar\u00eda General de Seguridad Ciudadana ubicada en la Avenida Primero de Mayo.<\/p>\n","protected":false},"author":3,"featured_media":630467,"comment_status":"open","ping_status":"open","sticky":false,"template":"","format":"standard","meta":{"_monsterinsights_skip_tracking":false,"_monsterinsights_sitenote_active":false,"_monsterinsights_sitenote_note":"","_monsterinsights_sitenote_category":0,"footnotes":""},"categories":[5],"tags":[100643,971,43675],"class_list":["post-630352","post","type-post","status-publish","format-standard","has-post-thumbnail","hentry","category-estado-de-mexico","tag-canje-de-armnas","tag-cuautitlan-izcalli","tag-estado-de-mexico"],"_links":{"self":[{"href":"https:\/\/www.diarioimagen.net\/index.php?rest_route=\/wp\/v2\/posts\/630352","targetHints":{"allow":["GET"]}}],"collection":[{"href":"https:\/\/www.diarioimagen.net\/index.php?rest_route=\/wp\/v2\/posts"}],"about":[{"href":"https:\/\/www.diarioimagen.net\/index.php?rest_route=\/wp\/v2\/types\/post"}],"author":[{"embeddable":true,"href":"https:\/\/www.diarioimagen.net\/index.php?rest_route=\/wp\/v2\/users\/3"}],"replies":[{"embeddable":true,"href":"https:\/\/www.diarioimagen.net\/index.php?rest_route=%2Fwp%2Fv2%2Fcomments&post=630352"}],"version-history":[{"count":0,"href":"https:\/\/www.diarioimagen.net\/index.php?rest_route=\/wp\/v2\/posts\/630352\/revisions"}],"wp:featuredmedia":[{"embeddable":true,"href":"https:\/\/www.diarioimagen.net\/index.php?rest_route=\/wp\/v2\/media\/630467"}],"wp:attachment":[{"href":"https:\/\/www.diarioimagen.net\/index.php?rest_route=%2Fwp%2Fv2%2Fmedia&parent=630352"}],"wp:term":[{"taxonomy":"category","embeddable":true,"href":"https:\/\/www.diarioimagen.net\/index.php?rest_route=%2Fwp%2Fv2%2Fcategories&post=630352"},{"taxonomy":"post_tag","embeddable":true,"href":"https:\/\/www.diarioimagen.net\/index.php?rest_route=%2Fwp%2Fv2%2Ftags&post=630352"}],"curies":[{"name":"wp","href":"https:\/\/api.w.org\/{rel}","templated":true}]}}