{"id":630354,"date":"2024-08-20T00:03:13","date_gmt":"2024-08-20T06:03:13","guid":{"rendered":"https:\/\/www.diarioimagen.net\/?p=630354"},"modified":"2024-08-20T02:18:42","modified_gmt":"2024-08-20T08:18:42","slug":"iremos-de-la-mano-de-sheinbaum-dicen-elias-moreno-y-ulises-murguia","status":"publish","type":"post","link":"https:\/\/www.diarioimagen.net\/?p=630354","title":{"rendered":"Iremos de la mano de Sheinbaum,: dicen El\u00edas Moreno y Ulises Murgu\u00eda"},"content":{"rendered":"<p>&nbsp;<\/p>\n<ul>\n<li><em><strong>Apoyo del \u201cFrente por la Cuarta Rep\u00fablica\u201d<\/strong><\/em><\/li>\n<\/ul>\n<p><strong>\u00a0<\/strong><\/p>\n<h6>Arturo Baena<\/h6>\n<p>&nbsp;<\/p>\n<div id=\"attachment_630471\" style=\"width: 470px\" class=\"wp-caption aligncenter\"><a href=\"https:\/\/www.diarioimagen.net\/?attachment_id=630471\" rel=\"attachment wp-att-630471\"><img loading=\"lazy\" decoding=\"async\" aria-describedby=\"caption-attachment-630471\" class=\"size-full wp-image-630471\" src=\"https:\/\/www.diarioimagen.net\/wp-content\/uploads\/2024\/08\/iremos-de-la-mano.jpg\" alt=\"\" width=\"460\" height=\"270\" srcset=\"https:\/\/www.diarioimagen.net\/wp-content\/uploads\/2024\/08\/iremos-de-la-mano.jpg 460w, https:\/\/www.diarioimagen.net\/wp-content\/uploads\/2024\/08\/iremos-de-la-mano-240x141.jpg 240w\" sizes=\"auto, (max-width: 460px) 100vw, 460px\" \/><\/a><p id=\"caption-attachment-630471\" class=\"wp-caption-text\">El\u00edas Miguel Moreno Brizuela y Ulises Murgu\u00eda Soto, presidente y secretario de elecciones del \u201cFrente por la Cuarta Rep\u00fablica\u201d, reafirmaron su compromiso e ir de la mano con las acciones que beneficiar\u00e1n al pueblo.<\/p><\/div>\n<p>&nbsp;<\/p>\n<p><strong>Valle de M\u00e9xico.\u2014<\/strong> Nuestro pa\u00eds merecer ir por el camino correcto y, sin duda, que la Presidenta Electa, Claudia Sheinbaum, contar\u00e1 con todo el apoyo del \u201cFrente por la Cuarta Rep\u00fablica\u201d para impulsar todas y cada una de las acciones en beneficio de los millones de mexicanos que le brindaron su apoyo y confianza.<\/p>\n<p>As\u00ed coincidieron, El\u00edas Miguel Moreno Brizuela y Ulises Murgu\u00eda Soto, presidente y secretario de elecciones, de esta agrupaci\u00f3n pol\u00edtica, luego de asegurar que \u201cse promover\u00e1 el fortalecimiento de un nuevo modelo econ\u00f3mico que equilibre la inversi\u00f3n p\u00fablica y la privada, que revise concesiones otorgadas por gobiernos entreguista\u201d, dijeron.<\/p>\n<p>Por otra parte, Moreno Brizuela y Murgu\u00eda Soto, luego de felicitar a la ahora Presidenta Electa, reafirmaron su compromiso e ir de la mano con las acciones que beneficiar\u00e1n al pueblo, como lo es en materia tributaria en la que se sin duda \u201cse ampliar\u00e1 la base de recaudaci\u00f3n para evitar la evasi\u00f3n fiscal\u201d, remarcaron.<\/p>\n<p>Recordaron que \u201cel Frente por la Cuarta Rep\u00fablica es la agrupaci\u00f3n nacional que ha promovido en todo el pa\u00eds la convocatoria con la que se lograr\u00e1 un mejor gobierno, el fortalecimiento de la democracia, alcanzar la tranquilidad social, el bienestar de la poblaci\u00f3n, impulsando una educaci\u00f3n de valores para conseguir el verdadero desarrollo de M\u00e9xico\u201d.<\/p>\n<p>Estamos creciendo y sumando a m\u00e1s personas al proyecto del Frente por la Cuarta Rep\u00fablica y nuestro objetivo es seguir apoyando la transformaci\u00f3n de M\u00e9xico de la mano de Claudia Sheinbaum\u201d, insistieron.<\/p>\n<p>Finalmente, le ex presidente de la Comisi\u00f3n Nacional de Seguridad y ex titular de Protecci\u00f3n Civil de la CDMX, coincidieron en que \u201cel gobierno de la doctora Claudia Sheinbaum, estar\u00e1 encaminado al fortalecimiento del pa\u00eds, y del cual nuestra agrupaci\u00f3n pol\u00edtica, apoyar\u00e1 en todo momento\u201d.<\/p>\n","protected":false},"excerpt":{"rendered":"<p>Nuestro pa\u00eds merecer ir por el camino correcto y, sin duda, que la Presidenta Electa, Claudia Sheinbaum, contar\u00e1 con todo el apoyo del \u201cFrente por la Cuarta Rep\u00fablica\u201d para impulsar todas y cada una de las acciones en beneficio de los millones de mexicanos que le brindaron su apoyo y confianza.<\/p>\n","protected":false},"author":3,"featured_media":630471,"comment_status":"open","ping_status":"open","sticky":false,"template":"","format":"standard","meta":{"_monsterinsights_skip_tracking":false,"_monsterinsights_sitenote_active":false,"_monsterinsights_sitenote_note":"","_monsterinsights_sitenote_category":0,"footnotes":""},"categories":[5],"tags":[72207,6264],"class_list":["post-630354","post","type-post","status-publish","format-standard","has-post-thumbnail","hentry","category-estado-de-mexico","tag-claudia-sheinbaum-pardo","tag-elias-miguel-moreno-brizuela"],"_links":{"self":[{"href":"https:\/\/www.diarioimagen.net\/index.php?rest_route=\/wp\/v2\/posts\/630354","targetHints":{"allow":["GET"]}}],"collection":[{"href":"https:\/\/www.diarioimagen.net\/index.php?rest_route=\/wp\/v2\/posts"}],"about":[{"href":"https:\/\/www.diarioimagen.net\/index.php?rest_route=\/wp\/v2\/types\/post"}],"author":[{"embeddable":true,"href":"https:\/\/www.diarioimagen.net\/index.php?rest_route=\/wp\/v2\/users\/3"}],"replies":[{"embeddable":true,"href":"https:\/\/www.diarioimagen.net\/index.php?rest_route=%2Fwp%2Fv2%2Fcomments&post=630354"}],"version-history":[{"count":0,"href":"https:\/\/www.diarioimagen.net\/index.php?rest_route=\/wp\/v2\/posts\/630354\/revisions"}],"wp:featuredmedia":[{"embeddable":true,"href":"https:\/\/www.diarioimagen.net\/index.php?rest_route=\/wp\/v2\/media\/630471"}],"wp:attachment":[{"href":"https:\/\/www.diarioimagen.net\/index.php?rest_route=%2Fwp%2Fv2%2Fmedia&parent=630354"}],"wp:term":[{"taxonomy":"category","embeddable":true,"href":"https:\/\/www.diarioimagen.net\/index.php?rest_route=%2Fwp%2Fv2%2Fcategories&post=630354"},{"taxonomy":"post_tag","embeddable":true,"href":"https:\/\/www.diarioimagen.net\/index.php?rest_route=%2Fwp%2Fv2%2Ftags&post=630354"}],"curies":[{"name":"wp","href":"https:\/\/api.w.org\/{rel}","templated":true}]}}