{"id":630523,"date":"2024-08-21T00:06:24","date_gmt":"2024-08-21T06:06:24","guid":{"rendered":"https:\/\/www.diarioimagen.net\/?p=630523"},"modified":"2024-08-21T22:01:43","modified_gmt":"2024-08-22T04:01:43","slug":"abre-edomex-registro-de-la-pension-para-el-bienestar-de-adultos-mayores","status":"publish","type":"post","link":"https:\/\/www.diarioimagen.net\/?p=630523","title":{"rendered":"Abre Edomex registro de la Pensi\u00f3n para el Bienestar de adultos mayores"},"content":{"rendered":"<p>&nbsp;<\/p>\n<h2 style=\"text-align: center;\">Garantizan una vejez digna y plena<\/h2>\n<p>&nbsp;<\/p>\n<ul>\n<li><strong><em>Se podr\u00e1n inscribir quienes cumplan 65 a\u00f1os entre julio y agosto de este a\u00f1o<\/em><\/strong><\/li>\n<\/ul>\n<p><strong>\u00a0<\/strong><\/p>\n<div id=\"attachment_630595\" style=\"width: 470px\" class=\"wp-caption aligncenter\"><a href=\"https:\/\/www.diarioimagen.net\/?attachment_id=630595\" rel=\"attachment wp-att-630595\"><img loading=\"lazy\" decoding=\"async\" aria-describedby=\"caption-attachment-630595\" class=\"size-full wp-image-630595\" src=\"https:\/\/www.diarioimagen.net\/wp-content\/uploads\/2024\/08\/abre-edomex-registro.jpg\" alt=\"\" width=\"460\" height=\"270\" srcset=\"https:\/\/www.diarioimagen.net\/wp-content\/uploads\/2024\/08\/abre-edomex-registro.jpg 460w, https:\/\/www.diarioimagen.net\/wp-content\/uploads\/2024\/08\/abre-edomex-registro-240x141.jpg 240w\" sizes=\"auto, (max-width: 460px) 100vw, 460px\" \/><\/a><p id=\"caption-attachment-630595\" class=\"wp-caption-text\">El Gobierno del Estado de M\u00e9xico abri\u00f3 la inscripci\u00f3n a la Pensi\u00f3n para el Bienestar de Personas Adultas Mayores, de quienes cumplan 65 a\u00f1os entre julio y agosto de 2024.<\/p><\/div>\n<p>&nbsp;<\/p>\n<p><strong>Toluca, Estado de M\u00e9xico.\u2014 <\/strong>La Secretar\u00eda de Bienestar del Gobierno del Estado de M\u00e9xico abri\u00f3 la inscripci\u00f3n a la Pensi\u00f3n para el Bienestar de Personas Adultas Mayores, de quienes cumplan 65 a\u00f1os entre julio y agosto de 2024, as\u00ed como las personas que tengan esa edad, pero que por cualquier situaci\u00f3n no se registraron.<\/p>\n<p>Este programa federal que otorga 6 mil pesos bimestrales, contribuye a mejorar las condiciones de vida de los adultos mayores, como establece el art\u00edculo 4\u00ba Constitucional para garantizar una vejez digna y plena, sin importar su origen, creencias y condici\u00f3n social o econ\u00f3mica.<\/p>\n<p>Los m\u00f3dulos de atenci\u00f3n ofrecer\u00e1n servicio en un horario de 10:00 a 16:00 horas, de acuerdo con la inicial del apellido paterno, por lo que el calendario qued\u00f3 de la siguiente forma:<\/p>\n<p>Lunes 19 y 26 de agosto con inicial A, B y C.<\/p>\n<p>Martes 20 y 27 de agosto con inicial D, E, F, G y H.<\/p>\n<p>Mi\u00e9rcoles 21 y 28 de agosto con inicial I, J, K, L y M.<\/p>\n<p>Jueves 23 y 30 de agosto con inicial S, T, U, V, W, Y, X y Z.<\/p>\n<p>S\u00e1bados 24 y 31 de agosto todas las letras.<\/p>\n<p>Los requisitos para obtener esta ayuda son acta de nacimiento; identificaci\u00f3n oficial vigente; Clave \u00danica de Registro de Poblaci\u00f3n (CURP); comprobante de domicilio no mayor a seis meses y un n\u00famero telef\u00f3nico.<\/p>\n<p>En el caso de requerir una persona auxiliar, deber\u00e1 entregar acta de nacimiento; identificaci\u00f3n oficial vigente; Clave \u00danica de Registro de Poblaci\u00f3n (CURP); comprobante de domicilio no mayor a seis meses y un documento que acredite el parentesco con la persona adulta mayor.<\/p>\n<p>Para m\u00e1s informaci\u00f3n de atenci\u00f3n, las y los interesados pueden ubicar su m\u00f3dulo en <em>https:\/www.gob.mx\/bienestar<\/em><\/p>\n","protected":false},"excerpt":{"rendered":"<p>La Secretar\u00eda de Bienestar del Gobierno del Estado de M\u00e9xico abri\u00f3 la inscripci\u00f3n a la Pensi\u00f3n para el Bienestar de Personas Adultas Mayores, de quienes cumplan 65 a\u00f1os entre julio y agosto de 2024, as\u00ed como las personas que tengan esa edad, pero que por cualquier situaci\u00f3n no se registraron.<\/p>\n","protected":false},"author":3,"featured_media":630595,"comment_status":"open","ping_status":"open","sticky":false,"template":"","format":"standard","meta":{"_monsterinsights_skip_tracking":false,"_monsterinsights_sitenote_active":false,"_monsterinsights_sitenote_note":"","_monsterinsights_sitenote_category":0,"footnotes":""},"categories":[5,99730],"tags":[22805,99058,21386],"class_list":["post-630523","post","type-post","status-publish","format-standard","has-post-thumbnail","hentry","category-estado-de-mexico","category-edomex","tag-adulto-mayor","tag-pension-para-el-bienestar","tag-registro"],"_links":{"self":[{"href":"https:\/\/www.diarioimagen.net\/index.php?rest_route=\/wp\/v2\/posts\/630523","targetHints":{"allow":["GET"]}}],"collection":[{"href":"https:\/\/www.diarioimagen.net\/index.php?rest_route=\/wp\/v2\/posts"}],"about":[{"href":"https:\/\/www.diarioimagen.net\/index.php?rest_route=\/wp\/v2\/types\/post"}],"author":[{"embeddable":true,"href":"https:\/\/www.diarioimagen.net\/index.php?rest_route=\/wp\/v2\/users\/3"}],"replies":[{"embeddable":true,"href":"https:\/\/www.diarioimagen.net\/index.php?rest_route=%2Fwp%2Fv2%2Fcomments&post=630523"}],"version-history":[{"count":0,"href":"https:\/\/www.diarioimagen.net\/index.php?rest_route=\/wp\/v2\/posts\/630523\/revisions"}],"wp:featuredmedia":[{"embeddable":true,"href":"https:\/\/www.diarioimagen.net\/index.php?rest_route=\/wp\/v2\/media\/630595"}],"wp:attachment":[{"href":"https:\/\/www.diarioimagen.net\/index.php?rest_route=%2Fwp%2Fv2%2Fmedia&parent=630523"}],"wp:term":[{"taxonomy":"category","embeddable":true,"href":"https:\/\/www.diarioimagen.net\/index.php?rest_route=%2Fwp%2Fv2%2Fcategories&post=630523"},{"taxonomy":"post_tag","embeddable":true,"href":"https:\/\/www.diarioimagen.net\/index.php?rest_route=%2Fwp%2Fv2%2Ftags&post=630523"}],"curies":[{"name":"wp","href":"https:\/\/api.w.org\/{rel}","templated":true}]}}