{"id":630538,"date":"2024-08-21T00:01:17","date_gmt":"2024-08-21T06:01:17","guid":{"rendered":"https:\/\/www.diarioimagen.net\/?p=630538"},"modified":"2024-08-21T03:08:07","modified_gmt":"2024-08-21T09:08:07","slug":"vinculan-a-proceso-penal-a-francisco-n-por-presunto-fraude-contra-alejandro-camacho","status":"publish","type":"post","link":"https:\/\/www.diarioimagen.net\/?p=630538","title":{"rendered":"Vinculan a proceso penal a Francisco \u201cN\u201d por presunto fraude contra Alejandro Camacho"},"content":{"rendered":"<p>&nbsp;<\/p>\n<h2 style=\"text-align: center;\">Por determinaci\u00f3n de un juez<\/h2>\n<p><strong>\u00a0<\/strong><\/p>\n<ul>\n<li><strong><em>De ser declarado culpable podr\u00eda enfrentar de 6 a 12 a\u00f1os de c\u00e1rcel<\/em><\/strong><\/li>\n<\/ul>\n<p>&nbsp;<\/p>\n<div id=\"attachment_630607\" style=\"width: 470px\" class=\"wp-caption aligncenter\"><a href=\"https:\/\/www.diarioimagen.net\/?attachment_id=630607\" rel=\"attachment wp-att-630607\"><img loading=\"lazy\" decoding=\"async\" aria-describedby=\"caption-attachment-630607\" class=\"size-full wp-image-630607\" src=\"https:\/\/www.diarioimagen.net\/wp-content\/uploads\/2024\/08\/vinculan-a-proceso-penal.jpg\" alt=\"\" width=\"460\" height=\"270\" srcset=\"https:\/\/www.diarioimagen.net\/wp-content\/uploads\/2024\/08\/vinculan-a-proceso-penal.jpg 460w, https:\/\/www.diarioimagen.net\/wp-content\/uploads\/2024\/08\/vinculan-a-proceso-penal-240x141.jpg 240w\" sizes=\"auto, (max-width: 460px) 100vw, 460px\" \/><\/a><p id=\"caption-attachment-630607\" class=\"wp-caption-text\">Francisco \u201cN\u201d es vinculado a proceso penal por haberse considerado su probable participaci\u00f3n en el delito de fraude contra Alejandro Camacho.<\/p><\/div>\n<p>&nbsp;<\/p>\n<p>El 15 de agosto de 2024 fue vinculado a proceso penal Francisco \u201cN\u201d por haberse considerado su probable participaci\u00f3n en el delito de fraude en perjuicio del actor Alejandro Camacho.<\/p>\n<p>El Juez de la causa, tras escuchar los alegatos de los abogados de Alejandro Camacho, Alberto Casta\u00f1o Heredia, Orlette Arvizu, y Alberto Nava, as\u00ed como los de la defensa, y desahogar las pruebas ofrecidas por el imputado y por la fiscal\u00eda, resolvi\u00f3 que hasta esa etapa del proceso se advert\u00edan elementos suficientes para vincular a proceso penal a Francisco \u201cN\u201d por no haber contado con argumentos fundados y suficientes para desacreditar los hechos narrados y probados por los abogados de Alejandro Camacho.<\/p>\n<p>Adem\u00e1s, el Juez de Control estableci\u00f3 como medidas cautelares para Francisco \u201cN\u201d la prohibici\u00f3n de salir del territorio nacional, as\u00ed como presentarse peri\u00f3dicamente a firmar al reclusorio; esto, con el fin de garantizar su presencia dentro del juicio.<\/p>\n<p>El abogado de Alejandro Camacho, Alberto Casta\u00f1o Heredia, nos comenta que la vinculaci\u00f3n a proceso de Francisco \u201cN\u201d se debe a que hay elementos suficientes para considerar que el imputado particip\u00f3 en el acto fraudulento en perjuicio de Alejandro Camacho, y que el imputado reiteradamente ha incumplido con las supuestas negociaciones que ha realizado para devolver a Alejandro el dinero motivo del delito, propuesta de negociaci\u00f3n que incluso de forma previa hab\u00eda hecho frente al Juez de control, en compa\u00f1\u00eda de su padre que tambi\u00e9n act\u00faa como su abogado, sin embargo, nuevamente incumpli\u00f3 y no entreg\u00f3 ninguna cantidad a Alejandro, por lo que el Juzgado se vio obligado a continuar con el proceso.<\/p>\n<p>Como consecuencia de lo anterior, se inicia el juicio penal en donde se acusa a Francisco \u201cN\u201d por el delito de Fraude cometido en contra de Alejandro Camacho y, de ser declarado culpable, se har\u00eda acreedor a las penas que establece la ley, como es la privaci\u00f3n de la libertad de 6 a 12 a\u00f1os.<\/p>\n","protected":false},"excerpt":{"rendered":"<p>El 15 de agosto de 2024 fue vinculado a proceso penal Francisco \u201cN\u201d por haberse considerado su probable participaci\u00f3n en el delito de fraude en perjuicio del actor Alejandro Camacho.<\/p>\n","protected":false},"author":3,"featured_media":630607,"comment_status":"open","ping_status":"open","sticky":false,"template":"","format":"standard","meta":{"_monsterinsights_skip_tracking":false,"_monsterinsights_sitenote_active":false,"_monsterinsights_sitenote_note":"","_monsterinsights_sitenote_category":0,"footnotes":""},"categories":[12],"tags":[100653,43682,435],"class_list":["post-630538","post","type-post","status-publish","format-standard","has-post-thumbnail","hentry","category-espectaculos","tag-alejandro-camacho-robo","tag-espectaculos","tag-fraude"],"_links":{"self":[{"href":"https:\/\/www.diarioimagen.net\/index.php?rest_route=\/wp\/v2\/posts\/630538","targetHints":{"allow":["GET"]}}],"collection":[{"href":"https:\/\/www.diarioimagen.net\/index.php?rest_route=\/wp\/v2\/posts"}],"about":[{"href":"https:\/\/www.diarioimagen.net\/index.php?rest_route=\/wp\/v2\/types\/post"}],"author":[{"embeddable":true,"href":"https:\/\/www.diarioimagen.net\/index.php?rest_route=\/wp\/v2\/users\/3"}],"replies":[{"embeddable":true,"href":"https:\/\/www.diarioimagen.net\/index.php?rest_route=%2Fwp%2Fv2%2Fcomments&post=630538"}],"version-history":[{"count":0,"href":"https:\/\/www.diarioimagen.net\/index.php?rest_route=\/wp\/v2\/posts\/630538\/revisions"}],"wp:featuredmedia":[{"embeddable":true,"href":"https:\/\/www.diarioimagen.net\/index.php?rest_route=\/wp\/v2\/media\/630607"}],"wp:attachment":[{"href":"https:\/\/www.diarioimagen.net\/index.php?rest_route=%2Fwp%2Fv2%2Fmedia&parent=630538"}],"wp:term":[{"taxonomy":"category","embeddable":true,"href":"https:\/\/www.diarioimagen.net\/index.php?rest_route=%2Fwp%2Fv2%2Fcategories&post=630538"},{"taxonomy":"post_tag","embeddable":true,"href":"https:\/\/www.diarioimagen.net\/index.php?rest_route=%2Fwp%2Fv2%2Ftags&post=630538"}],"curies":[{"name":"wp","href":"https:\/\/api.w.org\/{rel}","templated":true}]}}