{"id":630543,"date":"2024-08-21T00:03:54","date_gmt":"2024-08-21T06:03:54","guid":{"rendered":"https:\/\/www.diarioimagen.net\/?p=630543"},"modified":"2024-08-21T03:09:16","modified_gmt":"2024-08-21T09:09:16","slug":"alejandro-buelna-firma-un-bendito-negocio-con-natanael-cano","status":"publish","type":"post","link":"https:\/\/www.diarioimagen.net\/?p=630543","title":{"rendered":"Alejandro Buelna firma un \u201cBendito negocio\u201d con Natanael Cano"},"content":{"rendered":"<p>&nbsp;<\/p>\n<h2 style=\"text-align: center;\">A nombre de los corridos tumbados<\/h2>\n<p>&nbsp;<\/p>\n<ul>\n<li><strong><em>Nos cont\u00f3 en exclusiva que se presentar\u00e1 en el Estadio GNP Seguros este 23 de agosto<\/em><\/strong><\/li>\n<\/ul>\n<p>&nbsp;<\/p>\n<div id=\"attachment_630611\" style=\"width: 470px\" class=\"wp-caption aligncenter\"><a href=\"https:\/\/www.diarioimagen.net\/?attachment_id=630611\" rel=\"attachment wp-att-630611\"><img loading=\"lazy\" decoding=\"async\" aria-describedby=\"caption-attachment-630611\" class=\"size-full wp-image-630611\" src=\"https:\/\/www.diarioimagen.net\/wp-content\/uploads\/2024\/08\/alejandro-buelna.jpg\" alt=\"\" width=\"460\" height=\"270\" srcset=\"https:\/\/www.diarioimagen.net\/wp-content\/uploads\/2024\/08\/alejandro-buelna.jpg 460w, https:\/\/www.diarioimagen.net\/wp-content\/uploads\/2024\/08\/alejandro-buelna-240x141.jpg 240w\" sizes=\"auto, (max-width: 460px) 100vw, 460px\" \/><\/a><p id=\"caption-attachment-630611\" class=\"wp-caption-text\">Buelna fue integrante de \u201cNueva Era\u201d y despu\u00e9s Nueva H, pero por consejo de Natanael Cano, decidi\u00f3 hacerse solista.<\/p><\/div>\n<p>&nbsp;<\/p>\n<p>Alejandro Buelna, es un cantante y compositor nacido en Hermosillo. Sonora, quien, con tan solo 20 a\u00f1os de edad, ha firmado un \u201cBendito Negocio\u201d con el sello de Natanael Cano \u201cLos CT\u201d.<\/p>\n<p>En entrevista exclusiva para <strong>DIARIO IMAGEN<\/strong>, Alejandro nos cont\u00f3 que, adem\u00e1s de lanzar temas en complicidad, va a abrir el concierto de Natanael Cano, este 23 de agosto en el Estadio GNP Seguros, donde dar\u00e1n un avance de lo que han trabajado juntos en nombre de los corridos tumbados.<\/p>\n<p>Buelna fue integrante de \u201cNueva Era\u201d y despu\u00e9s Nueva H, pero por consejo de Natanael Cano, decidi\u00f3 hacerse solista y ahora se ha dedicado a componer corridos b\u00e9licos y rom\u00e1nticos, adem\u00e1s de ser un gran requintista.<\/p>\n<p>\u201cNos toca estar abriendo los shows de Natanael Cano este el viernes 23 de agosto en el Estadio GNP Seguros, vamos a tocar todos los corridos tumbados, vamos a emprender, ya llevo varios shows, unos 6 por mi propia cuenta, y estoy bien contento y agradecido por los temas que \u00e9l me ha grabado, pero m\u00e1s porque ahora me permite estar en su concierto\u201d.<\/p>\n<p>Nos cont\u00f3 en exclusiva que \u201cEs la sorpresa que les ten\u00eda, no lo hab\u00eda dicho, pero estaremos en lo que era el Foro Sol presentando un adelanto de los temas in\u00e9ditos, que grabamos juntos, son varios temas y vamos a estrenar algunos como \u2018Bendito Negocio\u2019, que vamos a cantar juntos para que la gente vaya escuchando lo nuevo\u201d.<\/p>\n<p>Pese a que quiere despuntar como solista, dijo \u201cNo me cierro a ceder mis temas a nadie, antes pertenec\u00eda a Nueva Era, pero hubo unos cambios y Natanael me dijo que era mejor que saliera como solista, porque yo empec\u00e9 como compositor y luego le heche kilos a la cantadita, as\u00ed que no me he bajado del barco, con el apoyo de Nata hemos crecido\u201d.<\/p>\n<p>Dijo que la del Estadio GNP Seguros \u201cser\u00e1 una noche muy especial, le aseguro a la gente que van a recibir lo mejor de mi parte, no tengo palabras para describir la entrega de uno en el escenario, soy una persona muy dedicada a mi gente\u201d.<\/p>\n<p>Y para ir calentando motores, cont\u00f3 que \u201cEl sencillo m\u00e1s reciente \u2018La G\u00fcerita\u2019 se lanz\u00f3 en colaboraci\u00f3n con Herencia LP, pero tambi\u00e9n tengo un tema solito que es \u2018No era para ti\u2019, que iba a ser el primero con este sello discogr\u00e1fico, pero cambie el orden en que iba a sacar las canciones, pero sin duda, esta es una joya. He pensado en lanzar un disco, aun no puedo decir fechas, pero lo que s\u00ed puedo decir, es que ya lo estamos trabajando y ser\u00e1 muy importante en mi carrera, no por ser el primero, sino porque siempre quiero dar la mejor calidad. Mucha gente ah\u00ed va andar apoy\u00e1ndome\u201d concluy\u00f3.<\/p>\n<p>Entre otros temas, Alejandro ha compuesto \u201cMadrid\u201d, \u201cBrillo\u201d. \u201cDando y dando\u201d que se han hecho famosos en la voz del propio Natanael Cano, posteriormente Alejandro Buelna lanz\u00f3 su sencillo m\u00e1s exitoso hasta el momento: \u201cSe Habla de Un Muchacho\u201d en colaboraci\u00f3n con Gabito Ballesteros, Natanael Cano y Dan S\u00e1nchez que cuenta con m\u00e1s de 38 millones de reproducciones en plataformas digitales.<\/p>\n","protected":false},"excerpt":{"rendered":"<p>Alejandro Buelna, es un cantante y compositor nacido en Hermosillo. Sonora, quien, con tan solo 20 a\u00f1os de edad, ha firmado un \u201cBendito Negocio\u201d con el sello de Natanael Cano \u201cLos CT\u201d.<\/p>\n","protected":false},"author":3,"featured_media":630611,"comment_status":"open","ping_status":"open","sticky":false,"template":"","format":"standard","meta":{"_monsterinsights_skip_tracking":false,"_monsterinsights_sitenote_active":false,"_monsterinsights_sitenote_note":"","_monsterinsights_sitenote_category":0,"footnotes":""},"categories":[12],"tags":[100654,100655,43682],"class_list":["post-630543","post","type-post","status-publish","format-standard","has-post-thumbnail","hentry","category-espectaculos","tag-alejandro-buelna","tag-corridos-tumbados","tag-espectaculos"],"_links":{"self":[{"href":"https:\/\/www.diarioimagen.net\/index.php?rest_route=\/wp\/v2\/posts\/630543","targetHints":{"allow":["GET"]}}],"collection":[{"href":"https:\/\/www.diarioimagen.net\/index.php?rest_route=\/wp\/v2\/posts"}],"about":[{"href":"https:\/\/www.diarioimagen.net\/index.php?rest_route=\/wp\/v2\/types\/post"}],"author":[{"embeddable":true,"href":"https:\/\/www.diarioimagen.net\/index.php?rest_route=\/wp\/v2\/users\/3"}],"replies":[{"embeddable":true,"href":"https:\/\/www.diarioimagen.net\/index.php?rest_route=%2Fwp%2Fv2%2Fcomments&post=630543"}],"version-history":[{"count":0,"href":"https:\/\/www.diarioimagen.net\/index.php?rest_route=\/wp\/v2\/posts\/630543\/revisions"}],"wp:featuredmedia":[{"embeddable":true,"href":"https:\/\/www.diarioimagen.net\/index.php?rest_route=\/wp\/v2\/media\/630611"}],"wp:attachment":[{"href":"https:\/\/www.diarioimagen.net\/index.php?rest_route=%2Fwp%2Fv2%2Fmedia&parent=630543"}],"wp:term":[{"taxonomy":"category","embeddable":true,"href":"https:\/\/www.diarioimagen.net\/index.php?rest_route=%2Fwp%2Fv2%2Fcategories&post=630543"},{"taxonomy":"post_tag","embeddable":true,"href":"https:\/\/www.diarioimagen.net\/index.php?rest_route=%2Fwp%2Fv2%2Ftags&post=630543"}],"curies":[{"name":"wp","href":"https:\/\/api.w.org\/{rel}","templated":true}]}}