{"id":630551,"date":"2024-08-21T00:01:26","date_gmt":"2024-08-21T06:01:26","guid":{"rendered":"https:\/\/www.diarioimagen.net\/?p=630551"},"modified":"2024-08-21T03:05:36","modified_gmt":"2024-08-21T09:05:36","slug":"la-reapertura-del-museo-juan-gabriel-el-viernes-23-se-convertira-en-icono-cultural-y-motor-economico-para-ciudad-juarez","status":"publish","type":"post","link":"https:\/\/www.diarioimagen.net\/?p=630551","title":{"rendered":"La reapertura del Museo Juan Gabriel, el viernes 23, se convertir\u00e1 en \u00edcono cultural y motor econ\u00f3mico para Ciudad Ju\u00e1rez"},"content":{"rendered":"<h2>De cinco estrellas<\/h2>\n<h5>Victoria Gonz\u00e1lez Prado<\/h5>\n<p>&nbsp;<\/p>\n<ul>\n<li><strong>Fiji Airways<em> iniciar\u00e1 nuevos vuelos entre Nadi, Fiji y el Aeropuerto Internacional Dallas Fort Worth<\/em><\/strong><\/li>\n<li><strong>New York City Tourism<em> + <\/em>Conventions<em> anuncia entradas 2 x 1 para la semana de Broadway<\/em><\/strong><\/li>\n<\/ul>\n<p><strong>\u00a0<\/strong><\/p>\n<div id=\"attachment_630600\" style=\"width: 470px\" class=\"wp-caption aligncenter\"><a href=\"https:\/\/www.diarioimagen.net\/?attachment_id=630600\" rel=\"attachment wp-att-630600\"><img loading=\"lazy\" decoding=\"async\" aria-describedby=\"caption-attachment-630600\" class=\"size-full wp-image-630600\" src=\"https:\/\/www.diarioimagen.net\/wp-content\/uploads\/2024\/08\/turismo-estrellas-7.jpg\" alt=\"\" width=\"460\" height=\"270\" srcset=\"https:\/\/www.diarioimagen.net\/wp-content\/uploads\/2024\/08\/turismo-estrellas-7.jpg 460w, https:\/\/www.diarioimagen.net\/wp-content\/uploads\/2024\/08\/turismo-estrellas-7-240x141.jpg 240w\" sizes=\"auto, (max-width: 460px) 100vw, 460px\" \/><\/a><p id=\"caption-attachment-630600\" class=\"wp-caption-text\">El pr\u00f3ximo viernes abre el Museo de Juan Gabriel.<\/p><\/div>\n<p>&nbsp;<\/p>\n<p>La Familia <strong>Aguilera<\/strong>, con el apoyo del gobierno municipal de Ciudad Ju\u00e1rez y un gran equipo que trabaj\u00f3 para que este sue\u00f1o se hiciera realidad, abrir\u00e1 las puertas del que fuera el hogar por algunos a\u00f1os de <strong>Alberto Aguilera Valadez<\/strong>, <strong>Juan Gabriel<\/strong>, en Ciudad Ju\u00e1rez, Chihuahua, para que los juarenses y <em>fans<\/em> puedan conocer la filosof\u00eda de vida y trayectoria art\u00edstica de uno de los mejores compositores que ha dado M\u00e9xico.<\/p>\n<p>El pr\u00f3ximo viernes 23 de agosto a las 20:00 horas, se llevar\u00e1 a cabo el acto protocolario de reapertura del Museo <strong>Juan Gabriel<\/strong>, proyecto que se desarroll\u00f3 a lo largo de 18 a\u00f1os y que cuenta con la esencia, ideas y deseos del artista.<\/p>\n<p>El Museo se concibe como un espacio vivo y din\u00e1mico; un lugar de encuentro que se proyecta como motor de desarrollo econ\u00f3mico y cultural para la regi\u00f3n a trav\u00e9s del acercamiento y trabajo en conjunto con los vecinos del lugar y diferentes sectores de la sociedad.<\/p>\n<p>Localizado en Ciudad Ju\u00e1rez, con bondades plasmadas en las canciones que <strong>Juan Gabriel<\/strong> le dedic\u00f3, cuenta con una ubicaci\u00f3n estrat\u00e9gica a s\u00f3lo 15 minutos del Puente Internacional Paso del Norte y de la Av. Ju\u00e1rez, vialidad con una rica historia relacionada con el artista. La frontera con El Paso, Texas, ha permitido que la ciudad se consolide como un importante punto de encuentro cultural y comercial.<\/p>\n<p>En el museo el visitante podr\u00e1 conocer an\u00e9cdotas, contemplar piezas de colecci\u00f3n, acceder a material in\u00e9dito y descubrir el cari\u00f1o y amor que sent\u00eda <strong>Juan Gabriel<\/strong> por Ciudad Ju\u00e1rez, la frontera que lo vio nacer como artista. Adem\u00e1s, podr\u00e1s tomarte la foto en los jardines, escuchar canciones, acceder a la gira de <em>shows<\/em> a trav\u00e9s de la <em>app <\/em>m\u00f3vil, recorrer los muros que conservan la esencia del artista. La conexi\u00f3n de <strong>Juan Gabriel<\/strong> con esta frontera es profunda y perdurable.<\/p>\n<p>La reapertura del museo celebra su legado musical, su relaci\u00f3n inquebrantable con Ciudad Ju\u00e1rez. Este espacio servir\u00e1 como recordatorio eterno de c\u00f3mo una ciudad y un artista pueden conectar de manera tan profunda, creando un v\u00ednculo que trasciende el tiempo y las generaciones.<\/p>\n<p>El ingreso al Museo en el marco de la tercera edici\u00f3n de la semana cultural Ju\u00e1rez Juangabriel\u00edsimo 2024 que se realizar\u00e1 del 23 de agosto al 1 de septiembre ser\u00e1 gratuito por medio de un sistema de boletaje que estar\u00e1 disponible en breve. El recorrido ser\u00e1 guiado, con grupos reducidos y durar\u00e1 aproximadamente dos horas. El Museo est\u00e1 listo para recibirte.<\/p>\n<p>En las salas museogr\u00e1ficas no est\u00e1 permitido grabar ni tomar fotograf\u00edas. Invitamos a revisar la p\u00e1gina web <em>http:\/\/museojuangabriel.mx<\/em>, en donde se podr\u00e1n consultar los lineamientos y normativas del museo.<\/p>\n<p>Todos los interesados est\u00e1n invitados a disfrutar la esencia de <strong>Juan Gabriel<\/strong> en Ciudad Ju\u00e1rez, acompa\u00f1ado de la hospitalidad que caracteriza al juarense.<\/p>\n<p>\u2730\u2730\u2730\u2730\u2730 <em>Fiji Airways<\/em> iniciar\u00e1 nuevos vuelos sin escalas entre Nadi, Fiji y el Aeropuerto Internacional Dallas Fort Worth (DFW) justo a tiempo para la temporada de vacaciones de invierno a finales de este a\u00f1o.<\/p>\n<p><strong>Sean Donohue<\/strong>, CEO de DFW indic\u00f3: \u201cel aeropuerto se complace en a\u00f1adir las hermosas islas de Fiyi a la creciente cartera de destinos internacionales, ofreciendo al norte de Texas acceso sin escalas a un para\u00edso tropical y conectando Nadi con la red de DFW de m\u00e1s de 250 destinos en todo el mundo\u201d.<\/p>\n<p>Este nuevo servicio internacional operar\u00e1 tres veces por semana: martes, jueves y s\u00e1bados, con aviones <em>Airbus A350-900 XWB<\/em> de <em>Fiji Airways<\/em> (miembro de la alianza <em>oneworld<\/em>). El avi\u00f3n dispondr\u00e1 de 301 asientos en clase turista, que recientemente ha sido galardonada con el premio a la mejor clase turista de Australia y el Pac\u00edfico en los <em>SkyTrax World Airline Awards 2024,<\/em> y 33 asientos de clase <em>business <\/em>reclinables, todos ellos con acceso al pasillo.<\/p>\n<p>La salida del vuelo inaugural est\u00e1 prevista para el 10 de diciembre, y las tarifas especiales de lanzamiento ya est\u00e1n a la venta en el sitio <em>web<\/em> de la aerol\u00ednea.<\/p>\n<p>Para <em>Dallas Fort Worth<\/em> es la ruta internacional 24 sin escalas de la l\u00ednea a\u00e9rea y el quinto destino norteamericano. Los vuelos est\u00e1n sujetos a la aprobaci\u00f3n de las autoridades estadounidenses.<\/p>\n<p>\u2730\u2730\u2730\u2730\u2730<em> New York City Tourism + Conventions,<\/em> la organizaci\u00f3n oficial de marketing de destinos y oficina de convenciones y visitantes de los cinco distritos de la ciudad de Nueva York, anuncia la venta de entradas 2 x 1 de <em>NYC Broadway Week<\/em> para 23 espect\u00e1culos de Broadway, incluidos 10 nuevos participantes. El programa, que se celebra dos veces al a\u00f1o y ya va por su decimotercera edici\u00f3n, tendr\u00e1 lugar del 3 al 15 de septiembre de 2024. Entradas en: <em>nyctourism.com\/broadwayweek<\/em>.<\/p>\n<p><strong>Nancy Mammana<\/strong>, CMO Y CEO Interina de <em>New York City Tourism + Conventions<\/em>, dijo: \u201cestamos encantados de anunciar el regreso de <em>NYC Broadway Week<\/em> este septiembre, programa que celebra la vitalidad y la creatividad del inigualable teatro en vivo que solo tiene lugar en la ciudad de Nueva York. Desde 2011, nuestro emblem\u00e1tico programa <em>NYC Broadway Week<\/em> ha ofrecido a visitantes y locales la oportunidad de disfrutar de las principales producciones teatrales del mundo a precio asequible dos veces al a\u00f1o, lo que ha supuesto un enorme apoyo para la comunidad de Broadway, generando m\u00e1s de 170 millones de d\u00f3lares en ingresos desde su creaci\u00f3n\u201d.<\/p>\n<p>Entre los espect\u00e1culos que participar\u00e1n en la edici\u00f3n de oto\u00f1o de 2024 de <em>NYC Broadway Week<\/em> se encuentran*: <em>&amp; Juliet, Aladdin, Back to the Future, The Book of Mormon, Chicago, The Great Gatsby**, Hadestown, Hamilton, Harry Potter and the Cursed Child, Hell\u2019s Kitchen**, The Hills of California**, Job**, The Lion King, MJ the Musical, Moulin Rouge! The Musical, The Notebook**, Once Upon a Mattress**, The Roommate**, Six The Musical, Stereophonic**, Suffs**, Water for Elephants**<\/em> y <em>Wicked.<\/em><\/p>\n<p>*Sujeto a disponibilidad. Pueden aplicarse fechas de restricci\u00f3n. **Nuevos participantes en NYC Broadway Week.<\/p>\n<p><strong>Jason Laks<\/strong>, presidente interino de The Broadway League dijo: \u201cdurante m\u00e1s de una d\u00e9cada, hemos trabajado con NYC Tourism en NYC Broadway Week, ofreciendo a los entusiastas del teatro de todo el mundo la oportunidad de asistir a incre\u00edbles musicales y obras de Broadway en una de las mayores capitales del entretenimiento del mundo a precio econ\u00f3mico. Los 23 espect\u00e1culos de Broadway del programa de este a\u00f1o siguen resaltando la diversidad e innovaci\u00f3n que ofrecen Broadway y los espect\u00e1culos en vivo\u201d.<\/p>\n<p>Para m\u00e1s informaci\u00f3n y entradas, visite: <em>nyctourism.com\/broadwayweek<\/em><\/p>\n<p>&nbsp;<\/p>\n<blockquote>\n<p style=\"text-align: right;\">\u201c<strong>El<\/strong> <strong>\u00e1ngel de la fama tiene sus alas hechas de papel&#8230; peri\u00f3dico\u201d.<br \/>\n<\/strong><\/p>\n<\/blockquote>\n<p>&nbsp;<\/p>\n<p><em><span class=\"Apple-converted-space\"><a href=\"mailto:victoriagprado@gmail.com\" target=\"_blank\" rel=\"noopener noreferrer\">victoriagprado@gmail.com<\/a><br \/>\nX: @victoriagprado<\/span><\/em><\/p>\n","protected":false},"excerpt":{"rendered":"<p>La Familia <strong>Aguilera<\/strong>, con el apoyo del gobierno municipal de Ciudad Ju\u00e1rez y un gran equipo que trabaj\u00f3 para que este sue\u00f1o se hiciera realidad, abrir\u00e1 las puertas del que fuera el hogar por algunos a\u00f1os de <strong>Alberto Aguilera Valadez<\/strong>, <strong>Juan Gabriel<\/strong>, en Ciudad Ju\u00e1rez, Chihuahua, para que los juarenses y <em>fans<\/em> puedan conocer la filosof\u00eda de vida y trayectoria art\u00edstica de uno de los mejores compositores que ha dado M\u00e9xico.<\/p>\n","protected":false},"author":3,"featured_media":630600,"comment_status":"open","ping_status":"open","sticky":false,"template":"","format":"standard","meta":{"_monsterinsights_skip_tracking":false,"_monsterinsights_sitenote_active":false,"_monsterinsights_sitenote_note":"","_monsterinsights_sitenote_category":0,"footnotes":""},"categories":[11],"tags":[107,43674,43681,106],"class_list":["post-630551","post","type-post","status-publish","format-standard","has-post-thumbnail","hentry","category-turismo","tag-de-cinco-estrellas","tag-opinion","tag-turismo","tag-victoria-gonzalez-prado"],"_links":{"self":[{"href":"https:\/\/www.diarioimagen.net\/index.php?rest_route=\/wp\/v2\/posts\/630551","targetHints":{"allow":["GET"]}}],"collection":[{"href":"https:\/\/www.diarioimagen.net\/index.php?rest_route=\/wp\/v2\/posts"}],"about":[{"href":"https:\/\/www.diarioimagen.net\/index.php?rest_route=\/wp\/v2\/types\/post"}],"author":[{"embeddable":true,"href":"https:\/\/www.diarioimagen.net\/index.php?rest_route=\/wp\/v2\/users\/3"}],"replies":[{"embeddable":true,"href":"https:\/\/www.diarioimagen.net\/index.php?rest_route=%2Fwp%2Fv2%2Fcomments&post=630551"}],"version-history":[{"count":0,"href":"https:\/\/www.diarioimagen.net\/index.php?rest_route=\/wp\/v2\/posts\/630551\/revisions"}],"wp:featuredmedia":[{"embeddable":true,"href":"https:\/\/www.diarioimagen.net\/index.php?rest_route=\/wp\/v2\/media\/630600"}],"wp:attachment":[{"href":"https:\/\/www.diarioimagen.net\/index.php?rest_route=%2Fwp%2Fv2%2Fmedia&parent=630551"}],"wp:term":[{"taxonomy":"category","embeddable":true,"href":"https:\/\/www.diarioimagen.net\/index.php?rest_route=%2Fwp%2Fv2%2Fcategories&post=630551"},{"taxonomy":"post_tag","embeddable":true,"href":"https:\/\/www.diarioimagen.net\/index.php?rest_route=%2Fwp%2Fv2%2Ftags&post=630551"}],"curies":[{"name":"wp","href":"https:\/\/api.w.org\/{rel}","templated":true}]}}