{"id":630674,"date":"2024-08-22T00:07:03","date_gmt":"2024-08-22T06:07:03","guid":{"rendered":"https:\/\/www.diarioimagen.net\/?p=630674"},"modified":"2024-08-25T23:58:30","modified_gmt":"2024-08-26T05:58:30","slug":"contribuye-uaemex-a-la-creacion-de-condiciones-laborales-dignas-entre-su-comunidad-administrativa","status":"publish","type":"post","link":"https:\/\/www.diarioimagen.net\/?p=630674","title":{"rendered":"Contribuye UAEM\u00e9x a la creaci\u00f3n de condiciones laborales dignas entre su comunidad administrativa"},"content":{"rendered":"<p>&nbsp;<\/p>\n<div id=\"attachment_630743\" style=\"width: 470px\" class=\"wp-caption aligncenter\"><a href=\"https:\/\/www.diarioimagen.net\/?attachment_id=630743\" rel=\"attachment wp-att-630743\"><img loading=\"lazy\" decoding=\"async\" aria-describedby=\"caption-attachment-630743\" class=\"size-full wp-image-630743\" src=\"https:\/\/www.diarioimagen.net\/wp-content\/uploads\/2024\/08\/uaem-contribuye.jpg\" alt=\"\" width=\"460\" height=\"270\" srcset=\"https:\/\/www.diarioimagen.net\/wp-content\/uploads\/2024\/08\/uaem-contribuye.jpg 460w, https:\/\/www.diarioimagen.net\/wp-content\/uploads\/2024\/08\/uaem-contribuye-240x141.jpg 240w\" sizes=\"auto, (max-width: 460px) 100vw, 460px\" \/><\/a><p id=\"caption-attachment-630743\" class=\"wp-caption-text\">El rector de la UAEM\u00e9x, Carlos Eduardo Barrera D\u00edaz, recalc\u00f3 que gracias a una sana relaci\u00f3n de colaboraci\u00f3n con el SUTESUAEM, la Aut\u00f3noma Mexiquense ha invertido, a lo largo de la Administraci\u00f3n Universitaria 2021-2025, casi 27 millones de pesos en beneficio del personal sindicalizado.<\/p><\/div>\n<p>&nbsp;<\/p>\n<p><strong>Toluca, Estado de M\u00e9xico.<\/strong>\u2014 Con el fin de garantizar la seguridad del personal administrativo y promover un correcto desarrollo de sus labores, el rector de la Universidad Aut\u00f3noma del Estado de M\u00e9xico (UAEM\u00e9x), Carlos Eduardo Barrera D\u00edaz encabez\u00f3 la ceremonia de Entrega Simb\u00f3lica de Implementos 2024 para el personal adscrito al Sindicato \u00danico de Trabajadores y Empleados (SUTESUAEM) al servicio de la\u00a0 Aut\u00f3noma Mexiquense.<\/p>\n<p>Acompa\u00f1ado del secretario general del SUTESUAEM, Pedro Rodr\u00edguez Magallanes, Barrera D\u00edaz hizo entrega simb\u00f3lica de tres paquetes de implementos de un total de dos mil 186 para el personal administrativo sindicalizado, quienes desempe\u00f1an una labor elemental en su d\u00eda a d\u00eda que contribuye al correcto funcionamiento de las actividades universitarias.<\/p>\n<p>Barrera D\u00edaz recalc\u00f3 que gracias a una sana relaci\u00f3n de colaboraci\u00f3n con el SUTESUAEM, la Aut\u00f3noma Mexiquense ha entregado, durante este a\u00f1o, un total de 22 mil 425 implementos de trabajo por un valor de aproximadamente ocho millones de pesos, invirtiendo a lo largo de la Administraci\u00f3n Universitaria 2021-2025, casi 27 millones de pesos en beneficio del personal sindicalizado.<\/p>\n<p>Asimismo, el rector de la M\u00e1xima Casa de Estudios Mexiquense explic\u00f3 que se hizo entrega de 44 distintas clases de implementos que garantizar\u00e1n su seguridad laboral y permitir\u00e1n la construcci\u00f3n de una universidad de excelencia.<\/p>\n<p>En su intervenci\u00f3n, Rodr\u00edguez Magallanes resalt\u00f3 que los paquetes de implementos entregados no solo representan un beneficio tangible para cada una de las personas beneficiadas, sino que son un reflejo del esfuerzo conjunto y sinergia positiva entre ambas instituciones.<\/p>\n<p>En este sentido, agradeci\u00f3 a la UAEM\u00e9x por el respeto y la valoraci\u00f3n que tiene hacia sus trabajadores y trabajadoras, el cual se sigue fortaleciendo con estas acciones que se suman a otras entregas en beneficio de su comunidad administrativa, como las sillas secretariales y soportes lumbares que contribuyen a la creaci\u00f3n de condiciones laborales dignas para todas y todos.<\/p>\n<p>Al acto asistieron la secretaria de Administraci\u00f3n, Er\u00e9ndira Fierro Moreno; el secretario del Exterior del SUTESUAEM, Roberto Guzm\u00e1n Garc\u00eda; la representante de las y los trabajadores que reciben implementos, Gema F\u00e9lix Maupom\u00e9; integrantes del Gabinete Universitario e invitados del SUTESUAEM, as\u00ed como la comunidad universitaria.<\/p>\n","protected":false},"excerpt":{"rendered":"<p>Con el fin de garantizar la seguridad del personal administrativo y promover un correcto desarrollo de sus labores, el rector de la Universidad Aut\u00f3noma del Estado de M\u00e9xico (UAEM\u00e9x), Carlos Eduardo Barrera D\u00edaz encabez\u00f3 la ceremonia de Entrega Simb\u00f3lica de Implementos 2024 para el personal adscrito al Sindicato \u00danico de Trabajadores y Empleados (SUTESUAEM) al servicio de la\u00a0 Aut\u00f3noma Mexiquense.<\/p>\n","protected":false},"author":3,"featured_media":630743,"comment_status":"open","ping_status":"open","sticky":false,"template":"","format":"standard","meta":{"_monsterinsights_skip_tracking":false,"_monsterinsights_sitenote_active":false,"_monsterinsights_sitenote_note":"","_monsterinsights_sitenote_category":0,"footnotes":""},"categories":[5],"tags":[71302,96148,67878],"class_list":["post-630674","post","type-post","status-publish","format-standard","has-post-thumbnail","hentry","category-estado-de-mexico","tag-condiciones","tag-laborales","tag-uaemex"],"_links":{"self":[{"href":"https:\/\/www.diarioimagen.net\/index.php?rest_route=\/wp\/v2\/posts\/630674","targetHints":{"allow":["GET"]}}],"collection":[{"href":"https:\/\/www.diarioimagen.net\/index.php?rest_route=\/wp\/v2\/posts"}],"about":[{"href":"https:\/\/www.diarioimagen.net\/index.php?rest_route=\/wp\/v2\/types\/post"}],"author":[{"embeddable":true,"href":"https:\/\/www.diarioimagen.net\/index.php?rest_route=\/wp\/v2\/users\/3"}],"replies":[{"embeddable":true,"href":"https:\/\/www.diarioimagen.net\/index.php?rest_route=%2Fwp%2Fv2%2Fcomments&post=630674"}],"version-history":[{"count":0,"href":"https:\/\/www.diarioimagen.net\/index.php?rest_route=\/wp\/v2\/posts\/630674\/revisions"}],"wp:featuredmedia":[{"embeddable":true,"href":"https:\/\/www.diarioimagen.net\/index.php?rest_route=\/wp\/v2\/media\/630743"}],"wp:attachment":[{"href":"https:\/\/www.diarioimagen.net\/index.php?rest_route=%2Fwp%2Fv2%2Fmedia&parent=630674"}],"wp:term":[{"taxonomy":"category","embeddable":true,"href":"https:\/\/www.diarioimagen.net\/index.php?rest_route=%2Fwp%2Fv2%2Fcategories&post=630674"},{"taxonomy":"post_tag","embeddable":true,"href":"https:\/\/www.diarioimagen.net\/index.php?rest_route=%2Fwp%2Fv2%2Ftags&post=630674"}],"curies":[{"name":"wp","href":"https:\/\/api.w.org\/{rel}","templated":true}]}}