{"id":630678,"date":"2024-08-22T00:05:15","date_gmt":"2024-08-22T06:05:15","guid":{"rendered":"https:\/\/www.diarioimagen.net\/?p=630678"},"modified":"2024-08-23T01:42:16","modified_gmt":"2024-08-23T07:42:16","slug":"instala-gobierno-estatal-caravana-de-salud-por-el-bienestar-de-chalco","status":"publish","type":"post","link":"https:\/\/www.diarioimagen.net\/?p=630678","title":{"rendered":"Instala gobierno estatal Caravana de Salud por el Bienestar de Chalco"},"content":{"rendered":"<p>&nbsp;<\/p>\n<h2 style=\"text-align: center;\">Atenci\u00f3n de alto nivel en zonas afectadas<\/h2>\n<p>&nbsp;<\/p>\n<ul>\n<li><strong><em>Llegan 13 unidades m\u00f3viles y 115 profesionales de la salud para ofrecer consultas m\u00e9dicas, toma de signos vitales, servicio dental, farmacia, laboratorio cl\u00ednico, rayos X y optometr\u00eda<\/em><\/strong><\/li>\n<\/ul>\n<p><strong>\u00a0<\/strong><\/p>\n<div id=\"attachment_630761\" style=\"width: 470px\" class=\"wp-caption aligncenter\"><a href=\"https:\/\/www.diarioimagen.net\/?attachment_id=630761\" rel=\"attachment wp-att-630761\"><img loading=\"lazy\" decoding=\"async\" aria-describedby=\"caption-attachment-630761\" class=\"size-full wp-image-630761\" src=\"https:\/\/www.diarioimagen.net\/wp-content\/uploads\/2024\/08\/instala-gobierno-estatal.jpg\" alt=\"\" width=\"460\" height=\"270\" srcset=\"https:\/\/www.diarioimagen.net\/wp-content\/uploads\/2024\/08\/instala-gobierno-estatal.jpg 460w, https:\/\/www.diarioimagen.net\/wp-content\/uploads\/2024\/08\/instala-gobierno-estatal-240x141.jpg 240w\" sizes=\"auto, (max-width: 460px) 100vw, 460px\" \/><\/a><p id=\"caption-attachment-630761\" class=\"wp-caption-text\">La gobernadora del Estado de M\u00e9xico, Delfina G\u00f3mez \u00c1lvarez, instal\u00f3 la Caravana de Salud por el Bienestar de Chalco, para acercar servicios a las familias afectadas por las inundaciones en este municipio.<\/p><\/div>\n<p>&nbsp;<\/p>\n<p><strong>Chalco, Estado de M\u00e9xico.\u2014 <\/strong>Con un despliegue de 13 unidades m\u00f3viles y 115 profesionales del \u00e1rea m\u00e9dica, la gobernadora del Estado de M\u00e9xico, Delfina G\u00f3mez \u00c1lvarez, instal\u00f3 la Caravana de Salud por el Bienestar de Chalco, para acercar servicios a las familias afectadas por las inundaciones en este municipio.<\/p>\n<p>La mandataria estatal instruy\u00f3 otorgar a la poblaci\u00f3n, consulta m\u00e9dica, toma de signos vitales, atenci\u00f3n a la salud dental, farmacia, laboratorio cl\u00ednico, Rayos X y optometr\u00eda, densitometr\u00eda, ultrasonido p\u00e9lvico-obst\u00e9trico abdominal, atenci\u00f3n m\u00e9dica veterinaria y vacunaci\u00f3n, servicios otorgados con el apoyo de m\u00e9dicos, enfermeras, operativos, administradores y T\u00e9cnicos en Atenci\u00f3n Primaria a la Salud (TAPS) del Instituto de Salud del Estado de M\u00e9xico (ISEM).<\/p>\n<p>\u201cTodo esto es una suma de acciones que nos ha encomendado nuestra gobernadora, la Maestra Delfina G\u00f3mez \u00c1lvarez, nuestra prioridad es ser preventivos con toda la poblaci\u00f3n, cuidarlos, que ante cualquier molestia o dolor estemos nosotros para darles un diagn\u00f3stico y por supuesto alg\u00fan medicamento, alguna soluci\u00f3n\u201d, inform\u00f3 Macarena Montoya Olvera, Secretaria de Salud del Estado de M\u00e9xico.<\/p>\n<p>La Caravana de Salud por el Bienestar de Chalco se ubica en el estacionamiento del centro comercial de la colonia Salitrer\u00eda, calle Nacional #44, esquina con la carretera Chalco-Tl\u00e1huac, de 09:00 a 17:00 horas, para otorgar servicios y atenciones m\u00e9dicas gratuitas.<\/p>\n<p style=\"text-align: center;\"><strong>Se brinda atenci\u00f3n de alto nivel<\/strong><\/p>\n<p>\u00a0Al encabezar la supervisi\u00f3n de los servicios que brinda esta Caravana, la titular del sector detall\u00f3 que se brindar\u00e1 atenci\u00f3n de alto nivel, a trav\u00e9s de unidades equipadas con tecnolog\u00eda de punta para la prevenci\u00f3n y detecci\u00f3n de diversos padecimientos en beneficio de los sectores vulnerables.<\/p>\n<p>\u201cEn este momento nos mantenemos controlados en el tema de salud, b\u00e1sicamente es invitar a que hagan tambi\u00e9n part\u00edcipes a los vecinos para que acudan a estos chequeos no est\u00e1 por dem\u00e1s revisar que, si tenemos un dolor en alguna parte del cuerpo, alguna comez\u00f3n en la piel o en los ojos, es el momento de acercarnos\u201d, precis\u00f3 Macarena Montoya Olvera.<\/p>\n<p>Todo ello se suma al trabajo del personal de la Jurisdicci\u00f3n Sanitaria Amecameca del ISEM, quienes hasta el momento han instalado seis m\u00f3dulos para atenci\u00f3n y consulta m\u00e9dica, detecci\u00f3n de diabetes, hipertensi\u00f3n e infecciones, toma de signos vitales, peso y talla, asesor\u00edas en salud, vacunaci\u00f3n antirr\u00e1bica canina y felina para animales de compa\u00f1\u00eda, entre otras.<\/p>\n<p>La Secretaria de Salud en la entidad verific\u00f3 el Hospital General de Chalco, el cual opera con normalidad.<\/p>\n<p>Subray\u00f3 que el Servicio de Urgencia del Estado de M\u00e9xico (SUEM) ha participado en el auxilio y traslado de personas y animales de compa\u00f1\u00eda y el personal de la Comisi\u00f3n para la Protecci\u00f3n contra Riesgos Sanitarios del Estado de M\u00e9xico (Coprisem) realiza el muestreo y an\u00e1lisis de alimentos en el albergue ubicado en la colonial Culturas de M\u00e9xico.<\/p>\n<p>Por su parte, Rodrigo Rodr\u00edguez Brise\u00f1o, Coordinador de Salud del ISEM, manifest\u00f3 que, con esta Caravana de alta calidad y efectividad, se beneficia directamente a la poblaci\u00f3n vulnerable, pues adicionalmente, con la informaci\u00f3n recabada se integrar\u00e1 a un expediente cl\u00ednico, mismo que ser\u00e1 referido a la unidad de salud m\u00e1s cercana del paciente para dar seguimiento a los diagn\u00f3sticos.<\/p>\n<p>Destac\u00f3 que esta Caravana de Salud estar\u00e1 instalada de manera permanente hasta concluir la contingencia en el municipio; agreg\u00f3 que para el Gobierno de la Maestra Delfina G\u00f3mez \u00c1lvarez los seres sintientes como perritos y gatitos tambi\u00e9n recibir\u00e1n atenci\u00f3n m\u00e9dica veterinaria, vacunaci\u00f3n antirr\u00e1bica, esterilizaciones y est\u00e9tica.<\/p>\n<p>Como parte de la visita a la zona afectada, la Secretaria de Salud recorri\u00f3 los m\u00f3dulos de vacunaci\u00f3n instalados y resalt\u00f3 que esta tarea es parte prioritaria de la pol\u00edtica social de la Gobernadora Delfina G\u00f3mez \u00c1lvarez, para que, con El Poder de Servir, los habitantes de Chalco accedan a estos servicios de forma gratuita.<\/p>\n<p>Para consultar las ubicaciones de estos m\u00f3dulos de atenci\u00f3n m\u00e9dica y de la Caravana de Salud por el Bienestar de Chalco est\u00e1 disponible el sitio oficial de la dependencia: <em>https:\/\/salud.edomex.gob.mx\/isem\/modulos_brigadas_salud<\/em><\/p>\n","protected":false},"excerpt":{"rendered":"<p>Con un despliegue de 13 unidades m\u00f3viles y 115 profesionales del \u00e1rea m\u00e9dica, la gobernadora del Estado de M\u00e9xico, Delfina G\u00f3mez \u00c1lvarez, instal\u00f3 la Caravana de Salud por el Bienestar de Chalco, para acercar servicios a las familias afectadas por las inundaciones en este municipio.<\/p>\n","protected":false},"author":3,"featured_media":630761,"comment_status":"open","ping_status":"open","sticky":false,"template":"","format":"standard","meta":{"_monsterinsights_skip_tracking":false,"_monsterinsights_sitenote_active":false,"_monsterinsights_sitenote_note":"","_monsterinsights_sitenote_category":0,"footnotes":""},"categories":[18863,99730],"tags":[100662],"class_list":["post-630678","post","type-post","status-publish","format-standard","has-post-thumbnail","hentry","category-salud-edomex","category-edomex","tag-caravana-de-salud-por-el-bienestar"],"_links":{"self":[{"href":"https:\/\/www.diarioimagen.net\/index.php?rest_route=\/wp\/v2\/posts\/630678","targetHints":{"allow":["GET"]}}],"collection":[{"href":"https:\/\/www.diarioimagen.net\/index.php?rest_route=\/wp\/v2\/posts"}],"about":[{"href":"https:\/\/www.diarioimagen.net\/index.php?rest_route=\/wp\/v2\/types\/post"}],"author":[{"embeddable":true,"href":"https:\/\/www.diarioimagen.net\/index.php?rest_route=\/wp\/v2\/users\/3"}],"replies":[{"embeddable":true,"href":"https:\/\/www.diarioimagen.net\/index.php?rest_route=%2Fwp%2Fv2%2Fcomments&post=630678"}],"version-history":[{"count":0,"href":"https:\/\/www.diarioimagen.net\/index.php?rest_route=\/wp\/v2\/posts\/630678\/revisions"}],"wp:featuredmedia":[{"embeddable":true,"href":"https:\/\/www.diarioimagen.net\/index.php?rest_route=\/wp\/v2\/media\/630761"}],"wp:attachment":[{"href":"https:\/\/www.diarioimagen.net\/index.php?rest_route=%2Fwp%2Fv2%2Fmedia&parent=630678"}],"wp:term":[{"taxonomy":"category","embeddable":true,"href":"https:\/\/www.diarioimagen.net\/index.php?rest_route=%2Fwp%2Fv2%2Fcategories&post=630678"},{"taxonomy":"post_tag","embeddable":true,"href":"https:\/\/www.diarioimagen.net\/index.php?rest_route=%2Fwp%2Fv2%2Ftags&post=630678"}],"curies":[{"name":"wp","href":"https:\/\/api.w.org\/{rel}","templated":true}]}}