{"id":630680,"date":"2024-08-22T00:03:58","date_gmt":"2024-08-22T06:03:58","guid":{"rendered":"https:\/\/www.diarioimagen.net\/?p=630680"},"modified":"2024-08-22T01:30:52","modified_gmt":"2024-08-22T07:30:52","slug":"juan-zepeda-mantiene-como-rehen-a-movimiento-ciudadano-dicen-militantes","status":"publish","type":"post","link":"https:\/\/www.diarioimagen.net\/?p=630680","title":{"rendered":"Juan Zepeda mantiene como reh\u00e9n a Movimiento Ciudadano, dicen militantes"},"content":{"rendered":"<p>&nbsp;<\/p>\n<ul>\n<li><strong><em>Denuncian \u201cmano negra\u201d en proceso interno<\/em> <\/strong><\/li>\n<\/ul>\n<p><strong>\u00a0<\/strong><\/p>\n<h6>Arturo Baena<\/h6>\n<p>&nbsp;<\/p>\n<div id=\"attachment_630757\" style=\"width: 470px\" class=\"wp-caption aligncenter\"><a href=\"https:\/\/www.diarioimagen.net\/?attachment_id=630757\" rel=\"attachment wp-att-630757\"><img loading=\"lazy\" decoding=\"async\" aria-describedby=\"caption-attachment-630757\" class=\"size-full wp-image-630757\" src=\"https:\/\/www.diarioimagen.net\/wp-content\/uploads\/2024\/08\/juan-zepeda-mantiene.jpg\" alt=\"\" width=\"460\" height=\"270\" srcset=\"https:\/\/www.diarioimagen.net\/wp-content\/uploads\/2024\/08\/juan-zepeda-mantiene.jpg 460w, https:\/\/www.diarioimagen.net\/wp-content\/uploads\/2024\/08\/juan-zepeda-mantiene-240x141.jpg 240w\" sizes=\"auto, (max-width: 460px) 100vw, 460px\" \/><\/a><p id=\"caption-attachment-630757\" class=\"wp-caption-text\">Los emecistas Jos\u00e9 Luis Rey Cruz , Francisco Zavala Carmona y Maripaz G\u00f3mez Hern\u00e1ndez se\u00f1alaron que \u201chay favoritismos de Juan Zepeda hacia una persona inscrita para contender en la asamblea electiva.<\/p><\/div>\n<p>&nbsp;<\/p>\n<p><strong>Naucalpan, Estado de M\u00e9xico.\u2014<\/strong> Juan Zepeda, dirigente Estatal del Partido Movimiento Ciudadano (MC), mantiene a ese instituto pol\u00edtico como reh\u00e9n y tiene mucho que explicar a d\u00f3nde van a parar las prerrogativas, adem\u00e1s de que le exigen sacar las manos del proceso interno.<\/p>\n<p>As\u00ed lo declararon fundadores de Movimiento Ciudadano de Nicol\u00e1s Romero, Teoloyucan y Nextlalpan, mismos que demandan que la dirigencia nacional suspenda la asamblea electiva para designar al dirigente de ese partido en el Estado de M\u00e9xico, ya que se\u00f1alan que \u201cno hay condiciones para que se realice\u201d. Jos\u00e9 Luis Rey Cruz , Francisco Zavala Carmona y Maripaz G\u00f3mez Hern\u00e1ndez, se\u00f1alaron que \u201chay favoritismos del Juan Zepeda, hacia una persona inscrita para contender en la asamblea electiva del pr\u00f3ximo 24 de agosto por la dirigencia estatal, violentando los estatutos de esa organizaci\u00f3n pol\u00edtica\u201d, dijeron.<\/p>\n<p>El ex candidato a alcalde y fundador de MC en Teoloyucan, Jos\u00e9 Luis Rey Cruz Islas, puntualiz\u00f3\u00a0 que \u201cno existen las\u00a0 condiciones para realizar una asamblea electiva, debido a que el dirigente estatal se ha pronunciado por Juanita Bonilla, una ex perredista casi reci\u00e9n incorporada a Movimiento Ciudadano, lo que va en contra de los estatutos de ese partido\u201d .<\/p>\n<p>Maripaz G\u00f3mez Hern\u00e1ndez, ex candidata a la alcald\u00eda de Nicol\u00e1s Romero por MC, destac\u00f3 que en la entidad mexiquense todas las mujeres que fueron candidatas fueron objeto de violencia pol\u00edtica y econ\u00f3mica por parte de la actual dirigencia estatal, quien las ignor\u00f3 en todo momento y no les comparti\u00f3 las prerrogativas que les correspond\u00edan, \u201cno recibimos nada de recursos en efectivo y lo implementos pol\u00edticos que enviaron fueron contados, algunas playeras, gorras y playeras que recibimos casi en la parte final de la campa\u00f1a\u201d, dijo.<\/p>\n<p>En su turno, Francisco Zavala Carmona, de Nextlalpan, explic\u00f3 que no aceptar\u00e1n que alguien que llega pr\u00e1cticamente como nueva a integrarse al Movimiento Ciudadano, inmediatamente se le premie con la dirigencia estatal, como pretende Juan Zepeda, \u201ctal vez por el solo hecho de ser su paisana de Nezahualc\u00f3yotl tenga preferencia por ella, lo que ha hecho manifiesto a pesar de que el estatuto lo proh\u00edbe\u201d.<\/p>\n","protected":false},"excerpt":{"rendered":"<p>Juan Zepeda, dirigente Estatal del Partido Movimiento Ciudadano (MC), mantiene a ese instituto pol\u00edtico como reh\u00e9n y tiene mucho que explicar a d\u00f3nde van a parar las prerrogativas, adem\u00e1s de que le exigen sacar las manos del proceso interno.<\/p>\n","protected":false},"author":3,"featured_media":630757,"comment_status":"open","ping_status":"open","sticky":false,"template":"","format":"standard","meta":{"_monsterinsights_skip_tracking":false,"_monsterinsights_sitenote_active":false,"_monsterinsights_sitenote_note":"","_monsterinsights_sitenote_category":0,"footnotes":""},"categories":[5],"tags":[43675,970,86555],"class_list":["post-630680","post","type-post","status-publish","format-standard","has-post-thumbnail","hentry","category-estado-de-mexico","tag-estado-de-mexico","tag-naucalpan","tag-mano-negra"],"_links":{"self":[{"href":"https:\/\/www.diarioimagen.net\/index.php?rest_route=\/wp\/v2\/posts\/630680","targetHints":{"allow":["GET"]}}],"collection":[{"href":"https:\/\/www.diarioimagen.net\/index.php?rest_route=\/wp\/v2\/posts"}],"about":[{"href":"https:\/\/www.diarioimagen.net\/index.php?rest_route=\/wp\/v2\/types\/post"}],"author":[{"embeddable":true,"href":"https:\/\/www.diarioimagen.net\/index.php?rest_route=\/wp\/v2\/users\/3"}],"replies":[{"embeddable":true,"href":"https:\/\/www.diarioimagen.net\/index.php?rest_route=%2Fwp%2Fv2%2Fcomments&post=630680"}],"version-history":[{"count":0,"href":"https:\/\/www.diarioimagen.net\/index.php?rest_route=\/wp\/v2\/posts\/630680\/revisions"}],"wp:featuredmedia":[{"embeddable":true,"href":"https:\/\/www.diarioimagen.net\/index.php?rest_route=\/wp\/v2\/media\/630757"}],"wp:attachment":[{"href":"https:\/\/www.diarioimagen.net\/index.php?rest_route=%2Fwp%2Fv2%2Fmedia&parent=630680"}],"wp:term":[{"taxonomy":"category","embeddable":true,"href":"https:\/\/www.diarioimagen.net\/index.php?rest_route=%2Fwp%2Fv2%2Fcategories&post=630680"},{"taxonomy":"post_tag","embeddable":true,"href":"https:\/\/www.diarioimagen.net\/index.php?rest_route=%2Fwp%2Fv2%2Ftags&post=630680"}],"curies":[{"name":"wp","href":"https:\/\/api.w.org\/{rel}","templated":true}]}}