{"id":630685,"date":"2024-08-22T00:01:52","date_gmt":"2024-08-22T06:01:52","guid":{"rendered":"https:\/\/www.diarioimagen.net\/?p=630685"},"modified":"2024-08-22T01:28:10","modified_gmt":"2024-08-22T07:28:10","slug":"hay-que-favorecer-la-inversion-y-el-empleo-en-el-edomex-empresarios","status":"publish","type":"post","link":"https:\/\/www.diarioimagen.net\/?p=630685","title":{"rendered":"Hay que favorecer la inversi\u00f3n y el empleo en el Edomex: empresarios"},"content":{"rendered":"<p>&nbsp;<\/p>\n<ul>\n<li><em><strong>Destacan beneficios del AIFA<\/strong><\/em><\/li>\n<\/ul>\n<p>&nbsp;<\/p>\n<div id=\"attachment_630754\" style=\"width: 470px\" class=\"wp-caption aligncenter\"><a href=\"https:\/\/www.diarioimagen.net\/?attachment_id=630754\" rel=\"attachment wp-att-630754\"><img loading=\"lazy\" decoding=\"async\" aria-describedby=\"caption-attachment-630754\" class=\"size-full wp-image-630754\" src=\"https:\/\/www.diarioimagen.net\/wp-content\/uploads\/2024\/08\/hay-que-favorecer-inversion.jpg\" alt=\"\" width=\"460\" height=\"270\" srcset=\"https:\/\/www.diarioimagen.net\/wp-content\/uploads\/2024\/08\/hay-que-favorecer-inversion.jpg 460w, https:\/\/www.diarioimagen.net\/wp-content\/uploads\/2024\/08\/hay-que-favorecer-inversion-240x141.jpg 240w\" sizes=\"auto, (max-width: 460px) 100vw, 460px\" \/><\/a><p id=\"caption-attachment-630754\" class=\"wp-caption-text\">Enrique Aparicio, presidente del Cocemin, se\u00f1al\u00f3 que es fundamental ver los intereses de M\u00e9xico para el bien de la sociedad, sobre todo, con pol\u00edticas que favorezcan la inversi\u00f3n, el bienestar y el\u00a0 empleo.<\/p><\/div>\n<p>&nbsp;<\/p>\n<p><strong>Valle de M\u00e9xico.\u2014<\/strong> Durante un recorrido, Enrique Aparicio, presidente del Consejo de Coordinaci\u00f3n Empresarial e Industrial Nacional de M\u00e9xico, (Cocemin), se\u00f1al\u00f3 que es fundamental ver los intereses de M\u00e9xico para el bien de la sociedad y sobre todo, con pol\u00edticas que favorezcan la inversi\u00f3n, el bienestar y la generaci\u00f3n de empleo en el pa\u00eds, as\u00ed como lo ha sido el AIFA para el\u00a0 Edomex, recalc\u00f3.<\/p>\n<p>Sostuvo que gracias a las dimensiones que tiene el Aeropuerto Internacional Felipe \u00c1ngeles lo hace muy competitivo, principalmente a escala internacional, gracias a la tecnolog\u00eda de punta con la que se trabaja y a sus instalaciones modernas.<\/p>\n<p>Como empresarios, desde el principio de este importante proyecto, le apostamos a la modernidad y la movilidad, hoy el AIFA super\u00f3 los 600 mil pasajeros mensuales, lo que es muestra de la confianza que est\u00e1 generando a sus usuarios y a nuestro sector, puntualiz\u00f3.<\/p>\n<p>Por \u00faltimo, Enrique Aparicio, precis\u00f3 que Cocemin es un organismo de representaci\u00f3n empresarial efectivo, reconocido por su liderazgo y capacidad plena para desarrollar a trav\u00e9s de sus comisiones de trabajo, proyectos e iniciativas que contribuyen a lograr el desarrollo sostenido de la industria mexicana, por ello, seguiremos apoyando el proyecto del AIFA, finaliz\u00f3.<\/p>\n","protected":false},"excerpt":{"rendered":"<p>Durante un recorrido, Enrique Aparicio, presidente del Consejo de Coordinaci\u00f3n Empresarial e Industrial Nacional de M\u00e9xico, (Cocemin), se\u00f1al\u00f3 que es fundamental ver los intereses de M\u00e9xico para el bien de la sociedad y sobre todo, con pol\u00edticas que favorezcan la inversi\u00f3n, el bienestar y la generaci\u00f3n de empleo en el pa\u00eds, as\u00ed como lo ha sido el AIFA para el\u00a0 Edomex, recalc\u00f3.<\/p>\n","protected":false},"author":3,"featured_media":630754,"comment_status":"open","ping_status":"open","sticky":false,"template":"","format":"standard","meta":{"_monsterinsights_skip_tracking":false,"_monsterinsights_sitenote_active":false,"_monsterinsights_sitenote_note":"","_monsterinsights_sitenote_category":0,"footnotes":""},"categories":[5],"tags":[94482,10071,5247],"class_list":["post-630685","post","type-post","status-publish","format-standard","has-post-thumbnail","hentry","category-estado-de-mexico","tag-aifa","tag-empresarios","tag-inversion"],"_links":{"self":[{"href":"https:\/\/www.diarioimagen.net\/index.php?rest_route=\/wp\/v2\/posts\/630685","targetHints":{"allow":["GET"]}}],"collection":[{"href":"https:\/\/www.diarioimagen.net\/index.php?rest_route=\/wp\/v2\/posts"}],"about":[{"href":"https:\/\/www.diarioimagen.net\/index.php?rest_route=\/wp\/v2\/types\/post"}],"author":[{"embeddable":true,"href":"https:\/\/www.diarioimagen.net\/index.php?rest_route=\/wp\/v2\/users\/3"}],"replies":[{"embeddable":true,"href":"https:\/\/www.diarioimagen.net\/index.php?rest_route=%2Fwp%2Fv2%2Fcomments&post=630685"}],"version-history":[{"count":0,"href":"https:\/\/www.diarioimagen.net\/index.php?rest_route=\/wp\/v2\/posts\/630685\/revisions"}],"wp:featuredmedia":[{"embeddable":true,"href":"https:\/\/www.diarioimagen.net\/index.php?rest_route=\/wp\/v2\/media\/630754"}],"wp:attachment":[{"href":"https:\/\/www.diarioimagen.net\/index.php?rest_route=%2Fwp%2Fv2%2Fmedia&parent=630685"}],"wp:term":[{"taxonomy":"category","embeddable":true,"href":"https:\/\/www.diarioimagen.net\/index.php?rest_route=%2Fwp%2Fv2%2Fcategories&post=630685"},{"taxonomy":"post_tag","embeddable":true,"href":"https:\/\/www.diarioimagen.net\/index.php?rest_route=%2Fwp%2Fv2%2Ftags&post=630685"}],"curies":[{"name":"wp","href":"https:\/\/api.w.org\/{rel}","templated":true}]}}