{"id":630802,"date":"2024-08-23T00:01:56","date_gmt":"2024-08-23T06:01:56","guid":{"rendered":"https:\/\/www.diarioimagen.net\/?p=630802"},"modified":"2024-08-28T23:17:21","modified_gmt":"2024-08-29T05:17:21","slug":"enfriamiento-de-la-economia-mexicana-el-pib-solo-crece-1","status":"publish","type":"post","link":"https:\/\/www.diarioimagen.net\/?p=630802","title":{"rendered":"Enfriamiento de la econom\u00eda\u00a0mexicana; el\u00a0PIB\u00a0s\u00f3lo crece\u00a01%"},"content":{"rendered":"<p><strong>\u00a0<\/strong><\/p>\n<ul>\n<li><em><strong>Datos de Inegi del segundo trimestre<\/strong><\/em><\/li>\n<\/ul>\n<p>&nbsp;<\/p>\n<p><a href=\"https:\/\/www.diarioimagen.net\/?attachment_id=630877\" rel=\"attachment wp-att-630877\"><img loading=\"lazy\" decoding=\"async\" class=\"aligncenter size-full wp-image-630877\" src=\"https:\/\/www.diarioimagen.net\/wp-content\/uploads\/2024\/08\/enfriamiento-economia-mexicana.jpg\" alt=\"\" width=\"460\" height=\"270\" srcset=\"https:\/\/www.diarioimagen.net\/wp-content\/uploads\/2024\/08\/enfriamiento-economia-mexicana.jpg 460w, https:\/\/www.diarioimagen.net\/wp-content\/uploads\/2024\/08\/enfriamiento-economia-mexicana-240x141.jpg 240w\" sizes=\"auto, (max-width: 460px) 100vw, 460px\" \/><\/a><\/p>\n<p>&nbsp;<\/p>\n<p>Datos del\u00a0 Instituto Nacional de Estad\u00edstica y Geograf\u00eda (Inegi) confirmaron el enfriamiento de la econom\u00eda mexicana, pues el Producto Interno Bruto (PIB), en el segundo trimestre, s\u00f3lo avanz\u00f3 1 por ciento.<\/p>\n<p>Con esto, el gobierno de Andr\u00e9s Manuel L\u00f3pez Obrador, a menos de un mes de su final, incumplir\u00e1 la promesa de reactivar la econom\u00eda de M\u00e9xico en su sexenio y llevarla a niveles por arriba del 4 por ciento.<\/p>\n<p>En 2019, el gobierno federal dijo que esperaba un crecimiento promedio sexenal de 4 por ciento y una estimaci\u00f3n de 6 por ciento para 2024, de acuerdo con el Plan Nacional de Desarrollo 2019-2024.<\/p>\n<p>El informe revelado este jueves mostr\u00f3 que, en la segunda tercia del a\u00f1o, la actividad econ\u00f3mica se expandi\u00f3 1.0% en comparaci\u00f3n anual, apenas 0.1 puntos porcentuales menor a lo que el Inegi proyect\u00f3 en su estimaci\u00f3n oportuna a finales de julio pasado.<\/p>\n<p>Con este dato, la econom\u00eda mexicana report\u00f3 su s\u00e9ptimo trimestre consecutivo de desaceleraciones, as\u00ed como su menor crecimiento desde el primer trimestre del 2021 cuando, a\u00fan por los efectos de la crisis por la pandemia de Covid-19, se contrajo 1.6 por ciento.<\/p>\n<p>En comparaci\u00f3n con el primer trimestre del a\u00f1o, la econom\u00eda mexicana mostr\u00f3 una modesta expansi\u00f3n de 0.2%, ligeramente mayor a la tasa de 0.1% que se registr\u00f3 en la primera tercia del a\u00f1o.<\/p>\n<p>De esta manera, la econom\u00eda mexicana confirmar\u00eda su enfriamiento en la primera mitad del a\u00f1o, lo cual ha llevado a la revisi\u00f3n de las expectativas de crecimiento por parte de diversas instituciones y analistas.<\/p>\n<p>De acuerdo con el consenso de Citibanamex, el crecimiento econ\u00f3mico de este a\u00f1o ser\u00eda de 1.9%, mientras que la proyecci\u00f3n del gobierno de Andr\u00e9s Manuel L\u00f3pez Obrador es que el a\u00f1o termine con un crecimiento de 3.0 por ciento.<\/p>\n<p>Hacia la segunda mitad, el riesgo de que la desaceleraci\u00f3n se acent\u00fae est\u00e1 presente ante la posibilidad de una desaceleraci\u00f3n en Estados Unidos, as\u00ed como la incertidumbre electoral en el pa\u00eds vecino del norte y la permanencia de los altos niveles de inflaci\u00f3n.<\/p>\n<p>Campo contin\u00faa sin recuperarse<\/p>\n<p style=\"text-align: center;\"><strong>Primer semestre d\u00e9bil<\/strong><\/p>\n<p>En el balance enero-junio, el PIB de M\u00e9xico creci\u00f3 1.4 por ciento anual, su lectura m\u00e1s d\u00e9bil para un mismo periodo desde el desplome de 2020 de 11.3 por ciento anual en medio de .<\/p>\n<p>Por sector, los servicios avanzaron 1.9 por ciento anual y la industria creci\u00f3 1 por ciento anual, muy por debajo del 3.7 y 3.3 por ciento anual reportado en el primer semestre, pero de 2023.<\/p>\n<p>El PIB de las actividades primarias tuvo una ca\u00edda de 2.3 por ciento anual en el primer semestre, reflejando las complicaciones que tuvo en esos meses, y que signific\u00f3 su ca\u00edda m\u00e1s pronunciada para un mismo periodo desde el 2011.<\/p>\n","protected":false},"excerpt":{"rendered":"<p>Datos del\u00a0 Instituto Nacional de Estad\u00edstica y Geograf\u00eda (Inegi) confirmaron el enfriamiento de la econom\u00eda mexicana, pues el Producto Interno Bruto (PIB), en el segundo trimestre, s\u00f3lo avanz\u00f3 1 por ciento.<\/p>\n<p>Con esto, el gobierno de Andr\u00e9s Manuel L\u00f3pez Obrador, a menos de un mes de su final, incumplir\u00e1 la promesa de reactivar la econom\u00eda de M\u00e9xico en su sexenio y llevarla a niveles por arriba del 4 por ciento.<\/p>\n","protected":false},"author":3,"featured_media":630877,"comment_status":"open","ping_status":"open","sticky":false,"template":"","format":"standard","meta":{"_monsterinsights_skip_tracking":false,"_monsterinsights_sitenote_active":false,"_monsterinsights_sitenote_note":"","_monsterinsights_sitenote_category":0,"footnotes":""},"categories":[17,8],"tags":[43678,2806],"class_list":["post-630802","post","type-post","status-publish","format-standard","has-post-thumbnail","hentry","category-especiales","category-finanzas","tag-finanzas","tag-pib"],"_links":{"self":[{"href":"https:\/\/www.diarioimagen.net\/index.php?rest_route=\/wp\/v2\/posts\/630802","targetHints":{"allow":["GET"]}}],"collection":[{"href":"https:\/\/www.diarioimagen.net\/index.php?rest_route=\/wp\/v2\/posts"}],"about":[{"href":"https:\/\/www.diarioimagen.net\/index.php?rest_route=\/wp\/v2\/types\/post"}],"author":[{"embeddable":true,"href":"https:\/\/www.diarioimagen.net\/index.php?rest_route=\/wp\/v2\/users\/3"}],"replies":[{"embeddable":true,"href":"https:\/\/www.diarioimagen.net\/index.php?rest_route=%2Fwp%2Fv2%2Fcomments&post=630802"}],"version-history":[{"count":0,"href":"https:\/\/www.diarioimagen.net\/index.php?rest_route=\/wp\/v2\/posts\/630802\/revisions"}],"wp:featuredmedia":[{"embeddable":true,"href":"https:\/\/www.diarioimagen.net\/index.php?rest_route=\/wp\/v2\/media\/630877"}],"wp:attachment":[{"href":"https:\/\/www.diarioimagen.net\/index.php?rest_route=%2Fwp%2Fv2%2Fmedia&parent=630802"}],"wp:term":[{"taxonomy":"category","embeddable":true,"href":"https:\/\/www.diarioimagen.net\/index.php?rest_route=%2Fwp%2Fv2%2Fcategories&post=630802"},{"taxonomy":"post_tag","embeddable":true,"href":"https:\/\/www.diarioimagen.net\/index.php?rest_route=%2Fwp%2Fv2%2Ftags&post=630802"}],"curies":[{"name":"wp","href":"https:\/\/api.w.org\/{rel}","templated":true}]}}