{"id":630808,"date":"2024-08-23T00:03:16","date_gmt":"2024-08-23T06:03:16","guid":{"rendered":"https:\/\/www.diarioimagen.net\/?p=630808"},"modified":"2024-08-26T00:01:21","modified_gmt":"2024-08-26T06:01:21","slug":"atletismo-futuro-prometedor-para-joven-universitaria","status":"publish","type":"post","link":"https:\/\/www.diarioimagen.net\/?p=630808","title":{"rendered":"Atletismo, futuro prometedor para joven universitaria"},"content":{"rendered":"<p>&nbsp;<\/p>\n<div id=\"attachment_630866\" style=\"width: 470px\" class=\"wp-caption aligncenter\"><a href=\"https:\/\/www.diarioimagen.net\/?attachment_id=630866\" rel=\"attachment wp-att-630866\"><img loading=\"lazy\" decoding=\"async\" aria-describedby=\"caption-attachment-630866\" class=\"size-full wp-image-630866\" src=\"https:\/\/www.diarioimagen.net\/wp-content\/uploads\/2024\/08\/uaem-atletismo.jpg\" alt=\"\" width=\"460\" height=\"270\" srcset=\"https:\/\/www.diarioimagen.net\/wp-content\/uploads\/2024\/08\/uaem-atletismo.jpg 460w, https:\/\/www.diarioimagen.net\/wp-content\/uploads\/2024\/08\/uaem-atletismo-240x141.jpg 240w\" sizes=\"auto, (max-width: 460px) 100vw, 460px\" \/><\/a><p id=\"caption-attachment-630866\" class=\"wp-caption-text\">Ximena L\u00f3pez Gonz\u00e1lez, estudiante del Plantel \u201cLic. Adolfo L\u00f3pez Mateos\u201d de la Escuela Preparatoria de la UAEM\u00e9x, gan\u00f3 dos medallas de oro en las pruebas de 1500 y 3000 metros planos en los XXI Juegos Deportivos Nacionales de la Educaci\u00f3n Media Superior 2024.<\/p><\/div>\n<p>&nbsp;<\/p>\n<p><strong>Toluca, Estado de M\u00e9xico.<\/strong>\u2014 Ximena L\u00f3pez Gonz\u00e1lez, estudiante del Plantel \u201cLic. Adolfo L\u00f3pez Mateos\u201d de la Escuela Preparatoria de la Universidad Aut\u00f3noma del Estado de M\u00e9xico (UAEM\u00e9x), se colg\u00f3 dos medallas de oro, coloc\u00e1ndose en primer lugar en las pruebas de 1500 y 3000 metros planos, en los XXI Juegos Deportivos Nacionales de la Educaci\u00f3n Media Superior de la Comisi\u00f3n Nacional de Cultura F\u00edsica y Deporte (CONADE) 2024, que se realizaron en Puebla.<\/p>\n<p>\u201cEstas dos medallas significan lo que trabaj\u00e9 por a\u00f1os. Todo el esfuerzo se ve reflejado en estas medallas. Representan el trabajo de mi familia y de mi equipo. Cada sacrificio ha valido la pena para obtener este logro\u201d, explic\u00f3 la estudiante del tercer semestre de bachillerato.<\/p>\n<p>L\u00f3pez Gonz\u00e1lez, quien comenz\u00f3 a competir en atletismo a los 12 a\u00f1os de edad, expresa que el haber ganado el primer lugar en ambas pruebas fue producto de la disciplina. \u201cSiempre trato de hacer de la mejor manera las cosas, trato de dar lo mejor de m\u00ed en todo lo que hago\u201d.<\/p>\n<p>Desde su llegada a la UAEM\u00e9x ha logrado compaginar sus estudios con el atletismo, ya que as\u00ed se lo han inculcado sus padres. \u201cEs desgastante llevar las dos cosas de la mano, pero siempre me han ense\u00f1ado que una cosa va con la otra, si lleg\u00f3 a descuidar la escuela me puede afectar en el deporte y viceversa\u201d, dijo.<\/p>\n<p>Ximena L\u00f3pez comparte que su gusto por este deporte comenz\u00f3 por inspiraci\u00f3n de su hermano. Creci\u00f3 en un ambiente deportivo y desde los 7 a\u00f1os empez\u00f3 a practicar el atletismo.<\/p>\n<p>El equipo que ha hecho con sus entrenadores y padres Armando L\u00f3pez \u00c1vila y Janeth Gonz\u00e1lez Palma ha sido muy especial, por lo que cuenta ya con el objetivo de seguir mejorando en atletismo y lograr llegar a justas nacionales e internacionales. \u201cEl correr es una experiencia muy satisfactoria. Cada que terminas un entrenamiento de la mejor manera es muy especial\u201d.<\/p>\n<p>Concluye que el ser disciplinada, aferrada, so\u00f1adora, estudiosa y amorosa ha sido fundamental para desarrollarse en los \u00e1mbitos deportivo y acad\u00e9mico. Env\u00eda a sus compa\u00f1eros un mensaje de motivaci\u00f3n: \u201cSe vale so\u00f1ar, que se planteen metas, que siempre se aferren a sus sue\u00f1os, siempre se puede mientras uno quiera y lo que se dispongan hacer lo van a lograr con disciplina y sacrificios\u201d.<\/p>\n","protected":false},"excerpt":{"rendered":"<p>Ximena L\u00f3pez Gonz\u00e1lez, estudiante del Plantel \u201cLic. Adolfo L\u00f3pez Mateos\u201d de la Escuela Preparatoria de la Universidad Aut\u00f3noma del Estado de M\u00e9xico (UAEM\u00e9x), se colg\u00f3 dos medallas de oro, coloc\u00e1ndose en primer lugar en las pruebas de 1500 y 3000 metros planos, en los XXI Juegos Deportivos Nacionales de la Educaci\u00f3n Media Superior de la Comisi\u00f3n Nacional de Cultura F\u00edsica y Deporte (CONADE) 2024, que se realizaron en Puebla.<\/p>\n","protected":false},"author":3,"featured_media":630866,"comment_status":"open","ping_status":"open","sticky":false,"template":"","format":"standard","meta":{"_monsterinsights_skip_tracking":false,"_monsterinsights_sitenote_active":false,"_monsterinsights_sitenote_note":"","_monsterinsights_sitenote_category":0,"footnotes":""},"categories":[5],"tags":[13766,21870],"class_list":["post-630808","post","type-post","status-publish","format-standard","has-post-thumbnail","hentry","category-estado-de-mexico","tag-atletismo","tag-joven"],"_links":{"self":[{"href":"https:\/\/www.diarioimagen.net\/index.php?rest_route=\/wp\/v2\/posts\/630808","targetHints":{"allow":["GET"]}}],"collection":[{"href":"https:\/\/www.diarioimagen.net\/index.php?rest_route=\/wp\/v2\/posts"}],"about":[{"href":"https:\/\/www.diarioimagen.net\/index.php?rest_route=\/wp\/v2\/types\/post"}],"author":[{"embeddable":true,"href":"https:\/\/www.diarioimagen.net\/index.php?rest_route=\/wp\/v2\/users\/3"}],"replies":[{"embeddable":true,"href":"https:\/\/www.diarioimagen.net\/index.php?rest_route=%2Fwp%2Fv2%2Fcomments&post=630808"}],"version-history":[{"count":0,"href":"https:\/\/www.diarioimagen.net\/index.php?rest_route=\/wp\/v2\/posts\/630808\/revisions"}],"wp:featuredmedia":[{"embeddable":true,"href":"https:\/\/www.diarioimagen.net\/index.php?rest_route=\/wp\/v2\/media\/630866"}],"wp:attachment":[{"href":"https:\/\/www.diarioimagen.net\/index.php?rest_route=%2Fwp%2Fv2%2Fmedia&parent=630808"}],"wp:term":[{"taxonomy":"category","embeddable":true,"href":"https:\/\/www.diarioimagen.net\/index.php?rest_route=%2Fwp%2Fv2%2Fcategories&post=630808"},{"taxonomy":"post_tag","embeddable":true,"href":"https:\/\/www.diarioimagen.net\/index.php?rest_route=%2Fwp%2Fv2%2Ftags&post=630808"}],"curies":[{"name":"wp","href":"https:\/\/api.w.org\/{rel}","templated":true}]}}