{"id":630810,"date":"2024-08-23T00:01:05","date_gmt":"2024-08-23T06:01:05","guid":{"rendered":"https:\/\/www.diarioimagen.net\/?p=630810"},"modified":"2024-08-23T01:54:45","modified_gmt":"2024-08-23T07:54:45","slug":"reconoce-delfina-gomez-valentia-y-compromiso-de-unidad-relampagos","status":"publish","type":"post","link":"https:\/\/www.diarioimagen.net\/?p=630810","title":{"rendered":"Reconoce Delfina G\u00f3mez valent\u00eda y compromiso de Unidad \u201cRel\u00e1mpagos\u201d"},"content":{"rendered":"<p>&nbsp;<\/p>\n<h2 style=\"text-align: center;\">Distinci\u00f3n en su 30 aniversario<\/h2>\n<p>&nbsp;<\/p>\n<ul>\n<li><strong><em>Destaca la importancia de este equipo de rescate con m\u00e1s de 13 mil operaciones a\u00e9reas<\/em><\/strong><\/li>\n<\/ul>\n<p>&nbsp;<\/p>\n<div id=\"attachment_630895\" style=\"width: 470px\" class=\"wp-caption aligncenter\"><a href=\"https:\/\/www.diarioimagen.net\/?attachment_id=630895\" rel=\"attachment wp-att-630895\"><img loading=\"lazy\" decoding=\"async\" aria-describedby=\"caption-attachment-630895\" class=\"size-full wp-image-630895\" src=\"https:\/\/www.diarioimagen.net\/wp-content\/uploads\/2024\/08\/reconoce-delfina.jpg\" alt=\"\" width=\"460\" height=\"270\" srcset=\"https:\/\/www.diarioimagen.net\/wp-content\/uploads\/2024\/08\/reconoce-delfina.jpg 460w, https:\/\/www.diarioimagen.net\/wp-content\/uploads\/2024\/08\/reconoce-delfina-240x141.jpg 240w\" sizes=\"auto, (max-width: 460px) 100vw, 460px\" \/><\/a><p id=\"caption-attachment-630895\" class=\"wp-caption-text\">Delfina G\u00f3mez \u00c1lvarez encabez\u00f3 la ceremonia por el 30 Aniversario de la Unidad de Rescate A\u00e9reo \u201cRel\u00e1mpagos\u201d, donde destac\u00f3 la labor que realizan d\u00eda a d\u00eda con dedicaci\u00f3n, respeto y humnidad para salvar vidas y apoyar a quienes se encuentran en una situaci\u00f3n de emergencia.<\/p><\/div>\n<p>&nbsp;<\/p>\n<p><strong>Toluca, Estado de M\u00e9xico.\u2014<\/strong> La gobernadora Delfina G\u00f3mez \u00c1lvarez encabez\u00f3 la ceremonia por el 30 Aniversario de la Unidad de Rescate A\u00e9reo \u201cRel\u00e1mpagos\u201d, donde destac\u00f3 la labor que realizan d\u00eda a d\u00eda con dedicaci\u00f3n, respeto y humanidad para salvar vidas y apoyar a quienes se encuentran en una situaci\u00f3n de emergencia.<\/p>\n<p>\u201cEn sus acciones heroicas, a trav\u00e9s de las cuales ofrecen su vida, su talento y su profesionalismo est\u00e1 el verdadero significado de servir: ayudar a quienes m\u00e1s lo necesitan. La Unidad ha transformado la vida del pueblo mexiquense y mexicano\u201d, asegur\u00f3 la mandataria estatal.<\/p>\n<p>La titular del Ejecutivo estatal recorri\u00f3 las instalaciones de la Coordinaci\u00f3n de Servicios Auxiliares a Contingencias y Emergencias, donde indic\u00f3 que es un orgullo para el Estado de M\u00e9xico contar con la Unidad de Rescate A\u00e9reo \u201cRel\u00e1mpagos\u201d, porque permite atender de manera inmediata situaciones urgentes de la entidad y del pa\u00eds.<\/p>\n<p>En este sentido, hizo un reconocimiento por su labor en el combate a los incendios forestales de este a\u00f1o, y precis\u00f3 que, ahora de la mano con Trinidad Franco Arpero, Oficial Mayor del Estado de M\u00e9xico, su gobierno contribuir\u00e1 a que sigan creciendo los servicios de esta Unidad de Rescate A\u00e9reo, mejorando sus condiciones laborales.<\/p>\n<p>\u201cReitero mi respaldo y compromiso a la Coordinaci\u00f3n de Servicios Auxiliares a Contingencias y Emergencias; hoy vital para el Estado de M\u00e9xico, un compromiso que debemos tener como Gobierno que tengan una mejor condici\u00f3n laboral y un mejor ambiente donde se pueda desarrollar de manera m\u00e1s eficaz su funci\u00f3n\u201d, indic\u00f3 la maestra Delfina G\u00f3mez \u00c1lvarez.<\/p>\n<p>En los 30 a\u00f1os, la Unidad de Rescate A\u00e9reo \u201cRel\u00e1mpagos\u201d ha realizado m\u00e1s de 13 mil 715 operaciones a\u00e9reas, de las cuales: 668 han sido traslados de \u00f3rganos y plasmas de sangre; 385 traslados de reci\u00e9n nacidos en incubadora; 204 traslados de personas intoxicadas; mil 310 c\u00f3digos mater (mujeres embarazadas); y 506 operaciones de b\u00fasqueda y rescate. Asimismo, han realizado 209 operaciones en apoyo de desastres naturales, 597 operaciones de extinci\u00f3n de incendios forestales y mil 720 operaciones de vigilancia a\u00e9rea en apoyo a la Secretar\u00eda de Seguridad y diversos operativos de la Fiscal\u00eda General de Justicia del Estado de M\u00e9xico (FJEM).<\/p>\n<p style=\"text-align: center;\"><strong>Tres d\u00e9cadas de apoyar al pueblo<br \/>\nmexiquense con vocaci\u00f3n de servicio<\/strong><\/p>\n<p>Con gran vocaci\u00f3n de servicio, la Unidad de Rescate A\u00e9reo del Gobierno del Estado de M\u00e9xico \u201cRel\u00e1mpagos\u201d cumple 30 a\u00f1os de cruzar el cielo mexiquense para auxiliar en traslados de heridos, enfermos y mujeres embarazadas en estado grave, adem\u00e1s de prestar apoyo estrat\u00e9gico para combatir incendios forestales y desastres naturales.<\/p>\n<p>\u201cSer Rel\u00e1mpago lo traes en el alma, eso la verdad que nos ha ayudado mucho a crecer, a integrarnos como un solo equipo y el poder ayudar a las personas, porque ustedes ven un servicio de transporte aerom\u00e9dico, un servicio de rescate, pero atr\u00e1s de todo eso, hay un gran esfuerzo de personas que est\u00e1n aqu\u00ed con un alto nivel de vocaci\u00f3n\u201d, se\u00f1al\u00f3 V\u00edctor Manuel Figueroa Corchado, Jefe de la Unidad de Rescate A\u00e9reo \u201cRel\u00e1mpagos\u201d.<\/p>\n<p>Este equipo de rescate surgi\u00f3 en 1994 bajo el nombre de Unidad de Apoyo A\u00e9reo \u201cRel\u00e1mpagos\u201d, un agrupamiento policiaco que ten\u00eda como funci\u00f3n secundaria el servicio de ambulancia a\u00e9rea.<\/p>\n<p>Fue hasta el a\u00f1o 2006 que su vocaci\u00f3n de servicio dio un giro y se convirtieron en la Unidad de Rescate A\u00e9reo del Gobierno del Estado de M\u00e9xico.<\/p>\n<p>\u201cGracias al gobierno del Estado de M\u00e9xico hemos podido recibir educaci\u00f3n a nivel universitario, a nivel maestr\u00eda y cursos en el extranjero, todos y cada uno de nuestros elementos cuentan con certificaciones, los cuales nos ponen a nivel de cualquier pa\u00eds, de primer mundo\u201d, destac\u00f3.<\/p>\n<p>Esto ha permitido que desde 2006 a julio de este a\u00f1o, \u201cRel\u00e1mpagos\u201d hayan brindado 13 mil 715 operaciones a\u00e9reas, entre ellas 11 mil 184 ambulancias a\u00e9reas, 668 traslados de \u00f3rganos y plasmas de sangre, 385 traslados de reci\u00e9n nacidos en incubadora y 204 de personas intoxicadas, mil 310 c\u00f3digos mater, 506 operaciones de b\u00fasqueda y rescate, 209 apoyos en desastres naturales, 597 en extinci\u00f3n de incendios forestales y mil 720 operaciones de vigilancia a\u00e9rea.<\/p>\n<p style=\"text-align: center;\"><strong>Fuerza de trabajo de 40 elementos<\/strong><\/p>\n<p>Con una fuerza de trabajo de 40 elementos: 16 pilotos, 12 param\u00e9dicos rescatistas, tres operadores de gr\u00faa y nueve oficiales t\u00e1cticos a\u00e9reos, los integrantes de \u201cRel\u00e1mpagos\u201d comparten dos caracter\u00edsticas esenciales: su vocaci\u00f3n altruista y sus ganas de ayuda al pr\u00f3jimo.<\/p>\n<p>Esto ha permitido que la Unidad de Rescate A\u00e9reo traspase las fronteras del Estado de M\u00e9xico para brindar apoyo a otras entidades del pa\u00eds, como lo fue en las inundaciones de Tabasco, Guerrero y Veracruz, los deslaves en Chiapas, el combate de incendios en San Luis Potos\u00ed, en los cuales brindaron servicio de ambulancia, rescate con gr\u00faa para las personas que sus casas quedaron rodeadas por el agua, as\u00ed como para llevar v\u00edveres.<\/p>\n<p>La Unidad de Rescate A\u00e9reo del Gobierno del Estado de M\u00e9xico \u201cRel\u00e1mpagos\u201d es \u00fanica en su tipo a nivel nacional y su capacitaci\u00f3n es permanente; en el caso de los pilotos se capacitan en vuelo de monta\u00f1a, vuelo de rescate, vuelo de combate de incendios, vuelo de ambulancia y seguridad p\u00fablica, mientras que el personal m\u00e9dico lo hace en soporte cardiovascular, atenci\u00f3n a mujeres embarazadas, c\u00f3digo cerebro y c\u00f3digo infarto, entre otros.<\/p>\n","protected":false},"excerpt":{"rendered":"<p>La gobernadora Delfina G\u00f3mez \u00c1lvarez encabez\u00f3 la ceremonia por el 30 Aniversario de la Unidad de Rescate A\u00e9reo \u201cRel\u00e1mpagos\u201d, donde destac\u00f3 la labor que realizan d\u00eda a d\u00eda con dedicaci\u00f3n, respeto y humanidad para salvar vidas y apoyar a quienes se encuentran en una situaci\u00f3n de emergencia.<\/p>\n","protected":false},"author":3,"featured_media":630895,"comment_status":"open","ping_status":"open","sticky":false,"template":"","format":"standard","meta":{"_monsterinsights_skip_tracking":false,"_monsterinsights_sitenote_active":false,"_monsterinsights_sitenote_note":"","_monsterinsights_sitenote_category":0,"footnotes":""},"categories":[5],"tags":[57859,43675,452],"class_list":["post-630810","post","type-post","status-publish","format-standard","has-post-thumbnail","hentry","category-estado-de-mexico","tag-delfina-gomez-alvarez","tag-estado-de-mexico","tag-toluca"],"_links":{"self":[{"href":"https:\/\/www.diarioimagen.net\/index.php?rest_route=\/wp\/v2\/posts\/630810","targetHints":{"allow":["GET"]}}],"collection":[{"href":"https:\/\/www.diarioimagen.net\/index.php?rest_route=\/wp\/v2\/posts"}],"about":[{"href":"https:\/\/www.diarioimagen.net\/index.php?rest_route=\/wp\/v2\/types\/post"}],"author":[{"embeddable":true,"href":"https:\/\/www.diarioimagen.net\/index.php?rest_route=\/wp\/v2\/users\/3"}],"replies":[{"embeddable":true,"href":"https:\/\/www.diarioimagen.net\/index.php?rest_route=%2Fwp%2Fv2%2Fcomments&post=630810"}],"version-history":[{"count":0,"href":"https:\/\/www.diarioimagen.net\/index.php?rest_route=\/wp\/v2\/posts\/630810\/revisions"}],"wp:featuredmedia":[{"embeddable":true,"href":"https:\/\/www.diarioimagen.net\/index.php?rest_route=\/wp\/v2\/media\/630895"}],"wp:attachment":[{"href":"https:\/\/www.diarioimagen.net\/index.php?rest_route=%2Fwp%2Fv2%2Fmedia&parent=630810"}],"wp:term":[{"taxonomy":"category","embeddable":true,"href":"https:\/\/www.diarioimagen.net\/index.php?rest_route=%2Fwp%2Fv2%2Fcategories&post=630810"},{"taxonomy":"post_tag","embeddable":true,"href":"https:\/\/www.diarioimagen.net\/index.php?rest_route=%2Fwp%2Fv2%2Ftags&post=630810"}],"curies":[{"name":"wp","href":"https:\/\/api.w.org\/{rel}","templated":true}]}}