{"id":630821,"date":"2024-08-23T00:02:20","date_gmt":"2024-08-23T06:02:20","guid":{"rendered":"https:\/\/www.diarioimagen.net\/?p=630821"},"modified":"2024-08-30T00:23:59","modified_gmt":"2024-08-30T06:23:59","slug":"mina-de-oro-que-no-quieren-perder-ministras-y-ministros-de-la-scjn","status":"publish","type":"post","link":"https:\/\/www.diarioimagen.net\/?p=630821","title":{"rendered":"Mina de oro que no quieren perder ministras y ministros de la SCJN"},"content":{"rendered":"<p>&nbsp;<\/p>\n<h1>Deportigrama<\/h1>\n<h4>V\u00edctor Manuel J\u00e1come<\/h4>\n<p>&nbsp;<\/p>\n<p><a href=\"https:\/\/www.diarioimagen.net\/?attachment_id=630886\" rel=\"attachment wp-att-630886\"><img loading=\"lazy\" decoding=\"async\" class=\"aligncenter size-full wp-image-630886\" src=\"https:\/\/www.diarioimagen.net\/wp-content\/uploads\/2024\/08\/Diapositiva1-3.jpg\" alt=\"\" width=\"460\" height=\"355\" srcset=\"https:\/\/www.diarioimagen.net\/wp-content\/uploads\/2024\/08\/Diapositiva1-3.jpg 460w, https:\/\/www.diarioimagen.net\/wp-content\/uploads\/2024\/08\/Diapositiva1-3-240x185.jpg 240w, https:\/\/www.diarioimagen.net\/wp-content\/uploads\/2024\/08\/Diapositiva1-3-350x270.jpg 350w\" sizes=\"auto, (max-width: 460px) 100vw, 460px\" \/><\/a><\/p>\n<p>&nbsp;<\/p>\n<h3 style=\"text-align: center;\">H O R I Z O N T A L E S :<\/h3>\n<p>&nbsp;<\/p>\n<p><strong>1.-<\/strong> Los ministros de la Suprema Corte de Justicia de la Naci\u00f3n derrochan en suntuosos y prebendas millones de pesos a cargo del pueblo mexicano. Sustituye este concepto.<\/p>\n<p><strong>8.-<\/strong> Veremos lo que es el pago base que reciben los ministros cada mes, la cantidad de $54,270 pesos.<\/p>\n<p><strong>9.-<\/strong> Compensaci\u00f3n garantizada o ayuda, para los ministros cada mes, la cantidad de $232,153 pesos.<\/p>\n<p><strong>11.-<\/strong> Carta de la baraja con la que se identifican los trabajadores de la SCJN y resulta curioso que una vez que se dio a conocer la Reforma de la SCJN, por parte de los integrantes de la C\u00e1mara de Diputados estos empleados llamaron a paro nacional porque aseguran no est\u00e1n manipulados por los ministros, y dicen que esa reforma acabar\u00e1 con la Justicia mexicana. Cuando a los trabajadores la Reforma no les perjudicar\u00e1 en nada hasta podr\u00e1n seguir con su carrera judicial.<\/p>\n<p><strong>13.-<\/strong> Mientras tanto no se aplique la Reforma de la SCJN los ministros seguir\u00e1n gozando de sus gastos m\u00e9dicos con una cantidad mensual de $3,075 pesos.<\/p>\n<p><strong>14.-<\/strong> Iniciales de Sof\u00eda Aceves.<\/p>\n<p><strong>15.-<\/strong> Iniciales de Nadia G\u00f3mez.<\/p>\n<p><strong>16.-<\/strong> Y vean nada m\u00e1s el apoyo vacacional mensual que los ministros reciben por una cantidad de $7,956 pesos.<\/p>\n<p><strong>18.-<\/strong> Sonia Dorotea Ya\u00f1es.<\/p>\n<p><strong>20.-<\/strong> Y como no van a estar asegurados los ministros de su humanidad con una cantidad de $3,150 pesos mensuales.<\/p>\n<p><strong>21.-<\/strong> Eduardo Vilchis.<\/p>\n<p><strong>22.-<\/strong> Carlos Dorantes Medina.<\/p>\n<p><strong>23.-<\/strong> Y aqu\u00ed est\u00e1 la mentada \u2026 de Poder Judicial y sus objetivos son:<\/p>\n<p>1. NUEVA INTEGRACI\u00d3N DE LA SUPREMA CORTE DE JUSTICIA DE LA NACI\u00d3N.<\/p>\n<p><strong>\u00ac<\/strong> Eficiencia, austeridad y transparencia en el M\u00e1ximo Tribunal.<\/p>\n<p>2. Elecci\u00f3n popular de ministros, magistrados y jueces.<\/p>\n<p><strong>\u00ac<\/strong> Legitimidad democr\u00e1tica de las y los impartidores de justicia.<\/p>\n<p>3. Sustituci\u00f3n del Consejo de la Judicatura Federal.<\/p>\n<p><strong>\u00ac<\/strong> \u00d3rganos administrativos y disciplinarios independientes.<\/p>\n<p>4. Nuevas reglas procesales.<\/p>\n<p><strong>\u00ac<\/strong> Justicia expedita y equilibrios entre Poderes.<\/p>\n<p>2. <strong>a)<\/strong> Se reduce el n\u00famero de ministras y ministros, de 11 a 9 integrantes. <strong>b)<\/strong> Se reduce el periodo de su cargo, de 15 a 12 a\u00f1os. <strong>c)<\/strong> Se eliminan las dos Salas. La Corte s\u00f3lo sesionar\u00e1 en Pleno y sus sesiones deber\u00e1n ser p\u00fablicas. <strong>d)<\/strong> Se elimina la pensi\u00f3n vitalicia (retiro) para actuales y futuros ministros y ministras. <strong>e)<\/strong> Sus remuneraciones deben ajustarse al tope m\u00e1ximo establecido para el presidente de la Rep\u00fablica, sin excepci\u00f3n.<\/p>\n<p>1. ELECCI\u00d3N POR VOTO POPULAR DE MINISTROS, MAGISTRADOS Y JUECES.<\/p>\n<p>Las y los ministros de la SCJN, magistrados del Tribunal Electoral y magistrados del Tribunal de Disciplina se elegir\u00e1n a nivel nacional en las elecciones ordinarias a partir de 30 candidaturas paritarias propuestas por los tres Poderes de la Uni\u00f3n.<\/p>\n<p><strong>\u00ac<\/strong> El Poder Ejecutivo propondr\u00e1 hasta 10 candidaturas;<\/p>\n<p><strong>\u00ac<\/strong> El Poder Legislativo propondr\u00e1 hasta 5 candidaturas por cada C\u00e1mara (Diputados y Senadores), por mayor\u00eda calificada;<\/p>\n<p><strong>\u00ac<\/strong> El Poder Judicial propondr\u00e1 hasta 10 candidaturas a trav\u00e9s del Pleno de la Suprema Corte, por mayor\u00eda de 6 votos. En el caso de los 1,633 Magistrados de Circuito y Jueces de Distrito, se elegir\u00e1n en cada uno de los 32 circuitos judiciales en las elecciones ordinarias, a partir de 6 candidaturas paritarias por cargo (2 por cada Poder de la Uni\u00f3n).<\/p>\n<p>SUSPENSIONES.<\/p>\n<p>Se proh\u00edbe otorgar suspensiones contra leyes con efectos generales en amparos, controversias constitucionales y acciones de inconstitucionalidad.<\/p>\n<p><strong>\u00ac<\/strong> Justicia expedita. Se establece un plazo m\u00e1ximo de 6 meses para la resoluci\u00f3n de asuntos fiscales, y de 1 a\u00f1o para asuntos penales. En caso de rebasar estos plazos, la autoridad judicial debe informarlo al Tribunal de Disciplina Judicial, que podr\u00e1 investigar y sancionar la demora.<\/p>\n<p><strong>\u00ac<\/strong> Justicia local. Los Poderes Judiciales de las entidades<\/p>\n<p>federativas deber\u00e1n establecer reglas para la elecci\u00f3n directa de sus magistrados y jueces, as\u00ed como \u00f3rganos de administraci\u00f3n y disciplina independientes.<\/p>\n<p><strong>\u00ac<\/strong> Fideicomisos del Poder Judicial. Una vez que concluyan los juicios pendientes, deber\u00e1n reintegrarse al Fondo de Pensiones para el Bienestar. Se respetan los derechos y prestaciones de los trabajadores<\/p>\n<p><strong>29.-<\/strong> Ofelia Jim\u00e9nez C\u00e1ceres.<\/p>\n<p><strong>32.-<\/strong> Irma Esteves.<\/p>\n<p><strong>33.-<\/strong> El impulso que se han agenciado los ministros para ganar m\u00e1s por el tiempo que han durado trabajando en la SCJN y es la cantidad de $3,731 pesos.<\/p>\n<p><strong>35.-<\/strong> Miroslava Imaz.<\/p>\n<p><strong>36.-<\/strong> Carina Barrera Cos\u00edo.<\/p>\n<p><strong>37.-<\/strong> Carta de la Baraja con la que los mexicanos comparan al presidente de M\u00e9xico Andr\u00e9s Manuel L\u00f3pez Obrador por haber dise\u00f1ado la Reforma al Poder Judicial, ya que por abusivos y corruptos han hecho fortunas dejando libres a delincuentes de cuello blanco.<\/p>\n<p><strong>38.-<\/strong> Pilar Xola.<\/p>\n<p><strong>39.-<\/strong> Jorge Armend\u00e1riz.<\/p>\n<p><strong>40.-<\/strong> Alma Vargas<\/p>\n<p><strong>42.-<\/strong> Rey Esperanza.<\/p>\n<p><strong>43.-<\/strong> Laura Carmona.<\/p>\n<p><strong>44.-<\/strong> Siglas de la Ley de Agua Nacionales.<\/p>\n<p><strong>46.-<\/strong> Isis Iris.<\/p>\n<p><strong>47.-<\/strong> Lorena Mart\u00ednez.<\/p>\n<p><strong>48.-<\/strong> Carta de la baraja con la que los mexicanos comparan a la presidenta electa Claudia Sheinbaum Pardo por apoyar la Reforma al Poder Judicial con todos sus objetivos y adem\u00e1s ella critica que la presidenta de la SCJN Norma Pi\u00f1a no se haya puesto de pie y se qued\u00f3 sentadita en su silla en un acto en donde asisti\u00f3 el Presidente de M\u00e9xico en una falta de respeto a su investidura. \u00bfY luego se preguntan por qu\u00e9 se quiere imponer una Reforma al Poder Judicial?<\/p>\n<p><strong>50.-<\/strong> Gilberto Indago.<\/p>\n<p><strong>51.-<\/strong> Odil\u00f3n Mandujano.<\/p>\n<p><strong>52.-<\/strong> Vicente Dur\u00e1n Nava.<\/p>\n<p><strong>54.-<\/strong> Edgar Alem\u00e1n.<\/p>\n<p><strong>55.-<\/strong> Ahora veremos lo que perciben los ministros y ministras de pago anual una cifra que espanta ya que son $48, 716 pesos adem\u00e1s de los ya recibido cada mes.<\/p>\n<p><strong>56.-<\/strong> \u00c1lvaro Ornelas.<\/p>\n<p><strong>57.-<\/strong> Susana Roel Cartilla.<\/p>\n<p><strong>58.-<\/strong> Alejandro Lomas.<\/p>\n<p><strong>59.-<\/strong> Genaro Yepes.<\/p>\n<p><strong>60.-<\/strong> Marina Elorza.<\/p>\n<p><strong>61.-<\/strong> Carlos Navarro.<\/p>\n<p><strong>62.-<\/strong> Ignacio Oropeza.<\/p>\n<p><strong>63.-<\/strong> Octavio D\u00edaz.<\/p>\n<p><strong>64.-<\/strong> Carta de la baraja con la que los ministros y ministras comparan a su presidenta Norma Pi\u00f1a porque los ampara con las fechor\u00edas que hacen dejando libres a los delincuentes de cuello blanco y dem\u00e1s delincuentes, a cambio quien sabe que\u2026<\/p>\n<p><strong>66.-<\/strong> Jes\u00fas Silva Herzog.<\/p>\n<p><strong>68.-<\/strong> Olivia Ram\u00edrez.<\/p>\n<p><strong>69.-<\/strong> Sergio Esparza.<\/p>\n<p><strong>70.-<\/strong> Carta de la baraja con la que los trabajadores del Poder Judicial comparan a sus jefes y hasta est\u00e1n provocando un para nacional de funciones en protesta por la Reforma del Poder Judicial que si lo llegan a consultar se dar\u00e1n cuenta que en la Reforma hay un apartado que dice: \u201cSe respetan los derechos y prestaciones de los trabajadores\u201d y ellos no perder\u00e1n ning\u00fan de sus derechos, ni antig\u00fcedad.<\/p>\n<p><strong>71.-<\/strong> Precisamente en todo el dinero que ganan aparte de sus negocios personales de los ministros y ministras de la SCJN se nota que son verdaderamente desmedidos.<\/p>\n<p><strong>80.-<\/strong> Imag\u00ednense tiene los ministros y ministras un seguro (invertido) de separaci\u00f3n individualizado por una cantidad de $43,397 que se los cargas cada mes.<\/p>\n<p><strong>82.-<\/strong> Ufemia Gonz\u00e1lez.<\/p>\n<p><strong>84.-<\/strong> Antonio Barrera.<\/p>\n<p><strong>85.-<\/strong> Silvia Abundis.<\/p>\n<p><strong>86.-<\/strong> Erick Barr\u00f3n.<\/p>\n<p><strong>87.-<\/strong> Ad\u00e1n Mora Olivo.<\/p>\n<p>&nbsp;<\/p>\n<h3 style=\"text-align: center;\">V E R T I C A L E S:<\/h3>\n<p>&nbsp;<\/p>\n<p><strong>1.-<\/strong> Iniciales de Daniel Serrano.<\/p>\n<p><strong>2.-<\/strong> Iniciales Esteban Esparza.<\/p>\n<p><strong>3.-<\/strong> Roberto Guerrero.<\/p>\n<p><strong>4.-<\/strong> Rub\u00e9n Uriarte.<\/p>\n<p><strong>5.-<\/strong> Olga Rosas.<\/p>\n<p><strong>6.-<\/strong> Carmen Olivo.<\/p>\n<p><strong>7.-<\/strong> Aurora Danae.<\/p>\n<p><strong>9.-<\/strong> Loreta Aceves Reza.<\/p>\n<p><strong>11.-<\/strong> Ofelia Serfin.<\/p>\n<p><strong>12.-<\/strong> Iniciales del ministro Alberto P\u00e9rez Day\u00e1n que naci\u00f3 en la Ciudad de M\u00e9xico y que tiene 63 a\u00f1os y lleva en la SCJN 11 a\u00f1os, 9 meses y fue nombrado por el expresidente panista Felipe Calder\u00f3n Hinojosa.<\/p>\n<p><strong>16.-<\/strong> Miren nada m\u00e1s hay una entrega \u2026 por riesgo a ministros y ministras de dinero mensual por un monto total de $53,326 pesos.<\/p>\n<p><strong>17.-<\/strong> Otro apoyo para ministros y ministras para unidades vehiculares blindadas por un monto de $250 mil pesos.<\/p>\n<p><strong>18.-<\/strong> Y para los ministros y ministras hay un pago (invertido) mensual de gastos en restaurantes por $60,307 pesos.<\/p>\n<p><strong>19.-<\/strong> Iniciales de la ministra Yasm\u00edn Esquivel Mossa que naci\u00f3 en la Ciudad de M\u00e9xico y lleva en la SCJN 5 a\u00f1os, 5 meses y 5 d\u00edas y fue nombrado por el presidente Andr\u00e9s Manuel L\u00f3pez Obrador.<\/p>\n<p><strong>24.-<\/strong> Fernando Esponja.<\/p>\n<p><strong>25.-<\/strong> Oscar Solares.<\/p>\n<p><strong>26.-<\/strong> Ren\u00e9 Tovar.<\/p>\n<p><strong>27.-<\/strong> Miguel Ibarra.<\/p>\n<p><strong>28.-<\/strong> Ana Mar.<\/p>\n<p><strong>30.-<\/strong> Iniciales del ministro Jorge Mario Pardo Rebolledo originario de Veracruz que tiene 63 a\u00f1os y lleva en la SCJN 13 a\u00f1os, 7 meses y fue ungido por el expresidente Felipe Calder\u00f3n Hinojosa.<\/p>\n<p><strong>31.-<\/strong> Todos los millones de mexicanos que votamos en la fecha reciente lo hicimos con la intenci\u00f3n de que se aprobar\u00e1 el plan que transformar\u00e1 el Poder Judicial.<\/p>\n<p><strong>34.-<\/strong> Loty Aurrera Mor\u00edn.<\/p>\n<p><strong>39.-<\/strong> Iniciales del ministro originario de la Ciudad de M\u00e9xico y tiene 74 a\u00f1os y lleva en la SCJN 5 a\u00f1os, 8 meses y fue aprobado por el presidente de M\u00e9xico Andr\u00e9s Manuel L\u00f3pez Obrador.<\/p>\n<p><strong>41.-<\/strong> Iniciales del expresidente que promovi\u00f3 el neoliberalismo mexicano vendiendo todas las empresas paraestatales del gobierno e inclusive reparti\u00f3 los bancos a sus amigos que nunca pagaron y su sucesor hizo de esa deuda una deuda externa para que fuera pagada por los mexicanos<\/p>\n<p><strong>45.-<\/strong> Iniciales de la ministra Ana Margarita R\u00edos Farjat que naci\u00f3 en la Ciudad de M\u00e9xico y tiene una edad de 60 a\u00f1os y lleva en la SCJN 4 a\u00f1os, 9 meses y fue nombrada por el expresidente Andr\u00e9s Manuel L\u00f3pez Obrador.<\/p>\n<p><strong>48.-<\/strong> Adri\u00e1n Dorantes.<\/p>\n<p><strong>49.-<\/strong> Sonia Oros.<\/p>\n<p><strong>53.-<\/strong> Iniciales de la ministra presidenta Norma Luc\u00eda Pi\u00f1a Hern\u00e1ndez que naci\u00f3 en la Ciudad de M\u00e9xico y tiene\u00a0\u00a0\u00a0\u00a0\u00a0\u00a0\u00a0\u00a0\u00a0\u00a0\u00a0 64 a\u00f1os de edad y lleva en la SCJN 8 a\u00f1os, 8 meses y 7 d\u00edas y fue nombrada por el expresidente Enrique Pe\u00f1a Nieto y ahora se sabe que su padrino fue el exgobernador de Hidalgo, Miguel \u00c1ngel Osorio Chong.<\/p>\n<p><strong>55.-<\/strong> Y digan ustedes si nos es una exageraci\u00f3n que en total el ingreso total mensual de cada ministro y ministra es de $792,258 seg\u00fan la fuente de Presidencia de la Rep\u00fablica.<\/p>\n<p><strong>60.-<\/strong> Iniciales invertidas del ministro Alfredo Guti\u00e9rrez Ortiz Mena originario de Morelos que tiene 54 a\u00f1os y lleva en la SCJN 11 a\u00f1os, 9 meses y fue nombrado por el ex presidente Felipe Calder\u00f3n Hinojosa.<\/p>\n<p><strong>65.-<\/strong> Silvia Barba.<\/p>\n<p><strong>66.-<\/strong> Iniciales del ministro Javier Laynez Potisek originario de Coahuila y tiene 65 a\u00f1os de edad y lleva en la SCJN 8 a\u00f1os, 9 meses y fue nombrado por el ex presidente Enrique Pe\u00f1a Nieto.<\/p>\n<p><strong>67.-<\/strong> Sergio Aldama.<\/p>\n<p><strong>72.-<\/strong> B\u00e1rbara Nava Bueno.<\/p>\n<p><strong>73.-<\/strong> Ultiminio Ortega.<\/p>\n<p><strong>74.-<\/strong> Soledad Irene Sol\u00eds.<\/p>\n<p><strong>75.-<\/strong> Irma Carrera Aceves.<\/p>\n<p><strong>76.-<\/strong> Vicente \u00c1lamos.<\/p>\n<p><strong>77.-<\/strong> Oth\u00f3n Reno.<\/p>\n<p><strong>78.-<\/strong> Sofia Altares.<\/p>\n<p><strong>79.-<\/strong> Iniciales del ministro Luis Mar\u00eda Aguilar Morales que naci\u00f3 en la Ciudad de M\u00e9xico y tiene 74 a\u00f1os de edad y lleva en la SCJN 14 a\u00f1os, 9 meses y fue nombrado por el expresidente Felipe Calder\u00f3n Hinojosa.<\/p>\n<p><strong>81.-<\/strong> Pablo Barreto.<\/p>\n<p><strong>83.-<\/strong> Iniciales invertidas de la ministra Lenia Batres Guadarrama que naci\u00f3 en la Ciudad de M\u00e9xico y tiene\u00a0\u00a0\u00a0\u00a0\u00a0 55 a\u00f1os y es la m\u00e1s nueva en la SCJN pues lleva 8 meses y 3 d\u00edas y fue designada por el presidente de la Rep\u00fablica Andr\u00e9s Manuel L\u00f3pez Obrador.<\/p>\n<p><strong>84.-<\/strong> Iniciales invertidas de la ministra Loretta Ortiz Ahlf que naci\u00f3 en la Ciudad de M\u00e9xico y lleva poco tiempo en la SCJN 2 a\u00f1os, 8 meses y 5 d\u00edas y fue designada por el presidente Andr\u00e9s Manuel L\u00f3pez Obrador.<\/p>\n<p><strong>88.-<\/strong> Mar\u00eda Ibarra.<\/p>\n<p><strong>89.-<\/strong> Carta de la baraja con la que los morenistas comparan a Mario Delgado que antes de dejar de liderar el partido dijo en voz franca ante todos sus militantes: \u201cS\u00ed a la Reforma al Poder Judicial\u201d.<\/p>\n<p><strong>90.-<\/strong> Ren\u00e9 Delgado.<\/p>\n<p>&nbsp;<\/p>\n<p><a href=\"https:\/\/www.diarioimagen.net\/?attachment_id=630887\" rel=\"attachment wp-att-630887\"><img loading=\"lazy\" decoding=\"async\" class=\"aligncenter size-full wp-image-630887\" src=\"https:\/\/www.diarioimagen.net\/wp-content\/uploads\/2024\/08\/Diapositiva2-3.jpg\" alt=\"\" width=\"460\" height=\"355\" srcset=\"https:\/\/www.diarioimagen.net\/wp-content\/uploads\/2024\/08\/Diapositiva2-3.jpg 460w, https:\/\/www.diarioimagen.net\/wp-content\/uploads\/2024\/08\/Diapositiva2-3-240x185.jpg 240w, https:\/\/www.diarioimagen.net\/wp-content\/uploads\/2024\/08\/Diapositiva2-3-350x270.jpg 350w\" sizes=\"auto, (max-width: 460px) 100vw, 460px\" \/><\/a><\/p>\n","protected":false},"excerpt":{"rendered":"<p><strong>1.-<\/strong> Los ministros de la Suprema Corte de Justicia de la Naci\u00f3n derrochan en suntuosos y prebendas millones de pesos a cargo del pueblo mexicano. Sustituye este concepto.<\/p>\n","protected":false},"author":3,"featured_media":630886,"comment_status":"open","ping_status":"open","sticky":false,"template":"","format":"standard","meta":{"_monsterinsights_skip_tracking":false,"_monsterinsights_sitenote_active":false,"_monsterinsights_sitenote_note":"","_monsterinsights_sitenote_category":0,"footnotes":""},"categories":[17],"tags":[93449,92654],"class_list":["post-630821","post","type-post","status-publish","format-standard","has-post-thumbnail","hentry","category-especiales","tag-deportigrama","tag-victor-manuel-jacome"],"_links":{"self":[{"href":"https:\/\/www.diarioimagen.net\/index.php?rest_route=\/wp\/v2\/posts\/630821","targetHints":{"allow":["GET"]}}],"collection":[{"href":"https:\/\/www.diarioimagen.net\/index.php?rest_route=\/wp\/v2\/posts"}],"about":[{"href":"https:\/\/www.diarioimagen.net\/index.php?rest_route=\/wp\/v2\/types\/post"}],"author":[{"embeddable":true,"href":"https:\/\/www.diarioimagen.net\/index.php?rest_route=\/wp\/v2\/users\/3"}],"replies":[{"embeddable":true,"href":"https:\/\/www.diarioimagen.net\/index.php?rest_route=%2Fwp%2Fv2%2Fcomments&post=630821"}],"version-history":[{"count":0,"href":"https:\/\/www.diarioimagen.net\/index.php?rest_route=\/wp\/v2\/posts\/630821\/revisions"}],"wp:featuredmedia":[{"embeddable":true,"href":"https:\/\/www.diarioimagen.net\/index.php?rest_route=\/wp\/v2\/media\/630886"}],"wp:attachment":[{"href":"https:\/\/www.diarioimagen.net\/index.php?rest_route=%2Fwp%2Fv2%2Fmedia&parent=630821"}],"wp:term":[{"taxonomy":"category","embeddable":true,"href":"https:\/\/www.diarioimagen.net\/index.php?rest_route=%2Fwp%2Fv2%2Fcategories&post=630821"},{"taxonomy":"post_tag","embeddable":true,"href":"https:\/\/www.diarioimagen.net\/index.php?rest_route=%2Fwp%2Fv2%2Ftags&post=630821"}],"curies":[{"name":"wp","href":"https:\/\/api.w.org\/{rel}","templated":true}]}}