{"id":630935,"date":"2024-08-26T00:01:21","date_gmt":"2024-08-26T06:01:21","guid":{"rendered":"https:\/\/www.diarioimagen.net\/?p=630935"},"modified":"2024-08-29T02:51:53","modified_gmt":"2024-08-29T08:51:53","slug":"imperio-del-narco-controla-frontera-chiapas-guatemala","status":"publish","type":"post","link":"https:\/\/www.diarioimagen.net\/?p=630935","title":{"rendered":"Imperio del narco controla frontera Chiapas-Guatemala"},"content":{"rendered":"<p>&nbsp;<\/p>\n<h2 style=\"text-align: center;\">Ruta clave para trasiego de drogas y armas<\/h2>\n<p><em>\u00a0<\/em><\/p>\n<ul>\n<li><strong><em>En la regi\u00f3n, militares han sido blanco de ataques a balazos y con drones<\/em><\/strong><\/li>\n<\/ul>\n<p>&nbsp;<\/p>\n<div id=\"attachment_631009\" style=\"width: 470px\" class=\"wp-caption aligncenter\"><a href=\"https:\/\/www.diarioimagen.net\/?attachment_id=631009\" rel=\"attachment wp-att-631009\"><img loading=\"lazy\" decoding=\"async\" aria-describedby=\"caption-attachment-631009\" class=\"size-full wp-image-631009\" src=\"https:\/\/www.diarioimagen.net\/wp-content\/uploads\/2024\/08\/imperio-del-narco.jpg\" alt=\"\" width=\"460\" height=\"270\" srcset=\"https:\/\/www.diarioimagen.net\/wp-content\/uploads\/2024\/08\/imperio-del-narco.jpg 460w, https:\/\/www.diarioimagen.net\/wp-content\/uploads\/2024\/08\/imperio-del-narco-240x141.jpg 240w\" sizes=\"auto, (max-width: 460px) 100vw, 460px\" \/><\/a><p id=\"caption-attachment-631009\" class=\"wp-caption-text\">Integrantes de grupos delictivos se disputan desde hace varios meses la zona lim\u00edtrofe entre Chiapas y Guatemala, territorio clave para el trasiego de droga y armas.<\/p><\/div>\n<p>&nbsp;<\/p>\n<p>Varias comunidades de la frontera de Chiapas con Guatemala est\u00e1n convertidas en pueblos fantasmas, mientras que en otras hay compras de p\u00e1nico de comida y gasolina, tambi\u00e9n comercios cerrados, ante la disputa de la zona lim\u00edtrofe por parte de grupos criminales.<\/p>\n<p>As\u00ed, mientras que familias huyen en caravanas hacia el pa\u00eds vecino, poblaciones enteras son amenazadas por los delincuentes para colaborar en bloqueos que impidan el paso de fuerzas federales, que han sido blancos de ataques a balazos y con drones.<\/p>\n<p>Uno de los puntos cr\u00edticos en esta regi\u00f3n es Chicomuselo, escenario de confrontaciones entre miembros del \u201cC\u00e1rtel de Chiapas y Guatemala\u201d, integrado por desertores del C\u00e1rtel Jalisco Nueva Generaci\u00f3n (CJNG), y el C\u00e1rtel de Sinaloa, que desde hace unos meses busca quitarles el control.<\/p>\n<p>Al menos otros cuatro municipios, \u00c1ngel Albino Corzo (Jaltenango), Motozintla, Frontera Comalapa y Amatenango, est\u00e1n a merced del narco y la violencia se extendi\u00f3 a El Porvenir, Comalapa, Mazapa de Madero, Bejucal, La Grandeza, Bellavista, Siltepec y La Concordia.<\/p>\n<p>En medio de las balaceras, habitantes hicieron compras de p\u00e1nico de gasolina, la cual fue limitada por los propios criminales para evitar el desplazamiento de pobladores, aunque algunos alcanzaron a huir para buscar llegar en caravana a Tuxtla Guti\u00e9rrez, a trav\u00e9s de La Concordia o de Comit\u00e1n.<\/p>\n<p>Fuentes de seguridad aseguraron que ese c\u00e1rtel pretende defender Chicomuselo -su supuesto basti\u00f3n- de la intrusi\u00f3n de otros grupos para el control de las mineras ah\u00ed establecidas, que pagan cuotas semanales para liberar la carga hasta La Concordia.<\/p>\n<p>La violencia desatada en la zona serrana de Chiapas incluye 137 desaparecidos en los \u00faltimos dos meses.<\/p>\n<p style=\"text-align: center;\"><strong>Desapariciones recrudecen violencia<\/strong><\/p>\n<p>La violencia desatada en la zona serrana de Chiapas llev\u00f3 a un recrudecimiento de desapariciones de personas en los \u00faltimos d\u00edas.<\/p>\n<p>Apenas la semana pasada, cinco familiares de Mario Rold\u00e1n Roblero, identificado como integrante del Consejo Central de Lucha de la Coordinadora Nacional de Trabajadores de la Educaci\u00f3n (CNTE), fueron reportados como desaparecidos en el municipio de Comit\u00e1n, luego que salieron de Frontera Comalapa para asistir a una audiencia judicial.<\/p>\n<p>De acuerdo con la Secci\u00f3n VII de la CNTE, las personas desaparecidas son Osiel Roblero L\u00f3pez, Erick Alexander L\u00f3pez Roblero, Sandra Luz Roblero L\u00f3pez, Muriel Ernesto G\u00f3mez y Manolo Coronel.<\/p>\n<p>Otro joven de 14 a\u00f1os fue reportado como desaparecido el martes en Comalapa, donde acudi\u00f3 al mercado, procedente de una comunidad cercana para adquirir calzado.<\/p>\n<p>Una pareja que viajaba en un auto Jetta color gris tambi\u00e9n desapareci\u00f3 en el trayecto de Comalapa a Comit\u00e1n.<\/p>\n<p>Seg\u00fan los reportes oficiales, Ana Lilia Samayoa Calder\u00f3n y Jos\u00e9 Manuel V\u00e1zquez Moreno perdieron comunicaci\u00f3n con sus familiares el 15 de agosto en esa carretera, asolada por criminales.<\/p>\n<p>S\u00f3lo en lo que va de agosto, la Comisi\u00f3n Nacional de B\u00fasqueda registra 25 personas desaparecidas en distintos municipios de Chiapas, mientras fuentes locales contabilizaron 137 casos en los \u00faltimos dos meses, la mayor\u00eda en el corredor que va de Tapachula a la capital Tuxtla Guti\u00e9rrez.<\/p>\n<p>En tanto, el Centro de Derechos Humanos Fray Bartolom\u00e9 de las Casas alert\u00f3 que las comunidades desplazadas de manera forzosa por la violencia no son un esc\u00e1ndalo de las organizaciones y los movimientos.<\/p>\n<p>\u201cA partir de diversos informes, se han documentado la vergonzosa cifra de 21 mil ind\u00edgenas desplazados en Chiapas en los \u00faltimos dos a\u00f1os y el asesinato de 176 personas defensoras durante este sexenio\u201d, se\u00f1al\u00f3.<\/p>\n<p>La organizaci\u00f3n denunci\u00f3 adem\u00e1s el reclutamiento de j\u00f3venes por el crimen organizado, la violencia generada en el \u00faltimo proceso electoral y la criminalizaci\u00f3n contra integrantes del movimiento social.<\/p>\n<p>\u201cLa negligencia de Gobiernos estatales y federales y la impunidad han sido la normalizaci\u00f3n de la violencia, la contaminaci\u00f3n irreversible del medio ambiente, una crisis profunda del agua en la regi\u00f3n sureste, la p\u00e9rdida de la flora y la fauna, y el control territorial por parte de empresas y crimen organizado\u201d.<\/p>\n<p style=\"text-align: center;\"><strong>Ind\u00edgenas desplazados piden ayuda al gobierno federal<\/strong><\/p>\n<p>M\u00e1s de 200 ind\u00edgenas, v\u00edctimas de desplazamiento forzado por la violencia y la inseguridad provocadas por la disputa de c\u00e1rteles en la frontera de M\u00e9xico con Guatemala, demandaron ayuda al presidente, Andr\u00e9s Manuel L\u00f3pez Obrador, y a la presidenta electa, Claudia Sheinbaum, con el prop\u00f3sito de esta petici\u00f3n es recuperar sus bienes, casas, tierras y la paz de sus comunidades que, dijeron, se perdi\u00f3 desde 2021.<\/p>\n<p>Artemio, un ind\u00edgena desplazado de la etnia mam, relat\u00f3 las amenazas e intimidaci\u00f3n que han sufrido por parte de los grupos armados, as\u00ed como la preocupaci\u00f3n que lo embarga ante la violencia y el despojo de sus pertenencias y p\u00e9rdidas de cosechas.<\/p>\n<p>\u201cVenimos a buscar (ayuda), vimos que vienen autoridades desde Ciudad de M\u00e9xico, por eso nos acercamos, para que nuestro Gobierno nos pueda brindar seguridad\u201d, expres\u00f3 Artemio, de 70 a\u00f1os.<\/p>\n<p>Sumergido en la angustia, la incertidumbre y la tristeza, el hombre se pregunt\u00f3: \u201c\u00bfQu\u00e9 va a pasar con aquellos habitantes a los que les quemaron su casa, qu\u00e9 va a pasar si un d\u00eda van a regresar, d\u00f3nde van a vivir, con qu\u00e9 van a empezar? Es algo triste para nosotros, por eso solicitamos la verdadera ayuda\u201d.<\/p>\n<p>La ayuda se soliciut\u00f3 por parte de los ind\u00edgenas luego de acudir a las primeras consultas de salud y programas sociales que implement\u00f3 el Gobierno federal en el municipio de Amatenango de la Frontera, localidad donde el C\u00e1rtel de Sinaloa y la agrupaci\u00f3n del ma\u00edz, brazo ejecutor del Cartel Jalisco Nueva Generaci\u00f3n se disputan el territorio.<\/p>\n<p>Omar de Lass\u00e9, titular de la Unidad de Atenci\u00f3n a Organizaciones Sociales de la Secretar\u00eda de Gobernaci\u00f3n (Interior), detall\u00f3 que estas jornadas buscan \u201cgenerar las condiciones de atenci\u00f3n en Amatenango de la Frontera y un despliegue de funcionarios y servicios de salud para lograr el retorno de las familias que se encuentran en otros municipios\u201d.<\/p>\n<p style=\"text-align: center;\"><strong>No hay condiciones para el retorno de civiles<\/strong><\/p>\n<p>No obstante que el gobierno de M\u00e9xico ha intentado propiciar las condiciones de retorno seguro, los desplazados afirman que \u201cno hay condiciones pues los ataques eran entre ellos (criminales) y hoy ya son contra la poblaci\u00f3n civil\u201d.<\/p>\n<p>Clara, una mujer desplazada forzada, tambi\u00e9n ind\u00edgena de la etnia mam relat\u00f3 a medios lo dif\u00edcil que es vivir con el temor y la zozobra de un posible ataque armado.<\/p>\n<p>\u201cEntr\u00f3 un grupo de gente criminal, ellos entraron y nosotros tuvimos que salir, ya no es habitable el lugar donde viv\u00edamos porque saquearon casas, quemaron nuestras viviendas, ese d\u00eda hubo una persona desaparecida, una mujer\u201d, dijo Clara, desplazada de la comunidad de Bejucal del Campo .<\/p>\n<p>Tambi\u00e9n se despleg\u00f3 un cintur\u00f3n de seguridad con agentes del Ej\u00e9rcito Mexicano y la Polic\u00eda Estatal, quienes se distribuyeron en cuatro puntos distintos de la carretera Sierra Fronteriza que colinda con Guatemala para intentar inhibir m\u00e1s ataques.<\/p>\n<p>Sobre la carretera se logr\u00f3 observar que el transporte p\u00fablico poco a poco ha retomado sus actividades en esta zona, considerada como roja por los ataques a pobladores, ejecuciones y desapariciones forzadas.<\/p>\n<p>Mientras que en Amatenango de la Frontera y Mazapa de Madero existe un ambiente tenso, debido a lo desolado de las comunidades. En algunas casas, las ventanas se encontraban abiertas y los pocos habitantes que quedaron se asomaban con miedo o precauci\u00f3n ante la llegada de las fuerzas federales y las unidades m\u00e9dicas.<\/p>\n","protected":false},"excerpt":{"rendered":"<p>Varias comunidades de la frontera de Chiapas con Guatemala est\u00e1n convertidas en\u00a0pueblos\u00a0fantasmas,\u00a0mientras que en otras hay compras de p\u00e1nico de comida y gasolina, tambi\u00e9n comercios cerrados, ante la disputa de la zona lim\u00edtrofe por parte de grupos criminales.<\/p>\n","protected":false},"author":3,"featured_media":631009,"comment_status":"open","ping_status":"open","sticky":false,"template":"","format":"standard","meta":{"_monsterinsights_skip_tracking":false,"_monsterinsights_sitenote_active":false,"_monsterinsights_sitenote_note":"","_monsterinsights_sitenote_category":0,"footnotes":""},"categories":[17,7],"tags":[79527,100670,5075,1220,43677],"class_list":["post-630935","post","type-post","status-publish","format-standard","has-post-thumbnail","hentry","category-especiales","category-seguridad","tag-contro","tag-frontera-chiapas","tag-guatemala","tag-narco","tag-seguridad"],"_links":{"self":[{"href":"https:\/\/www.diarioimagen.net\/index.php?rest_route=\/wp\/v2\/posts\/630935","targetHints":{"allow":["GET"]}}],"collection":[{"href":"https:\/\/www.diarioimagen.net\/index.php?rest_route=\/wp\/v2\/posts"}],"about":[{"href":"https:\/\/www.diarioimagen.net\/index.php?rest_route=\/wp\/v2\/types\/post"}],"author":[{"embeddable":true,"href":"https:\/\/www.diarioimagen.net\/index.php?rest_route=\/wp\/v2\/users\/3"}],"replies":[{"embeddable":true,"href":"https:\/\/www.diarioimagen.net\/index.php?rest_route=%2Fwp%2Fv2%2Fcomments&post=630935"}],"version-history":[{"count":0,"href":"https:\/\/www.diarioimagen.net\/index.php?rest_route=\/wp\/v2\/posts\/630935\/revisions"}],"wp:featuredmedia":[{"embeddable":true,"href":"https:\/\/www.diarioimagen.net\/index.php?rest_route=\/wp\/v2\/media\/631009"}],"wp:attachment":[{"href":"https:\/\/www.diarioimagen.net\/index.php?rest_route=%2Fwp%2Fv2%2Fmedia&parent=630935"}],"wp:term":[{"taxonomy":"category","embeddable":true,"href":"https:\/\/www.diarioimagen.net\/index.php?rest_route=%2Fwp%2Fv2%2Fcategories&post=630935"},{"taxonomy":"post_tag","embeddable":true,"href":"https:\/\/www.diarioimagen.net\/index.php?rest_route=%2Fwp%2Fv2%2Ftags&post=630935"}],"curies":[{"name":"wp","href":"https:\/\/api.w.org\/{rel}","templated":true}]}}